{"id":106361,"date":"2017-06-13T18:50:38","date_gmt":"2017-06-13T16:50:38","guid":{"rendered":"http:\/\/www.brundisium.net\/?p=106361"},"modified":"2017-06-13T17:55:02","modified_gmt":"2017-06-13T15:55:02","slug":"conclusa-la-stagione-invernale-della-scuola-tennis-del-tc-fasano","status":"publish","type":"post","link":"https:\/\/www.brundisium.net\/index.php\/conclusa-la-stagione-invernale-della-scuola-tennis-del-tc-fasano\/","title":{"rendered":"Conclusa la stagione invernale della scuola tennis del TC Fasano"},"content":{"rendered":"<p><a href=\"http:\/\/www.brundisium.net\/brun\/wp-content\/uploads\/2017\/06\/tc-fasano.jpg\"><img loading=\"lazy\" decoding=\"async\" class=\"alignleft size-medium wp-image-106362\" src=\"http:\/\/www.brundisium.net\/brun\/wp-content\/uploads\/2017\/06\/tc-fasano-300x225.jpg\" alt=\"\" width=\"300\" height=\"225\" srcset=\"https:\/\/www.brundisium.net\/brun\/wp-content\/uploads\/2017\/06\/tc-fasano-300x225.jpg 300w, https:\/\/www.brundisium.net\/brun\/wp-content\/uploads\/2017\/06\/tc-fasano-768x576.jpg 768w, https:\/\/www.brundisium.net\/brun\/wp-content\/uploads\/2017\/06\/tc-fasano-1024x768.jpg 1024w, https:\/\/www.brundisium.net\/brun\/wp-content\/uploads\/2017\/06\/tc-fasano.jpg 1280w\" sizes=\"auto, (max-width: 300px) 100vw, 300px\" \/><\/a>Domenica 4 Giugno, a cornice della premiazione del Torneo Nazionale di IV Categoria, si \u00e8 tenuta presso i campi del circolo silvano la cerimonia di chiusura dell\u2019attivit\u00e0 didattica della scuola tennis del TC Fasano, al quale hanno partecipato in un clima meraviglioso bambini, ragazzi, soci, genitori maestri e corsisti adulti, tutti accomunati dalla passione smisurata verso il tennis.<\/p>\n<p>&nbsp;<\/p>\n<p>La serata \u00e8 stata aperta dal direttore tecnico del TC Fasano, il maestro nazionale Romano Iacovazzi , che ha riepilogato i risultati di rilievo ottenuti dai giovani atleti del circolo, sia nei tornei individuali che nei campionati a squadre. Su tutti, spicca il titolo regionale conquistato nel campionato promo del Fit Junior Program con la squadra della \u201ccategoria Red\u201d, composta da Alessandro Stella, Davide Ciani e David Navarro. A livello individuale invece, una menzione di merito \u00e8 andata a Olga Di Bari per gli ottimi risultati conseguiti nell&#8217;arco della stagione, che raggiunger\u00e0 il suo apice con il master nazionale del circuito Kinder che si terr\u00e0 a Roma ed al quale parteciper\u00e0 anche Chiara Capurso.<\/p>\n<p>&nbsp;<\/p>\n<p>Il maestro Iacovazzi si \u00e8 soffermato anche sugli obiettivi perseguiti da tutti gli allievi della scuola tennis nell\u2019area tecnica, tattica, fisica e mentale, evidenziando, a tal proposito, come sia fondamentale che genitori e maestri insegnino ai propri ragazzi la &#8221; cultura della sconfitta\u201d, utile a migliorarsi costantemente tramite l\u2019analisi degli errori.<\/p>\n<p>&nbsp;<\/p>\n<p>L\u2019impegno di tutto il direttivo del TC Fasano a considerare come prioritaria la crescita della scuola tennis \u00e8 stato rinnovato poi dall\u2019intervento del presidente del sodalizio Saulle Muzzupappa, che tra le altre cose ha comunicato la decisione di affiancare al maestro Iacovazzi nuove figure professionali ad iniziare dal maestro nazionale Roberto D&#8217;Adamo, di voler calmierare i costi che devono affrontare le famiglie, e di perseguire nell\u2019investire nella struttura con la copertura di un secondo campo, cosa che consentir\u00e0 di dare continuit\u00e0 e qualit\u00e0 agli allenamenti.<\/p>\n<p>&nbsp;<\/p>\n<p>Ringraziati i collaboratori che hanno seguito quest\u2019anno la scuola tennis, Rocco D\u2019Auria, Luigi Sarcinella, Antonella Convertino e Rossella Ostuni, la serata si \u00e8 infine conclusa con la consegna degli attestati di partecipazione e con la premiazione dei bambini, dei ragazzi e dei corsisti adulti.<\/p>\n<p>&nbsp;<\/p>\n<p>Calato il sipario sulle attivit\u00e0 invernali sono gi\u00e0 in procinto di avviarsi le iniziative estive: dal 12 Giugno al 6 Agosto , nelle ore mattutine, ci sar\u00e0 il Camp Estivo Selva di Fasano per bambini e ragazzi dai 3 ai 14 anni, mentre dal 26 Giugno fino al 4 Agosto si svolgeranno i corsi di tennis pomeridiani e serali per bambini ed adulti, per ogni livello di gioco, dal minitennis all\u2019agonistica . Infine non mancheranno, a conclusione dei corsi, il torneo \u201cGiallo\u201d, il torneo \u201cBaby Giallo\u201d e il torneo Family, con il TC Fasano che si conferma dunque sempre di pi\u00f9 il punto di riferimento dell\u2019estate sportiva nel territorio della collina fasanese.<\/p>\n<p>UFFICIO STAMPA<\/p>\n","protected":false},"excerpt":{"rendered":"<p>Domenica 4 Giugno, a cornice della premiazione del Torneo Nazionale di IV Categoria, si \u00e8 tenuta presso i campi del circolo silvano la cerimonia di chiusura dell\u2019attivit\u00e0 didattica della scuola tennis del TC Fasano, al quale hanno partecipato in un clima meraviglioso bambini, ragazzi, soci, genitori maestri e corsisti adulti, tutti accomunati dalla passione smisurata verso il tennis. &nbsp; La serata \u00e8 stata aperta dal direttore tecnico del TC Fasano, il maestro nazionale Romano Iacovazzi , che ha riepilogato i risultati di rilievo ottenuti dai giovani atleti del circolo, sia nei tornei individuali che nei campionati a squadre. Su tutti, spicca il titolo regionale conquistato nel campionato promo del Fit Junior Program con la squadra della \u201ccategoria Red\u201d, composta da Alessandro Stella, Davide Ciani e David Navarro. A livello individuale invece, una menzione di merito \u00e8 andata a Olga Di Bari per gli ottimi risultati conseguiti nell&#8217;arco della stagione, che raggiunger\u00e0 il suo apice con il master nazionale del circuito Kinder che si terr\u00e0 a Roma ed al quale parteciper\u00e0&#8230;<\/p>\n","protected":false},"author":2,"featured_media":106362,"comment_status":"open","ping_status":"closed","sticky":false,"template":"","format":"standard","meta":{"footnotes":""},"categories":[7],"tags":[3366],"class_list":["post-106361","post","type-post","status-publish","format-standard","has-post-thumbnail","hentry","category-news","tag-tc-fasano"],"_links":{"self":[{"href":"https:\/\/www.brundisium.net\/index.php\/wp-json\/wp\/v2\/posts\/106361","targetHints":{"allow":["GET"]}}],"collection":[{"href":"https:\/\/www.brundisium.net\/index.php\/wp-json\/wp\/v2\/posts"}],"about":[{"href":"https:\/\/www.brundisium.net\/index.php\/wp-json\/wp\/v2\/types\/post"}],"author":[{"embeddable":true,"href":"https:\/\/www.brundisium.net\/index.php\/wp-json\/wp\/v2\/users\/2"}],"replies":[{"embeddable":true,"href":"https:\/\/www.brundisium.net\/index.php\/wp-json\/wp\/v2\/comments?post=106361"}],"version-history":[{"count":1,"href":"https:\/\/www.brundisium.net\/index.php\/wp-json\/wp\/v2\/posts\/106361\/revisions"}],"predecessor-version":[{"id":106363,"href":"https:\/\/www.brundisium.net\/index.php\/wp-json\/wp\/v2\/posts\/106361\/revisions\/106363"}],"wp:featuredmedia":[{"embeddable":true,"href":"https:\/\/www.brundisium.net\/index.php\/wp-json\/wp\/v2\/media\/106362"}],"wp:attachment":[{"href":"https:\/\/www.brundisium.net\/index.php\/wp-json\/wp\/v2\/media?parent=106361"}],"wp:term":[{"taxonomy":"category","embeddable":true,"href":"https:\/\/www.brundisium.net\/index.php\/wp-json\/wp\/v2\/categories?post=106361"},{"taxonomy":"post_tag","embeddable":true,"href":"https:\/\/www.brundisium.net\/index.php\/wp-json\/wp\/v2\/tags?post=106361"}],"curies":[{"name":"wp","href":"https:\/\/api.w.org\/{rel}","templated":true}]}}