{"id":106387,"date":"2017-06-13T21:38:42","date_gmt":"2017-06-13T19:38:42","guid":{"rendered":"http:\/\/www.brundisium.net\/?p=106387"},"modified":"2017-06-13T19:45:26","modified_gmt":"2017-06-13T17:45:26","slug":"selva-in-festival-oltre-60-appuntamenti-fra-luglio-e-settembre-a-selva-di-fasano","status":"publish","type":"post","link":"https:\/\/www.brundisium.net\/index.php\/selva-in-festival-oltre-60-appuntamenti-fra-luglio-e-settembre-a-selva-di-fasano\/","title":{"rendered":"Selva In Festival: oltre 60 appuntamenti fra luglio e settembre a Selva di Fasano"},"content":{"rendered":"<p><a href=\"http:\/\/www.brundisium.net\/brun\/wp-content\/uploads\/2017\/06\/selva-in-festival.jpg\"><img loading=\"lazy\" decoding=\"async\" class=\"alignleft size-medium wp-image-106389\" src=\"http:\/\/www.brundisium.net\/brun\/wp-content\/uploads\/2017\/06\/selva-in-festival-169x300.jpg\" alt=\"\" width=\"169\" height=\"300\" srcset=\"https:\/\/www.brundisium.net\/brun\/wp-content\/uploads\/2017\/06\/selva-in-festival-169x300.jpg 169w, https:\/\/www.brundisium.net\/brun\/wp-content\/uploads\/2017\/06\/selva-in-festival.jpg 540w\" sizes=\"auto, (max-width: 169px) 100vw, 169px\" \/><\/a>\u201cSelva In Festival. Culture-Arti-Paesaggi\u201d \u00e8 il cartellone di appuntamenti e manifestazioni (oltre una sessantina) tra presentazioni di libri con saggisti, scrittori e giornalisti, mostre d\u2019arte, musica, teatro, spettacolo, animazione per bambini, escursioni, presentato nel tardo pomeriggio di oggi in conferenza stampa nella Sala di rappresentanza del Palazzo municipale, a Fasano.<\/p>\n<p>&nbsp;<\/p>\n<p>&nbsp;<\/p>\n<p>Il ricco e variegato programma \u00e8 stato voluto dall\u2019Amministrazione comunale e si terr\u00e0 sulle colline della Selva di Fasano tra le varie e suggestive location, dal Minareto alla Casina municipale, dal Palazzo dei congressi al gazebo del \u201cSierra Silvana\u201d, dalla chiesa Trullo del Signore a Villa Ciccolella nei mesi di luglio, agosto e settembre, con un\u2019anticipazione sul finire di giugno, il 25 al Minareto alle ore 19 con il Coro Giovanile Pugliese ArcoPu.<\/p>\n<p>&nbsp;<\/p>\n<p>&nbsp;<\/p>\n<p>Messo a punto in collaborazione col Teatro Pubblico Pugliese (Tpp) e con le associazioni del territorio \u201cAmici di Ernest Verner\u201d, \u201cFAI \u2013 Delegazione di Brindisi\u201d, \u201cLe Nove Muse\u201d, \u201cParco Regionale Dune Costiere\u201d, \u201cPresidio del Libro\u201d, \u201cPro Selva\u201d, circolo della stampa \u201cSecondo Adamo Nardelli\u201d, parrocchia Maria SS. Addolorata &#8211; Trullo del Signore, \u201cEgnazia Corse\u201d, alla conferenza stampa sono intervenuti Carmelo Grassi, presidente del Tpp, che ha sottolineato \u00abl\u2019antica e proficua collaborazione col Comune di Fasano. Questo festival \u2013 ha detto \u2013 \u00e8 di alto livello, considerate le risorse messe a disposizione, con spettacoli di caratura nazionale, internazionale, oltre che mirati a valorizzare talenti locali e pugliesi. Elargire fondi alla cultura significa investire e bene fa il Comune di Fasano a promuovere queste iniziative che sempre meno Comuni sono disposti a sostenere\u00bb. Francesco Zaccaria, sindaco di Fasano, ha voluto ringraziare tutte le associazioni che hanno collaborato alla predisposizione del cartellone, annunciando che \u00abl\u2019Amministrazione comunale ha candidato a bandi regionali, per accedere a specifici finanziamenti, due rassegne importanti sulle quali puntare il nostro impegno nel settore della cultura, \u201cSelva In Festival\u201d ed il \u201cFestival della Scienza\u201d: speriamo che le nostre progettualit\u00e0 vengano accolte\u00bb. \u00c8 toccato, poi, a Vito Bianchi, scrittore-archeologo e attuale consigliere comunale di Fasano che, del Festival, \u00e8 ideatore nonch\u00e9 coordinatore artistico, ringraziare tutti coloro che hanno collaborato alla predisposizione del cartellone ed al disbrigo delle pratiche burocratiche necessarie alla tenuta della rassegna silvana, dai dipendenti comunali dei vari settori alle associazioni del territorio, passando per lo stesso Tpp e l\u2019istituto d\u2019istruzione secondaria superiore \u201cGaetano Salvemini\u201d diretto da Rosanna Cirasino che, con due team di studenti, ha realizzato il logo della rassegna simboleggiante le peculiarit\u00e0 silvane (dall\u2019animaletto geco alle colline, dal Minareto ai trulli, guidati dal prof. Gianluca Greco e l\u2019App del festival per i dispositivi Android, guidati dal prof. Paolo Nappo. Bianchi ha, inoltre, illustrato nei dettagli il cartellone che \u00e8, comunque, ancora, in work in progress e che \u00abmira a valorizzare e rilanciare la Selva di Fasano come luogo di eleganza ed a coinvolgere tutti, adulti e bambini\u00bb.<\/p>\n<p>&nbsp;<\/p>\n<p>&nbsp;<\/p>\n<p>IL PROGRAMMA<\/p>\n<p>&nbsp;<\/p>\n<p>Al Minareto la sezione del cartellone \u201cTramonti\u201d si terr\u00e0 alle ore 19.30: 22 luglio \u201cUn canto per la Siria\u201d col sassofonista Roberto Ottaviano ed altri; 29 luglio \u201cSangue nostro. I martiri d\u2019Otranto\u201d, spettacolo teatrale di Salvatore Arena con l\u2019attore narrante Massimo Zaccaria; 5 agosto \u201cSguardi e respiri\u201d, reading di poesie di Natalizia Pinto; 12 agosto \u201cBl\u00f9Kaleidoscope\u201d trio (sax, arpa classica e percussioni); 19 agosto Carolina Bubbico (pianista, cantante, compositrice jazz), 26 agosto \u201cQuatara\u201d, gruppo di etno-music; 2 settembre \u201cUn Nido per la tua voce\u201d, band che proporr\u00e0 musica su poesie di R. Tagore; 9 settembre \u201cWamboo \u2013 P\u201d, sonorit\u00e0 mediterranee e orientali; un\u2019ora prima di ogni performance, il \u201cFAI\u201d con l\u2019arch. Beniamino Attoma Pepe guider\u00e0 il pubblico alla visita del Minareto, mentre tutti gli spettacoli saranno ad ingresso libero.<\/p>\n<p>&nbsp;<\/p>\n<p>&nbsp;<\/p>\n<p>Altre date del cartellone si riferiscono alla sezione \u201cSotto un cielo di stelle\u201d con Hindi Zahra, cantante e attrice marocchina naturalizzata francese che si esibir\u00e0 l\u20198 luglio nella Casina municipale alle 21.30; Harold Lopez Nussa, pianista cubano il 18 luglio al Minareto alle ore 21.30; \u201cRodada di Morna\u201d, musica di Capo Verde il 23 luglio al Minareto alle 21.30; \u201cKenny Garrett Quintet\u201d il 4 agosto al Minareto alle ore 21.30; Oreste Castagna (Rai Yo-yo) per \u201cAgri-Teatro \u2013 i racconti della terra: l\u2019olio\u201d il 3 settembre nella Casina municipale alle ore 21.30. Tutti questi spettacoli saranno a pagamento ma con un prezzo del biglietto praticamente simbolico.<\/p>\n<p>&nbsp;<\/p>\n<p>&nbsp;<\/p>\n<p>Altra sezione del cartellone \u201cPassaggi di tempo\u201d con presentazioni di libri con Maurizio Pallante, \u201cSolo una decrescita felice\u201d, nel gazebo del \u201cSierra Silvana\u201d alle ore 19 del 7 luglio; Zino Mastro, \u201cFasano-Selva\u2026 la storia continua. Una leggenda sportiva, 2007-2017\u201d alle ore 20.30 nella Casina municipale il 14 luglio; Alberto Negri, \u201cIl musulmano errante\u201d alle ore 19 al Minareto il 21 luglio; Emilio Casalini, &#8220;Rifondata sulla bellezza&#8221;, al \u201cClub Amici della Selva\u201d alle ore 20.30 il 28 luglio; Sonia Raule, \u201cL\u2019amante alchimista\u201d, nel gazebo del \u201cSierra Silvana\u201d alle ore 19 del 6 agosto; Fabrizio Maltinti, &#8220;L&#8217;eredit\u00e0 del Profeta &#8211; da Maometto all&#8217;Isis le colpe dell&#8217;Occidente&#8221; alle ore 19 al Minareto l\u20198 agosto; Ferdinando Boero, \u201cEcologia della bellezza\u201d alle ore 19 al Minareto l\u201911 agosto; Angela Taraborrelli, \u201cMigrazione e integrazione\u201d alle ore 19 al Minareto il 18 agosto; Ilaria Morali, \u201cLa storia \u00e8 ancora maestra di vita?\u201d alle ore 19 al Minareto il 25 agosto; a cura di Vito Antonio Leuzzi, \u201cSaccoVanzetti\u201d alle ore 19 al Minareto il 1\u00b0 settembre; Donato Zoppo, \u201cCaution Radiation Area. Alle fonti della musica radioattiva\u201d alle ore 19 al Minareto l\u20198 settembre; \u201cL\u2019amico degli animali\u201d, in ricordo di Angelo Lombardi, alle ore 19 nella Casina municipale il 14 settembre; Valerio D\u2019Onofrio, \u201cI 101 racconti di Canterbury\u201d alle ore 19 al Minareto il 15 settembre. Altra sezione del cartellone \u00e8 \u201cProgetto Jobel Musica d\u2019Organo\u201d alle ore 21 nella chiesa Trullo del Signore con Simone Vebber il 9 luglio; Tina Christensen il 25 luglio; Robert Scheingraber l\u20198 agosto; Daniele Parussini il 22 agosto; Maurizio Salerno il 5 settembre.<\/p>\n<p>&nbsp;<\/p>\n<p>&nbsp;<\/p>\n<p>Altra sezione del cartellone \u00e8 \u201cCi vuole un fiore\u201d, laboratori (gratuiti) creativi ed educativi per i pi\u00f9 piccoli a luglio dalle 17.30 alle 19.30 a Villa Ciccolella: \u201cUn mondo a colori\u201d (a cura di Estere Buzena, docente di Arte &#8211; Universit\u00e0 di Lettonia) il 4 ed il 6 con \u201cVia al colore\u201d, il 13 e 18 luglio con \u201cNatura in mosaico\u201d, il 18 e 20 luglio con \u201cIl vetro si colora\u201d, il 25 e 27 con \u201cLa cartapesta\u201d; ad agosto dalle 17.30 alle 19.30 nella Casina municipale \u201cAgriteatro e natura\u201d, a cura dell\u2019associazione \u201dLe Nove Muse\u201d con 1 e 3 agosto \u201cCi vuole un seme\u2026\u201d, l\u20198 e 10 \u201cL\u2019agri-pittura\u201d, il 14 e 17 \u201cMusica per le mie orecchie\u201d, il 22 e 24 agosto \u201cLa natura e le sue ombre\u201d, il 29 e 31 \u201cLa natura e il riciclo\u201d.<\/p>\n<p>&nbsp;<\/p>\n<p>&nbsp;<\/p>\n<p>Altra sezione del cartellone \u00e8 \u201cEsplorazioni\u201d con partenza bus-navetta gratuito 20 posti in Piazzetta Giannaccari alle ore 9.30, con guida specialistica: il 10 luglio a Borgo e cripta rupestre di San Marco, il 24 luglio a Museo e Parco archeologico di Egnazia, il 30 luglio alle antiche dimore della Selva, il 7 agosto alla Piana Olivetata-Parco Dune Costiere, il 13 agosto alle chiesette rurali della Selva, il 21 agosto alla Masseria storica di Pettolecchia, il 28 agosto al Parco insediamenti rupestri di Lama d\u2019Antico.<\/p>\n<p>&nbsp;<\/p>\n<p>&nbsp;<\/p>\n<p>Altra sezione del cartellone \u00e8 dedicata alle \u201cMostre\u201d: \u201cLa citt\u00e0 dei motori. 70 anni di Fasano-Selva\u201d nel Palazzo dei congressi dal 2 al 16 luglio; \u201cLibri d\u2019artisti\u201d dall\u20198 al 13 agosto a Villa Ciccolella; \u201cErnest Verner, pittore visionario. 30 dipinti inediti\u201d nel Palazzo dei congressi dal 4 al 17 settembre.<\/p>\n<p>&nbsp;<\/p>\n<p>Altra sezione del cartellone \u00e8 \u201cMare Magnum\u201d (con Paesi ospiti Turchia e Tunisia), in luglio-agosto con date da stabilirsi, a cura di Michele Ido su musica, danze, incontri, cinema, cultura e gastronomia del Mediterraneo.<\/p>\n<p>&nbsp;<\/p>\n<p>Per gli spettacoli al Minareto si potr\u00e0 lasciare l\u2019auto nel parcheggio retrostante la Casina municipale e prendere gratuitamente il bus-navetta che condurr\u00e0 gli spettatori proprio alla bella struttura moresca.<\/p>\n<p>&nbsp;<\/p>\n<p><strong> Comune di Fasano<\/strong><br \/>\n<strong> Ufficio Stampa<\/strong><\/p>\n","protected":false},"excerpt":{"rendered":"<p>\u201cSelva In Festival. Culture-Arti-Paesaggi\u201d \u00e8 il cartellone di appuntamenti e manifestazioni (oltre una sessantina) tra presentazioni di libri con saggisti, scrittori e giornalisti, mostre d\u2019arte, musica, teatro, spettacolo, animazione per bambini, escursioni, presentato nel tardo pomeriggio di oggi in conferenza stampa nella Sala di rappresentanza del Palazzo municipale, a Fasano. &nbsp; &nbsp; Il ricco e variegato programma \u00e8 stato voluto dall\u2019Amministrazione comunale e si terr\u00e0 sulle colline della Selva di Fasano tra le varie e suggestive location, dal Minareto alla Casina municipale, dal Palazzo dei congressi al gazebo del \u201cSierra Silvana\u201d, dalla chiesa Trullo del Signore a Villa Ciccolella nei mesi di luglio, agosto e settembre, con un\u2019anticipazione sul finire di giugno, il 25 al Minareto alle ore 19 con il Coro Giovanile Pugliese ArcoPu. &nbsp; &nbsp; Messo a punto in collaborazione col Teatro Pubblico Pugliese (Tpp) e con le associazioni del territorio \u201cAmici di Ernest Verner\u201d, \u201cFAI \u2013 Delegazione di Brindisi\u201d, \u201cLe Nove Muse\u201d, \u201cParco Regionale Dune Costiere\u201d, \u201cPresidio del Libro\u201d, \u201cPro Selva\u201d, circolo della stampa \u201cSecondo Adamo Nardelli\u201d,&#8230;<\/p>\n","protected":false},"author":2,"featured_media":106388,"comment_status":"open","ping_status":"closed","sticky":false,"template":"","format":"standard","meta":{"footnotes":""},"categories":[7],"tags":[4398],"class_list":["post-106387","post","type-post","status-publish","format-standard","has-post-thumbnail","hentry","category-news","tag-selva-in-festival"],"_links":{"self":[{"href":"https:\/\/www.brundisium.net\/index.php\/wp-json\/wp\/v2\/posts\/106387","targetHints":{"allow":["GET"]}}],"collection":[{"href":"https:\/\/www.brundisium.net\/index.php\/wp-json\/wp\/v2\/posts"}],"about":[{"href":"https:\/\/www.brundisium.net\/index.php\/wp-json\/wp\/v2\/types\/post"}],"author":[{"embeddable":true,"href":"https:\/\/www.brundisium.net\/index.php\/wp-json\/wp\/v2\/users\/2"}],"replies":[{"embeddable":true,"href":"https:\/\/www.brundisium.net\/index.php\/wp-json\/wp\/v2\/comments?post=106387"}],"version-history":[{"count":1,"href":"https:\/\/www.brundisium.net\/index.php\/wp-json\/wp\/v2\/posts\/106387\/revisions"}],"predecessor-version":[{"id":106390,"href":"https:\/\/www.brundisium.net\/index.php\/wp-json\/wp\/v2\/posts\/106387\/revisions\/106390"}],"wp:featuredmedia":[{"embeddable":true,"href":"https:\/\/www.brundisium.net\/index.php\/wp-json\/wp\/v2\/media\/106388"}],"wp:attachment":[{"href":"https:\/\/www.brundisium.net\/index.php\/wp-json\/wp\/v2\/media?parent=106387"}],"wp:term":[{"taxonomy":"category","embeddable":true,"href":"https:\/\/www.brundisium.net\/index.php\/wp-json\/wp\/v2\/categories?post=106387"},{"taxonomy":"post_tag","embeddable":true,"href":"https:\/\/www.brundisium.net\/index.php\/wp-json\/wp\/v2\/tags?post=106387"}],"curies":[{"name":"wp","href":"https:\/\/api.w.org\/{rel}","templated":true}]}}