{"id":106411,"date":"2017-06-14T11:28:07","date_gmt":"2017-06-14T09:28:07","guid":{"rendered":"http:\/\/www.brundisium.net\/?p=106411"},"modified":"2017-06-15T07:18:39","modified_gmt":"2017-06-15T05:18:39","slug":"si-finge-principe-di-montenegro-e-macedonia-soggiorna-in-un-prestigioso-resort-e-imbroglia-imprenditori-vescovi-e-personaggi-dello-spettacolo-e-della-cultura","status":"publish","type":"post","link":"https:\/\/www.brundisium.net\/index.php\/si-finge-principe-di-montenegro-e-macedonia-soggiorna-in-un-prestigioso-resort-e-imbroglia-imprenditori-vescovi-e-personaggi-dello-spettacolo-e-della-cultura\/","title":{"rendered":"Si finge Principe di Montenegro e Macedonia, soggiorna in un prestigioso resort e imbroglia imprenditori, vescovi e personaggi dello spettacolo e della cultura"},"content":{"rendered":"<p><a href=\"http:\/\/www.brundisium.net\/brun\/wp-content\/uploads\/2017\/06\/stefan20feb202013_r.jpg\"><img loading=\"lazy\" decoding=\"async\" src=\"http:\/\/www.brundisium.net\/brun\/wp-content\/uploads\/2017\/06\/stefan20feb202013_r-188x300.jpg\" alt=\"\" width=\"188\" height=\"300\" class=\"alignleft size-medium wp-image-106418\" srcset=\"https:\/\/www.brundisium.net\/brun\/wp-content\/uploads\/2017\/06\/stefan20feb202013_r-188x300.jpg 188w, https:\/\/www.brundisium.net\/brun\/wp-content\/uploads\/2017\/06\/stefan20feb202013_r.jpg 363w\" sizes=\"auto, (max-width: 188px) 100vw, 188px\" \/><\/a><\/p>\n<p>I carabinieri del Reparto Operativo del Comando Provinciale di Brindisi hanno denunciato in stato libert\u00e0 due persone responsabili, a vario titolo, dei reati di <em>falsa attestazione o dichiarazione a un pubblico Ufficiale sulla identit\u00e0 personale o su qualit\u00e0 personali proprie o di altri; possesso e fabbricazione di documenti di identit\u00e0 falsi.<\/em><\/p>\n<p>&nbsp;<\/p>\n<p>L\u2019attivit\u00e0 di indagine ha avuto inizio nella terza decade del mese di agosto 2016, allorquando il <strong>Ministero degli Affari Esteri e della Cooperazione Internazionale \u2013 Cerimoniale Diplomatico della Repubblica di Roma<\/strong>, ha segnalato che tale <strong>Stefan Cernetic<\/strong> durante una sua recente visita in Puglia aveva utilizzato un\u2019autovettura Mercedes con insegne della Repubblica del Montenegro e adesivi del Corpo Diplomatico, precisando che lo stesso <strong>non era <\/strong>un funzionario diplomatico dell\u2019Ambasciata del Montenegro in Italia e come tale <strong>non godeva<\/strong> di alcuna immunit\u00e0 o privilegio sul territorio italiano ex Convenzione di Vienna del 1961.<br \/>\n&nbsp;<\/p>\n\n\t\t<style type=\"text\/css\">\n\t\t\t#gallery-1 {\n\t\t\t\tmargin: auto;\n\t\t\t}\n\t\t\t#gallery-1 .gallery-item {\n\t\t\t\tfloat: left;\n\t\t\t\tmargin-top: 10px;\n\t\t\t\ttext-align: center;\n\t\t\t\twidth: 33%;\n\t\t\t}\n\t\t\t#gallery-1 img {\n\t\t\t\tborder: 2px solid #cfcfcf;\n\t\t\t}\n\t\t\t#gallery-1 .gallery-caption {\n\t\t\t\tmargin-left: 0;\n\t\t\t}\n\t\t\t\/* see gallery_shortcode() in wp-includes\/media.php *\/\n\t\t<\/style>\n\t\t<div id='gallery-1' class='gallery galleryid-106411 gallery-columns-3 gallery-size-thumbnail'><dl class='gallery-item'>\n\t\t\t<dt class='gallery-icon landscape'>\n\t\t\t\t<a href='https:\/\/www.brundisium.net\/index.php\/si-finge-principe-di-montenegro-e-macedonia-soggiorna-in-un-prestigioso-resort-e-imbroglia-imprenditori-vescovi-e-personaggi-dello-spettacolo-e-della-cultura\/cernetic-58\/'><img loading=\"lazy\" decoding=\"async\" width=\"150\" height=\"150\" src=\"https:\/\/www.brundisium.net\/brun\/wp-content\/uploads\/2017\/06\/Cernetic-58-150x150.jpg\" class=\"attachment-thumbnail size-thumbnail\" alt=\"\" srcset=\"https:\/\/www.brundisium.net\/brun\/wp-content\/uploads\/2017\/06\/Cernetic-58-150x150.jpg 150w, https:\/\/www.brundisium.net\/brun\/wp-content\/uploads\/2017\/06\/Cernetic-58-60x60.jpg 60w\" sizes=\"auto, (max-width: 150px) 100vw, 150px\" \/><\/a>\n\t\t\t<\/dt><\/dl><dl class='gallery-item'>\n\t\t\t<dt class='gallery-icon portrait'>\n\t\t\t\t<a href='https:\/\/www.brundisium.net\/index.php\/si-finge-principe-di-montenegro-e-macedonia-soggiorna-in-un-prestigioso-resort-e-imbroglia-imprenditori-vescovi-e-personaggi-dello-spettacolo-e-della-cultura\/cernetic-72\/'><img loading=\"lazy\" decoding=\"async\" width=\"150\" height=\"150\" src=\"https:\/\/www.brundisium.net\/brun\/wp-content\/uploads\/2017\/06\/Cernetic-72-150x150.jpg\" class=\"attachment-thumbnail size-thumbnail\" alt=\"\" srcset=\"https:\/\/www.brundisium.net\/brun\/wp-content\/uploads\/2017\/06\/Cernetic-72-150x150.jpg 150w, https:\/\/www.brundisium.net\/brun\/wp-content\/uploads\/2017\/06\/Cernetic-72-60x60.jpg 60w\" sizes=\"auto, (max-width: 150px) 100vw, 150px\" \/><\/a>\n\t\t\t<\/dt><\/dl><dl class='gallery-item'>\n\t\t\t<dt class='gallery-icon landscape'>\n\t\t\t\t<a href='https:\/\/www.brundisium.net\/index.php\/si-finge-principe-di-montenegro-e-macedonia-soggiorna-in-un-prestigioso-resort-e-imbroglia-imprenditori-vescovi-e-personaggi-dello-spettacolo-e-della-cultura\/cernetic-86\/'><img loading=\"lazy\" decoding=\"async\" width=\"150\" height=\"150\" src=\"https:\/\/www.brundisium.net\/brun\/wp-content\/uploads\/2017\/06\/Cernetic-86-150x150.jpg\" class=\"attachment-thumbnail size-thumbnail\" alt=\"\" srcset=\"https:\/\/www.brundisium.net\/brun\/wp-content\/uploads\/2017\/06\/Cernetic-86-150x150.jpg 150w, https:\/\/www.brundisium.net\/brun\/wp-content\/uploads\/2017\/06\/Cernetic-86-60x60.jpg 60w\" sizes=\"auto, (max-width: 150px) 100vw, 150px\" \/><\/a>\n\t\t\t<\/dt><\/dl><br style=\"clear: both\" \/>\n\t\t<\/div>\n\n<p>&nbsp;<\/p>\n<p>I due denunciati sono C.S., nato a Trieste classe 1960, residente a Torino, censurato e S.S., nato a Quindici (AV) classe 1954, censurato. Il primo, auto proclamatosi S.A. Reale Imperiale CERNETIC il Pr\u00ecncipe Stefan di Montenegro e Macedonia, con l\u2019aiuto del secondo suo ambasciatore in Italia, nel periodo dal 25 al 31 luglio 2016 aveva trascorso un presso un resort di Fasano, un periodo di vacanza, nel corso del quale ha avuto incontri con rappresentanti del clero, della politica e dell\u2019imprenditoria del nord della provincia di Brindisi e del sud di quella di Bari. Al resort era giunto a bordo di una Mercedes che riportava le bandieruole del Montenegro e gli adesivi CD.<\/p>\n<p>&nbsp;<\/p>\n<p>Le attivit\u00e0 svolte hanno fatto emergere che C.S. e il suo \u201cambasciatore\u201d hanno messo in piedi una macchinosa pantomima che, attraverso siti internet e profili Facebook, e con l\u2019accreditamento della falsa autorit\u00e0 nobiliare a istituzioni di tutt\u2019Italia, imprenditori, vescovi, personaggi dello spettacolo e della cultura, attratti dalla concessione di cavalierati, passaporti diplomatici (<em>rigorosamente falsi<\/em>) e presunti scambi economico culturali con il Montenegro, mirano a ottenere soggiorni e beni materiali in localit\u00e0 di prestigio italiane ed europee.<br \/>\n&nbsp;<\/p>\n<p>\n\t\t<style type=\"text\/css\">\n\t\t\t#gallery-2 {\n\t\t\t\tmargin: auto;\n\t\t\t}\n\t\t\t#gallery-2 .gallery-item {\n\t\t\t\tfloat: left;\n\t\t\t\tmargin-top: 10px;\n\t\t\t\ttext-align: center;\n\t\t\t\twidth: 33%;\n\t\t\t}\n\t\t\t#gallery-2 img {\n\t\t\t\tborder: 2px solid #cfcfcf;\n\t\t\t}\n\t\t\t#gallery-2 .gallery-caption {\n\t\t\t\tmargin-left: 0;\n\t\t\t}\n\t\t\t\/* see gallery_shortcode() in wp-includes\/media.php *\/\n\t\t<\/style>\n\t\t<div id='gallery-2' class='gallery galleryid-106411 gallery-columns-3 gallery-size-thumbnail'><dl class='gallery-item'>\n\t\t\t<dt class='gallery-icon portrait'>\n\t\t\t\t<a href='https:\/\/www.brundisium.net\/index.php\/si-finge-principe-di-montenegro-e-macedonia-soggiorna-in-un-prestigioso-resort-e-imbroglia-imprenditori-vescovi-e-personaggi-dello-spettacolo-e-della-cultura\/cernetic-1\/'><img loading=\"lazy\" decoding=\"async\" width=\"150\" height=\"150\" src=\"https:\/\/www.brundisium.net\/brun\/wp-content\/uploads\/2017\/06\/Cernetic-1-150x150.jpg\" class=\"attachment-thumbnail size-thumbnail\" alt=\"\" srcset=\"https:\/\/www.brundisium.net\/brun\/wp-content\/uploads\/2017\/06\/Cernetic-1-150x150.jpg 150w, https:\/\/www.brundisium.net\/brun\/wp-content\/uploads\/2017\/06\/Cernetic-1-60x60.jpg 60w\" sizes=\"auto, (max-width: 150px) 100vw, 150px\" \/><\/a>\n\t\t\t<\/dt><\/dl><dl class='gallery-item'>\n\t\t\t<dt class='gallery-icon landscape'>\n\t\t\t\t<a href='https:\/\/www.brundisium.net\/index.php\/si-finge-principe-di-montenegro-e-macedonia-soggiorna-in-un-prestigioso-resort-e-imbroglia-imprenditori-vescovi-e-personaggi-dello-spettacolo-e-della-cultura\/cernetic-53\/'><img loading=\"lazy\" decoding=\"async\" width=\"150\" height=\"150\" src=\"https:\/\/www.brundisium.net\/brun\/wp-content\/uploads\/2017\/06\/Cernetic-53-150x150.jpg\" class=\"attachment-thumbnail size-thumbnail\" alt=\"\" srcset=\"https:\/\/www.brundisium.net\/brun\/wp-content\/uploads\/2017\/06\/Cernetic-53-150x150.jpg 150w, https:\/\/www.brundisium.net\/brun\/wp-content\/uploads\/2017\/06\/Cernetic-53-60x60.jpg 60w\" sizes=\"auto, (max-width: 150px) 100vw, 150px\" \/><\/a>\n\t\t\t<\/dt><\/dl><dl class='gallery-item'>\n\t\t\t<dt class='gallery-icon portrait'>\n\t\t\t\t<a href='https:\/\/www.brundisium.net\/index.php\/si-finge-principe-di-montenegro-e-macedonia-soggiorna-in-un-prestigioso-resort-e-imbroglia-imprenditori-vescovi-e-personaggi-dello-spettacolo-e-della-cultura\/cernetic-56\/'><img loading=\"lazy\" decoding=\"async\" width=\"150\" height=\"150\" src=\"https:\/\/www.brundisium.net\/brun\/wp-content\/uploads\/2017\/06\/Cernetic-56-150x150.jpg\" class=\"attachment-thumbnail size-thumbnail\" alt=\"\" srcset=\"https:\/\/www.brundisium.net\/brun\/wp-content\/uploads\/2017\/06\/Cernetic-56-150x150.jpg 150w, https:\/\/www.brundisium.net\/brun\/wp-content\/uploads\/2017\/06\/Cernetic-56-60x60.jpg 60w\" sizes=\"auto, (max-width: 150px) 100vw, 150px\" \/><\/a>\n\t\t\t<\/dt><\/dl><br style=\"clear: both\" \/>\n\t\t<\/div>\n<br \/>\n&nbsp;<\/p>\n<p>L\u2019esito delle attivit\u00e0 investigative ha portato all\u2019emissione di un decreto di perquisizione eseguito dai carabinieri di Brindisi con il supporto dei colleghi dei Comandi Provinciali di Torino, Bergamo e Avellino. Nel corso delle attivit\u00e0 di ricerca sono stati sequestrati timbri, falsi lascia passare diplomatici, adesivi del corpo diplomatico attestati di premi internazionali della casa reale del Montenegro, diplomi di varia natura.<\/p>\n<p>&nbsp;<\/p>\n<p>&nbsp;<\/p>\n<p>\u00c8 interessante vedere come i due, utilizzando internet, siano riusciti a costruire un personaggio credibile tanto da, scorrendo le pagine del web, poterlo vedere a braccetto con reali (noti in tutto il mondo) o mentre fa l\u2019investitura di personaggi dello spettacolo (<em>come un\u2019ex bagnina di una famosissima serie televisiva<\/em>).<\/p>\n<p>&nbsp;<\/p>\n","protected":false},"excerpt":{"rendered":"<p>I carabinieri del Reparto Operativo del Comando Provinciale di Brindisi hanno denunciato in stato libert\u00e0 due persone responsabili, a vario titolo, dei reati di falsa attestazione o dichiarazione a un pubblico Ufficiale sulla identit\u00e0 personale o su qualit\u00e0 personali proprie o di altri; possesso e fabbricazione di documenti di identit\u00e0 falsi. &nbsp; L\u2019attivit\u00e0 di indagine ha avuto inizio nella terza decade del mese di agosto 2016, allorquando il Ministero degli Affari Esteri e della Cooperazione Internazionale \u2013 Cerimoniale Diplomatico della Repubblica di Roma, ha segnalato che tale Stefan Cernetic durante una sua recente visita in Puglia aveva utilizzato un\u2019autovettura Mercedes con insegne della Repubblica del Montenegro e adesivi del Corpo Diplomatico, precisando che lo stesso non era un funzionario diplomatico dell\u2019Ambasciata del Montenegro in Italia e come tale non godeva di alcuna immunit\u00e0 o privilegio sul territorio italiano ex Convenzione di Vienna del 1961. &nbsp; &nbsp; I due denunciati sono C.S., nato a Trieste classe 1960, residente a Torino, censurato e S.S., nato a Quindici (AV) classe 1954, censurato. Il&#8230;<\/p>\n","protected":false},"author":2,"featured_media":106421,"comment_status":"open","ping_status":"closed","sticky":false,"template":"","format":"standard","meta":{"footnotes":""},"categories":[7],"tags":[],"class_list":["post-106411","post","type-post","status-publish","format-standard","has-post-thumbnail","hentry","category-news"],"_links":{"self":[{"href":"https:\/\/www.brundisium.net\/index.php\/wp-json\/wp\/v2\/posts\/106411","targetHints":{"allow":["GET"]}}],"collection":[{"href":"https:\/\/www.brundisium.net\/index.php\/wp-json\/wp\/v2\/posts"}],"about":[{"href":"https:\/\/www.brundisium.net\/index.php\/wp-json\/wp\/v2\/types\/post"}],"author":[{"embeddable":true,"href":"https:\/\/www.brundisium.net\/index.php\/wp-json\/wp\/v2\/users\/2"}],"replies":[{"embeddable":true,"href":"https:\/\/www.brundisium.net\/index.php\/wp-json\/wp\/v2\/comments?post=106411"}],"version-history":[{"count":3,"href":"https:\/\/www.brundisium.net\/index.php\/wp-json\/wp\/v2\/posts\/106411\/revisions"}],"predecessor-version":[{"id":106422,"href":"https:\/\/www.brundisium.net\/index.php\/wp-json\/wp\/v2\/posts\/106411\/revisions\/106422"}],"wp:featuredmedia":[{"embeddable":true,"href":"https:\/\/www.brundisium.net\/index.php\/wp-json\/wp\/v2\/media\/106421"}],"wp:attachment":[{"href":"https:\/\/www.brundisium.net\/index.php\/wp-json\/wp\/v2\/media?parent=106411"}],"wp:term":[{"taxonomy":"category","embeddable":true,"href":"https:\/\/www.brundisium.net\/index.php\/wp-json\/wp\/v2\/categories?post=106411"},{"taxonomy":"post_tag","embeddable":true,"href":"https:\/\/www.brundisium.net\/index.php\/wp-json\/wp\/v2\/tags?post=106411"}],"curies":[{"name":"wp","href":"https:\/\/api.w.org\/{rel}","templated":true}]}}