{"id":106450,"date":"2017-06-14T14:31:34","date_gmt":"2017-06-14T12:31:34","guid":{"rendered":"http:\/\/www.brundisium.net\/?p=106450"},"modified":"2017-06-14T18:28:33","modified_gmt":"2017-06-14T16:28:33","slug":"poesia-del-mare-sabato-linaugurazione-multimediale-della-collettiva-di-pittura-a-tema","status":"publish","type":"post","link":"https:\/\/www.brundisium.net\/index.php\/poesia-del-mare-sabato-linaugurazione-multimediale-della-collettiva-di-pittura-a-tema\/","title":{"rendered":"Poesia del mare: sabato l&#8217;inaugurazione multimediale della collettiva di pittura a tema"},"content":{"rendered":"<p>\u201cPoesia del mare\u201d \u00e8 la collettiva di pittura organizzata dall\u2019associazione culturale \u201cInArte\u201d dell\u2019artista Martino Rubino, col patrocinio del Comune di Fasano, che si terr\u00e0 da sabato 17 a venerd\u00ec 23 giugno a Palazzo Pezzolla.<\/p>\n<p>&nbsp;<\/p>\n<p>&nbsp;<\/p>\n<p>Il vernissage si terr\u00e0 sabato 17 giugno alle ore 19 e vedr\u00e0 la presenza della poetessa Tina Caroli che, attraverso un particolare e suggestivo percorso audio-visivo, condurr\u00e0 lo spettatore alla comprensione del significato pi\u00f9 profondo delle opere esposte. A porgere il saluto dell\u2019Amministrazione comunale, invece, sar\u00e0 l\u2019assessora a Pari Opportunit\u00e0 Cinzia Caroli.<\/p>\n<p>&nbsp;<\/p>\n<p>&nbsp;<\/p>\n<p>Si rinnova, quindi, anche quest\u2019anno, l&#8217;appuntamento con il gruppo degli artisti di \u201cInArte\u201d, guidati dal m\u00b0 Martino Rubino che, alla fine del corso, dedicano un&#8217;esposizione ad una tematica legata al territorio fasanese.<\/p>\n<p>&nbsp;<\/p>\n<p>&nbsp;<\/p>\n<p>Dopo le mostre dedicate alle tradizioni e ai luoghi della Via Francigena, quest&#8217;anno la mostra \u00e8 dedicata al mare come elemento permeante della locale realt\u00e0 paesaggistica. Il \u00abtema \u00e8 di grande ispirazione \u2013 sottolinea Rubino &#8211; e di per s\u00e9 non pu\u00f2 prescindere dall&#8217;aspetto poetico; proprio per questo sar\u00e0 il mare a far da ponte fra pittura e poesia\u00bb.<\/p>\n<p>&nbsp;<\/p>\n<p>&nbsp;<\/p>\n<p>L&#8217;esposizione sar\u00e0 aperta al pubblico fino a venerd\u00ec 23 giugno dalle ore 17 alle 20.30.<\/p>\n<p>&nbsp;<\/p>\n<p><strong> Comune di Fasano<\/strong><br \/>\n<strong> Ufficio Stampa<\/strong><\/p>\n","protected":false},"excerpt":{"rendered":"<p>\u201cPoesia del mare\u201d \u00e8 la collettiva di pittura organizzata dall\u2019associazione culturale \u201cInArte\u201d dell\u2019artista Martino Rubino, col patrocinio del Comune di Fasano, che si terr\u00e0 da sabato 17 a venerd\u00ec 23 giugno a Palazzo Pezzolla. &nbsp; &nbsp; Il vernissage si terr\u00e0 sabato 17 giugno alle ore 19 e vedr\u00e0 la presenza della poetessa Tina Caroli che, attraverso un particolare e suggestivo percorso audio-visivo, condurr\u00e0 lo spettatore alla comprensione del significato pi\u00f9 profondo delle opere esposte. A porgere il saluto dell\u2019Amministrazione comunale, invece, sar\u00e0 l\u2019assessora a Pari Opportunit\u00e0 Cinzia Caroli. &nbsp; &nbsp; Si rinnova, quindi, anche quest\u2019anno, l&#8217;appuntamento con il gruppo degli artisti di \u201cInArte\u201d, guidati dal m\u00b0 Martino Rubino che, alla fine del corso, dedicano un&#8217;esposizione ad una tematica legata al territorio fasanese. &nbsp; &nbsp; Dopo le mostre dedicate alle tradizioni e ai luoghi della Via Francigena, quest&#8217;anno la mostra \u00e8 dedicata al mare come elemento permeante della locale realt\u00e0 paesaggistica. Il \u00abtema \u00e8 di grande ispirazione \u2013 sottolinea Rubino &#8211; e di per s\u00e9 non pu\u00f2 prescindere dall&#8217;aspetto poetico; proprio&#8230;<\/p>\n","protected":false},"author":2,"featured_media":106451,"comment_status":"open","ping_status":"closed","sticky":false,"template":"","format":"standard","meta":{"footnotes":""},"categories":[7],"tags":[244],"class_list":["post-106450","post","type-post","status-publish","format-standard","has-post-thumbnail","hentry","category-news","tag-fasano"],"_links":{"self":[{"href":"https:\/\/www.brundisium.net\/index.php\/wp-json\/wp\/v2\/posts\/106450","targetHints":{"allow":["GET"]}}],"collection":[{"href":"https:\/\/www.brundisium.net\/index.php\/wp-json\/wp\/v2\/posts"}],"about":[{"href":"https:\/\/www.brundisium.net\/index.php\/wp-json\/wp\/v2\/types\/post"}],"author":[{"embeddable":true,"href":"https:\/\/www.brundisium.net\/index.php\/wp-json\/wp\/v2\/users\/2"}],"replies":[{"embeddable":true,"href":"https:\/\/www.brundisium.net\/index.php\/wp-json\/wp\/v2\/comments?post=106450"}],"version-history":[{"count":1,"href":"https:\/\/www.brundisium.net\/index.php\/wp-json\/wp\/v2\/posts\/106450\/revisions"}],"predecessor-version":[{"id":106452,"href":"https:\/\/www.brundisium.net\/index.php\/wp-json\/wp\/v2\/posts\/106450\/revisions\/106452"}],"wp:featuredmedia":[{"embeddable":true,"href":"https:\/\/www.brundisium.net\/index.php\/wp-json\/wp\/v2\/media\/106451"}],"wp:attachment":[{"href":"https:\/\/www.brundisium.net\/index.php\/wp-json\/wp\/v2\/media?parent=106450"}],"wp:term":[{"taxonomy":"category","embeddable":true,"href":"https:\/\/www.brundisium.net\/index.php\/wp-json\/wp\/v2\/categories?post=106450"},{"taxonomy":"post_tag","embeddable":true,"href":"https:\/\/www.brundisium.net\/index.php\/wp-json\/wp\/v2\/tags?post=106450"}],"curies":[{"name":"wp","href":"https:\/\/api.w.org\/{rel}","templated":true}]}}