{"id":106833,"date":"2017-06-19T16:43:00","date_gmt":"2017-06-19T14:43:00","guid":{"rendered":"http:\/\/www.brundisium.net\/?p=106833"},"modified":"2017-06-19T17:52:00","modified_gmt":"2017-06-19T15:52:00","slug":"a-fasano-il-campionato-regionale-di-ciclismo-su-strada-categoria-allievi","status":"publish","type":"post","link":"https:\/\/www.brundisium.net\/index.php\/a-fasano-il-campionato-regionale-di-ciclismo-su-strada-categoria-allievi\/","title":{"rendered":"A Fasano il Campionato regionale di ciclismo su strada categoria \u201cAllievi\u201d"},"content":{"rendered":"<p>Si terr\u00e0 nel territorio di Fasano il 2 luglio prossimo il campionato regionale di ciclismo agonistico su strada, come unica gara della categoria \u201cAllievi\u201d, denominato \u201c1\u00b0 Trofeo My Glass \u2013 Memorial Antonio Narducci\u201d.<\/p>\n<p>L\u2019evento sportivo \u00e8 stato presentato oggi in conferenza stampa nella Sala di rappresentanza del Palazzo municipale, considerato il patrocinio del Comune alla manifestazione, oltre che l\u2019organizzazione dell\u2019\u201dAsd Antonio Narducci\u201d della frazione Pezze di Greco.<\/p>\n<p>Alla presenza di Vito Ditano, due volte campione del mondo di ciclocross, che ha voluto sottolineare come \u00abla Federazione ciclistica italiana, sezione pugliese, abbia subito accolto la candidatura di Fasano per la gara, considerate la seriet\u00e0 e la professionalit\u00e0 organizzative della \u201cNarducci\u201d, soprattutto, in un momento storico in cui la sicurezza del tracciato \u00e8 fondamentale per evitare incidenti pericolosi per la stessa vita dei corridori\u00bb, sul tema della sicurezza si \u00e8 soffermato Antonio Zizzi, presidente dell\u2019\u201dAsd Antonio Narducci\u201d che ha ricordato come \u00abproprio lo stesso Narducci, cui \u00e8 intitolato il sodalizio sportivo, sia morto durante una gara a seguito di un percorso poco sicuro. Voglio ringraziare, quindi, l\u2019Amministrazione comunale \u2013 ha aggiunto Zizzi \u2013 che ha collaborato affinch\u00e9 il tracciato del campionato regionale \u201cAllievi\u201d fosse, come sar\u00e0, sicuro, tanto per i corridori, una cinquantina provenienti da tutta la Puglia, dal Foggiano al Salento, quanto per gli spettatori che saranno assiepati lungo il percorso\u00bb. Per Giuseppe Angelini, consigliere regionale della Federazione ciclistica italiana \u00abstiamo lavorando qui in Puglia per far crescere il movimento giovanile ciclistico agonistico e, a proposito della sicurezza del tracciato, terremo il 27 giugno un\u2019apposita conferenza di servizi con tutti i soggetti istituzionali in campo\u00bb. Anche per Giuseppe Calabrese, coordinatore tecnico della Federazione ciclistica italiana (sezione regionale di Puglia) \u00abl\u2019asd \u201cNarducci\u201d \u00e8 garanzia di qualit\u00e0 organizzativa ed annuncio \u2013 ha sottolineato \u2013 che proprio la gara fasanese sar\u00e0 \u201cattenzionata\u201d da tecnici federali, oltre al sottoscritto, per individuare cinque ciclisti che andranno a disputare il campionato italiano su strada \u201cAllievi\u201d che si terr\u00e0 la domenica successiva in Toscana\u00bb.<\/p>\n<p>&nbsp;<\/p>\n<p>&nbsp;<\/p>\n<p>Dal canto suo, l\u2019Amministrazione comunale, col vicesindaco Giovanni Cisternino, ha assicurato \u00abche \u00e8 tutto pronto per la sicurezza del tracciato; abbiamo gi\u00e0 messo in atto le azioni necessarie di competenza del Comune affinch\u00e9 il percorso individuato sia funzionale alla perfetta tenuta della gara, sul piano della sicurezza e della agevolezza\u00bb. Relativamente all\u2019ipotesi che Fasano divenga tappa del \u201cGiro d\u2019Italia 2018\u201d, il vicesindaco ha anticipato che \u00abci stiamo pensando seriamente, assieme alla stessa \u201cNarducci\u201d\u00bb, il cui presidente Zizzi ha annunciato \u00abche si stanno muovendo i primissimi passi, anche perch\u00e9 questo \u00e8 il mio sogno: portare a Fasano una tappa, dati gli ormai 30 anni di vita del nostro sodalizio; ma va considerata la complessit\u00e0 dell\u2019evento.<\/p>\n<p>&nbsp;<\/p>\n<p><strong>COMUNE DI FASANO<\/strong><\/p>\n","protected":false},"excerpt":{"rendered":"<p>Si terr\u00e0 nel territorio di Fasano il 2 luglio prossimo il campionato regionale di ciclismo agonistico su strada, come unica gara della categoria \u201cAllievi\u201d, denominato \u201c1\u00b0 Trofeo My Glass \u2013 Memorial Antonio Narducci\u201d. L\u2019evento sportivo \u00e8 stato presentato oggi in conferenza stampa nella Sala di rappresentanza del Palazzo municipale, considerato il patrocinio del Comune alla manifestazione, oltre che l\u2019organizzazione dell\u2019\u201dAsd Antonio Narducci\u201d della frazione Pezze di Greco. Alla presenza di Vito Ditano, due volte campione del mondo di ciclocross, che ha voluto sottolineare come \u00abla Federazione ciclistica italiana, sezione pugliese, abbia subito accolto la candidatura di Fasano per la gara, considerate la seriet\u00e0 e la professionalit\u00e0 organizzative della \u201cNarducci\u201d, soprattutto, in un momento storico in cui la sicurezza del tracciato \u00e8 fondamentale per evitare incidenti pericolosi per la stessa vita dei corridori\u00bb, sul tema della sicurezza si \u00e8 soffermato Antonio Zizzi, presidente dell\u2019\u201dAsd Antonio Narducci\u201d che ha ricordato come \u00abproprio lo stesso Narducci, cui \u00e8 intitolato il sodalizio sportivo, sia morto durante una gara a seguito di un percorso poco&#8230;<\/p>\n","protected":false},"author":2,"featured_media":106835,"comment_status":"open","ping_status":"closed","sticky":false,"template":"","format":"standard","meta":{"footnotes":""},"categories":[7,8],"tags":[1342,244],"class_list":["post-106833","post","type-post","status-publish","format-standard","has-post-thumbnail","hentry","category-news","category-sport","tag-ciclismo","tag-fasano"],"_links":{"self":[{"href":"https:\/\/www.brundisium.net\/index.php\/wp-json\/wp\/v2\/posts\/106833","targetHints":{"allow":["GET"]}}],"collection":[{"href":"https:\/\/www.brundisium.net\/index.php\/wp-json\/wp\/v2\/posts"}],"about":[{"href":"https:\/\/www.brundisium.net\/index.php\/wp-json\/wp\/v2\/types\/post"}],"author":[{"embeddable":true,"href":"https:\/\/www.brundisium.net\/index.php\/wp-json\/wp\/v2\/users\/2"}],"replies":[{"embeddable":true,"href":"https:\/\/www.brundisium.net\/index.php\/wp-json\/wp\/v2\/comments?post=106833"}],"version-history":[{"count":1,"href":"https:\/\/www.brundisium.net\/index.php\/wp-json\/wp\/v2\/posts\/106833\/revisions"}],"predecessor-version":[{"id":106836,"href":"https:\/\/www.brundisium.net\/index.php\/wp-json\/wp\/v2\/posts\/106833\/revisions\/106836"}],"wp:featuredmedia":[{"embeddable":true,"href":"https:\/\/www.brundisium.net\/index.php\/wp-json\/wp\/v2\/media\/106835"}],"wp:attachment":[{"href":"https:\/\/www.brundisium.net\/index.php\/wp-json\/wp\/v2\/media?parent=106833"}],"wp:term":[{"taxonomy":"category","embeddable":true,"href":"https:\/\/www.brundisium.net\/index.php\/wp-json\/wp\/v2\/categories?post=106833"},{"taxonomy":"post_tag","embeddable":true,"href":"https:\/\/www.brundisium.net\/index.php\/wp-json\/wp\/v2\/tags?post=106833"}],"curies":[{"name":"wp","href":"https:\/\/api.w.org\/{rel}","templated":true}]}}