{"id":106849,"date":"2017-06-19T18:12:21","date_gmt":"2017-06-19T16:12:21","guid":{"rendered":"http:\/\/www.brundisium.net\/?p=106849"},"modified":"2017-06-19T17:42:00","modified_gmt":"2017-06-19T15:42:00","slug":"contro-il-razzismo-quattro-ragionamenti-giovedi-a-mesagne-seminario-con-il-prof-marco-aime","status":"publish","type":"post","link":"https:\/\/www.brundisium.net\/index.php\/contro-il-razzismo-quattro-ragionamenti-giovedi-a-mesagne-seminario-con-il-prof-marco-aime\/","title":{"rendered":"Contro il Razzismo. Quattro ragionamenti: gioved\u00ec a Mesagne seminario con il Prof. Marco Aime"},"content":{"rendered":"<p>In Europa avanzano non pochi movimenti xenofobi e nella nostra stessa Italia si registrano crescenti episodi di razzismo di cui \u00e8 necessario parlare, essendo il fenomeno presente in molte regioni, ancorch\u00e9 con varia intensit\u00e0 e frequenza.<\/p>\n<p>Il Monastero del 3\u00b0 Millennio, sede mesagnese dell\u2019ISBEM (Istituto Scientifico Biomedico Euro Mediterraneo) \u00e8 un crocevia di idee, speranze e progetti, fra cui il Master LASEV (Laboratorio Antropologia Sociale e Visuale) che nel pomeriggio del 22 p.v., ospiter\u00e0 il Prof. Marco Aime*, luminare della Antropologia Culturale dell\u2019Universit\u00e0 di Genova. Egli ha pubblicato e curato (2016) con Einaudi di Torino il libro \u201cContro il Razzismo. Quattro ragionamenti\u201d.<\/p>\n<p>&nbsp;<\/p>\n<p>Marco Aime illustrer\u00e0 i ragionamenti riportati nel libro da quattro studiosi che, grazie alle loro diverse competenze, confutano le principali espressioni del razzismo, siano esse scientifiche, linguistiche, culturali o istituzionali.<br \/>\nIn quattro capitoli, vengono esplicitati i concetti di identit\u00e0 e di differenza, per aiutarci a comprendere i diritti dello straniero in Italia e per metterci nelle condizioni di misurare la profondit\u00e0 delle nostre convinzioni sulle differenze biologiche e culturali.<\/p>\n<p>&nbsp;<\/p>\n<p>In sintesi:<\/p>\n<p>a) Guido Barbujani sceglie la prospettiva della genetica per decostruire le presunte basi scientifiche del razzismo.<\/p>\n<p>b) Marco Aime usa l\u2019approccio antropologico per farci comprendere come certe forme di razzismo assumono nuove declinazioni di carattere culturale;<\/p>\n<p>c) Federico Faloppa analizza il fenomeno dal punto di vista linguistico, illustrando gli elementi discriminatori che mettiamo in atto, spesso inconsciamente, quando usiamo \u201cparole quotidiane\u201d in un certo modo piuttosto che in un altro;<\/p>\n<p>d) Clelia Bartoli, infine, descrive il fenomeno del razzismo dal punto di vista socio-giuridico, dimostrando come le sue insidie si celino, purtroppo, anche nelle istituzioni concepite e create per essere \u00abistituzioni democratiche\u00bb.<\/p>\n<p>&nbsp;<\/p>\n<p>&nbsp;<\/p>\n<p>Il programma:<\/p>\n<p>Dopo il saluto di Benvenuto del Prof. Alessandro Distante (Presidente e Direttore Scientifico dell\u2019ISBEM), interverranno nell\u2019incontro il Prof. Vitantonio Gioia (Ordinario di Storia del Pensiero Economico, Dipartimento di Storia, Societ\u00e0 e Studi sull\u2019Uomo, Universit\u00e0 del Salento), il Prof. Aldo Guglielmi (Dirigente Scolastico dell\u2019IISS \u201cE. Ferdinando\u201d), la Prof.ssa Maria Oliva (Dirigente Scolastico del Liceo delle scienze umane e liceo linguistico \u201cE. Palumbo\u201d), il Prof. Salvatore Lezzi (Docente di Religione, IISS \u201cE. Ferdinando\u201d), il Prof. Carlo Cirac\u00ec (Docente di Filosofia e Scienze Umane, Liceo delle scienze umane e liceo linguistico \u201cE. Palumbo\u201d), nonch\u00e9 lo stesso Prof. Vito Antonio Aresta (Docente coordinatore del LASEV, Laboratorio di Antropologia Sociale e Visuale).<\/p>\n<p>&nbsp;<\/p>\n<p>Il valore aggiunto: a corollario del seminario del Prof. Marco Aime, ci sar\u00e0 una sequenza di interventi, brevi e focalizzati, predisposti dagli studenti che hanno frequentato in modo assiduo il Master LASEV 2017 di Mesagne: Alessia Argentieri, Francesco Brunetti, Luana Candita, Stefania Chirico, Dalila Cinefra, Maristella Gioffredi, Giorgia Gioia, Giulia Lupo, Sara Padula, Teresa Sternativo, Virginia Tamburrano, Clarissa Zaccaria.<\/p>\n<p>&nbsp;<\/p>\n<p>&nbsp;<\/p>\n<p>Il seminario chiude il percorso del Master LASEV 2017, ideato e realizzato dal prof. Antonio Aresta che lo ha condotto a Mesagne nel Monastero del 3\u00b0 Millennio dell\u2019ISBEM, in virt\u00f9 dell\u2019Accordo di Rete tra il Dipartimento di Storia, Societ\u00e0 e Studi sull\u2019Uomo dell\u2019Universit\u00e0 del Salento, il Liceo E. Palumbo, l\u2019IISS E. Ferdinando, e l\u2019ISBEM che lo promuove poich\u00e9 tale Master, rafforzando varie strategie internazionali, metter al centro la persona e la necessit\u00e0 di coesione sociale nel Mezzogiorno.<\/p>\n<p>&nbsp;<\/p>\n<p>Svoltosi nel primo semestre 2017, il Master, ha avuto grande efficacia tanto che \u00e8 stato riprogrammato nel 2018, per consolidare la tradizione avviata gi\u00e0 nel 2011.<\/p>\n","protected":false},"excerpt":{"rendered":"<p>In Europa avanzano non pochi movimenti xenofobi e nella nostra stessa Italia si registrano crescenti episodi di razzismo di cui \u00e8 necessario parlare, essendo il fenomeno presente in molte regioni, ancorch\u00e9 con varia intensit\u00e0 e frequenza. Il Monastero del 3\u00b0 Millennio, sede mesagnese dell\u2019ISBEM (Istituto Scientifico Biomedico Euro Mediterraneo) \u00e8 un crocevia di idee, speranze e progetti, fra cui il Master LASEV (Laboratorio Antropologia Sociale e Visuale) che nel pomeriggio del 22 p.v., ospiter\u00e0 il Prof. Marco Aime*, luminare della Antropologia Culturale dell\u2019Universit\u00e0 di Genova. Egli ha pubblicato e curato (2016) con Einaudi di Torino il libro \u201cContro il Razzismo. Quattro ragionamenti\u201d. &nbsp; Marco Aime illustrer\u00e0 i ragionamenti riportati nel libro da quattro studiosi che, grazie alle loro diverse competenze, confutano le principali espressioni del razzismo, siano esse scientifiche, linguistiche, culturali o istituzionali. In quattro capitoli, vengono esplicitati i concetti di identit\u00e0 e di differenza, per aiutarci a comprendere i diritti dello straniero in Italia e per metterci nelle condizioni di misurare la profondit\u00e0 delle nostre convinzioni sulle differenze biologiche&#8230;<\/p>\n","protected":false},"author":2,"featured_media":106850,"comment_status":"open","ping_status":"closed","sticky":false,"template":"","format":"standard","meta":{"footnotes":""},"categories":[7],"tags":[452],"class_list":["post-106849","post","type-post","status-publish","format-standard","has-post-thumbnail","hentry","category-news","tag-isbem"],"_links":{"self":[{"href":"https:\/\/www.brundisium.net\/index.php\/wp-json\/wp\/v2\/posts\/106849","targetHints":{"allow":["GET"]}}],"collection":[{"href":"https:\/\/www.brundisium.net\/index.php\/wp-json\/wp\/v2\/posts"}],"about":[{"href":"https:\/\/www.brundisium.net\/index.php\/wp-json\/wp\/v2\/types\/post"}],"author":[{"embeddable":true,"href":"https:\/\/www.brundisium.net\/index.php\/wp-json\/wp\/v2\/users\/2"}],"replies":[{"embeddable":true,"href":"https:\/\/www.brundisium.net\/index.php\/wp-json\/wp\/v2\/comments?post=106849"}],"version-history":[{"count":1,"href":"https:\/\/www.brundisium.net\/index.php\/wp-json\/wp\/v2\/posts\/106849\/revisions"}],"predecessor-version":[{"id":106851,"href":"https:\/\/www.brundisium.net\/index.php\/wp-json\/wp\/v2\/posts\/106849\/revisions\/106851"}],"wp:featuredmedia":[{"embeddable":true,"href":"https:\/\/www.brundisium.net\/index.php\/wp-json\/wp\/v2\/media\/106850"}],"wp:attachment":[{"href":"https:\/\/www.brundisium.net\/index.php\/wp-json\/wp\/v2\/media?parent=106849"}],"wp:term":[{"taxonomy":"category","embeddable":true,"href":"https:\/\/www.brundisium.net\/index.php\/wp-json\/wp\/v2\/categories?post=106849"},{"taxonomy":"post_tag","embeddable":true,"href":"https:\/\/www.brundisium.net\/index.php\/wp-json\/wp\/v2\/tags?post=106849"}],"curies":[{"name":"wp","href":"https:\/\/api.w.org\/{rel}","templated":true}]}}