{"id":106919,"date":"2017-06-20T14:44:43","date_gmt":"2017-06-20T12:44:43","guid":{"rendered":"http:\/\/www.brundisium.net\/?p=106919"},"modified":"2017-06-20T14:44:43","modified_gmt":"2017-06-20T12:44:43","slug":"santa-teresa-un-gruppo-di-lavoratori-scrive-a-marchionna-calpestata-la-dignita-di-noi-laureati-e-diplomati","status":"publish","type":"post","link":"https:\/\/www.brundisium.net\/index.php\/santa-teresa-un-gruppo-di-lavoratori-scrive-a-marchionna-calpestata-la-dignita-di-noi-laureati-e-diplomati\/","title":{"rendered":"Santa Teresa, Un gruppo di lavoratori scrive a Marchionna: &#8220;calpestata la dignit\u00e0 di noi laureati e diplomati&#8221;"},"content":{"rendered":"<p>Un gruppo di lavoratori della Santa Teresa spa, la societ\u00e0 in house della Provincia di Brindisi, tutti laureati e diplomati, con professionalit\u00e0 accertate nell\u2019ambito dell\u2019ente Provincia nel corso dell\u2019ultimo ventennio, identificati da qualche anno con la gi\u00e0 penalizzante qualifica di \u201cSupporti tecnico-amministrativi\u201d, sperano che con la nomina del nuovo Amministratore unico della societ\u00e0, Giuseppe Marchionna, a cui rivolgono un sincero augurio di buon lavoro, sia dia un impulso ai programmi di integrazione occupazionale di tutta la forza lavoro dell\u2019azienda e si dia termine alla forte e ingiustificata discriminazione perpetrata nei loro confronti in questi mesi, abbandonati al loro destino dai vari soggetti interessati, vedendo, tra l\u2019altro, ripetutamente calpestati la loro dignit\u00e0 e i loro diritti.<\/p>\n<p>&nbsp;<\/p>\n<p>Nel contempo si ringrazia chi nel passato si \u00e8 adoperato, secondo le proprie possibilit\u00e0, affinch\u00e9 questi dipendenti, in questo momento sempre pi\u00f9 precari, non perdessero il proprio posto di lavoro.<\/p>\n<p>&nbsp;<\/p>\n<p>Questi lavoratori, attualmente in cassa Integrazione a zero ore nonostante il protocollo d\u2019intesa siglato da OO.SS. e Provincia &#8211; S.Teresa, alla presenza della Regione, quest\u2019ultima garante ed erogatore di fatto delle risorse che alimentano la CIG, nonch\u00e9 prima regione in Italia ad aver contribuito a modificare le norme vigenti al fine di concedere la CIG anche alle societ\u00e0 partecipate, chiedono di avere un trattamento pari agli altri dipendenti, che attualmente sono regolarmente sul proprio posto di lavoro, ognuno secondo le proprie e accertate competenze e professionalit\u00e0. N\u00e9 di pi\u00f9, n\u00e9 di meno che il rispetto delle norme e dell\u2019accordo sottoscritto che richiama ad esse. Cio\u00e8, rotazione equa, corsi di formazione e piani di risanamento dell\u2019azienda per il ricollocamento di tutto il personale.<\/p>\n<p>&nbsp;<\/p>\n<p>Per quanto sopra, si invita chi non \u00e8 effettivamente interessato a tutelare i diritti del suddetto gruppo di impiegati ad astenersi dal rappresentare in qualsiasi sede, compresi gli organi di informazione, le aspettative e i reali bisogni di questi lavoratori. Si ringrazia dell\u2019interessamento formale, fatto ovviamente per il bene di tutti, ma si precisa che le loro legittime istanze, che riferiscono al suddetto accordo regionale, sono state e saranno portate avanti dai propri legittimi rappresentanti sindacali &#8211; oltre che da loro stessi &#8211; e, ove fosse necessario, in altre sedi istituzionali preposte, ricordando che \u201cl\u2019Italia \u00e8 una Repubblica democratica fondata sul lavoro e che la sovranit\u00e0 spetta al popolo\u201d.<br \/>\n&nbsp;<\/p>\n<p>Lettera firmata<br \/>\nRenato Rubino<br \/>\nTommaso Elia<br \/>\nStella Suma<br \/>\nIacopina Mariolo e altri<\/p>\n","protected":false},"excerpt":{"rendered":"<p>Un gruppo di lavoratori della Santa Teresa spa, la societ\u00e0 in house della Provincia di Brindisi, tutti laureati e diplomati, con professionalit\u00e0 accertate nell\u2019ambito dell\u2019ente Provincia nel corso dell\u2019ultimo ventennio, identificati da qualche anno con la gi\u00e0 penalizzante qualifica di \u201cSupporti tecnico-amministrativi\u201d, sperano che con la nomina del nuovo Amministratore unico della societ\u00e0, Giuseppe Marchionna, a cui rivolgono un sincero augurio di buon lavoro, sia dia un impulso ai programmi di integrazione occupazionale di tutta la forza lavoro dell\u2019azienda e si dia termine alla forte e ingiustificata discriminazione perpetrata nei loro confronti in questi mesi, abbandonati al loro destino dai vari soggetti interessati, vedendo, tra l\u2019altro, ripetutamente calpestati la loro dignit\u00e0 e i loro diritti. &nbsp; Nel contempo si ringrazia chi nel passato si \u00e8 adoperato, secondo le proprie possibilit\u00e0, affinch\u00e9 questi dipendenti, in questo momento sempre pi\u00f9 precari, non perdessero il proprio posto di lavoro. &nbsp; Questi lavoratori, attualmente in cassa Integrazione a zero ore nonostante il protocollo d\u2019intesa siglato da OO.SS. e Provincia &#8211; S.Teresa, alla presenza della&#8230;<\/p>\n","protected":false},"author":2,"featured_media":10672,"comment_status":"open","ping_status":"closed","sticky":false,"template":"","format":"standard","meta":{"footnotes":""},"categories":[7],"tags":[958],"class_list":["post-106919","post","type-post","status-publish","format-standard","has-post-thumbnail","hentry","category-news","tag-santa-teresa"],"_links":{"self":[{"href":"https:\/\/www.brundisium.net\/index.php\/wp-json\/wp\/v2\/posts\/106919","targetHints":{"allow":["GET"]}}],"collection":[{"href":"https:\/\/www.brundisium.net\/index.php\/wp-json\/wp\/v2\/posts"}],"about":[{"href":"https:\/\/www.brundisium.net\/index.php\/wp-json\/wp\/v2\/types\/post"}],"author":[{"embeddable":true,"href":"https:\/\/www.brundisium.net\/index.php\/wp-json\/wp\/v2\/users\/2"}],"replies":[{"embeddable":true,"href":"https:\/\/www.brundisium.net\/index.php\/wp-json\/wp\/v2\/comments?post=106919"}],"version-history":[{"count":1,"href":"https:\/\/www.brundisium.net\/index.php\/wp-json\/wp\/v2\/posts\/106919\/revisions"}],"predecessor-version":[{"id":106920,"href":"https:\/\/www.brundisium.net\/index.php\/wp-json\/wp\/v2\/posts\/106919\/revisions\/106920"}],"wp:featuredmedia":[{"embeddable":true,"href":"https:\/\/www.brundisium.net\/index.php\/wp-json\/wp\/v2\/media\/10672"}],"wp:attachment":[{"href":"https:\/\/www.brundisium.net\/index.php\/wp-json\/wp\/v2\/media?parent=106919"}],"wp:term":[{"taxonomy":"category","embeddable":true,"href":"https:\/\/www.brundisium.net\/index.php\/wp-json\/wp\/v2\/categories?post=106919"},{"taxonomy":"post_tag","embeddable":true,"href":"https:\/\/www.brundisium.net\/index.php\/wp-json\/wp\/v2\/tags?post=106919"}],"curies":[{"name":"wp","href":"https:\/\/api.w.org\/{rel}","templated":true}]}}