{"id":106937,"date":"2017-06-20T16:21:59","date_gmt":"2017-06-20T14:21:59","guid":{"rendered":"http:\/\/www.brundisium.net\/?p=106937"},"modified":"2017-06-20T16:21:59","modified_gmt":"2017-06-20T14:21:59","slug":"giornata-mondiale-del-rifugiato-lo-sprar-di-brindisi-promuove-un-open-day-di-informazione-sulle-tematiche-dei-rifugiati","status":"publish","type":"post","link":"https:\/\/www.brundisium.net\/index.php\/giornata-mondiale-del-rifugiato-lo-sprar-di-brindisi-promuove-un-open-day-di-informazione-sulle-tematiche-dei-rifugiati\/","title":{"rendered":"Giornata Mondiale del Rifugiato: lo SPRAR di Brindisi promuove un open-day di informazione sulle tematiche dei Rifugiati"},"content":{"rendered":"<p><a href=\"http:\/\/www.brundisium.net\/brun\/wp-content\/uploads\/2017\/06\/Logo-SPRAR.jpg\"><\/a><a href=\"http:\/\/www.brundisium.net\/brun\/wp-content\/uploads\/2017\/06\/Logo-SPRAR.jpg\"><img loading=\"lazy\" decoding=\"async\" class=\"alignright size-full wp-image-106939\" src=\"http:\/\/www.brundisium.net\/brun\/wp-content\/uploads\/2017\/06\/Logo-SPRAR.jpg\" alt=\"\" width=\"259\" height=\"194\" \/><\/a>A livello planetario, la situazione continua ad essere drammatica secondo i dati dell\u2019UNHCR sono 67,7 milioni le persone in tutto il mondo, costrette a fuggire dal proprio Paese per vari motivi. Di queste, circa 21,3 milioni sono rifugiati, pi\u00f9 della met\u00e0 dei quali di et\u00e0 inferiore ai 18 anni.<\/p>\n<p>&nbsp;<\/p>\n<p>Quello che noi vediamo in Europa \u00e8 un riflesso della realt\u00e0 molto parziale di quello che si svolge a livello mondiale, i rifugiati che vivono nell\u2019Unione europea sono poco pi\u00f9 di cinque milioni, di cui solo circa 200.000 in Italia. La maggior parte dei rifugiati sono accolti nei paesi limitrofi alle aree di crisi e certamente non in Europa!<\/p>\n<p>&nbsp;<\/p>\n<p>La difficolt\u00e0 che si vive comunque nei Paesi europei e in Italia \u00e8 perch\u00e9 questo afflusso, apparentemente &#8220;consistente&#8221;, rappresenta qualcosa di nuovo e tragico a causa delle migliaia di vittime dei viaggi sulle &#8220;barcacce&#8221; nel mediterraneo.<\/p>\n<p>&nbsp;<\/p>\n<p>Ci si trova a interpretare e capire con difficolt\u00e0 quanto in realt\u00e0 succede su scala mondiale. Questa difficolt\u00e0, alimentata da populismi e stereotipi genera fenomeni di paura dello straniero, di conseguente respingimento fino alla xenofobia e al razzismo. Sono ormai massicce le campagne tendenti a delegittimare coloro che auspicano politiche e pratiche dell&#8217;accoglienza e coloro che operano per garantire con professionalit\u00e0 ed onest\u00e0 i servizi di aiuto ai profughi previsti dallo Stato Italiano e dalla Comunit\u00e0 Europea. Si propaganda la cultura del &#8220;chiudersi a riccio&#8221; per preservare la propria identit\u00e0 nazionale, di razza e religione agitando spauracchi e fomentando paure e terrore nei confronti di chi fugge dalla guerra, fame e morte. Gli stereotipi e le paure si destrutturano e sconfiggono con la cultura, l&#8217;informazione e l&#8217;apertura mentale e dei cuori.<\/p>\n<p>&nbsp;<\/p>\n<p>&nbsp;<\/p>\n<p>La Giornata Mondiale del Rifugiato promuove l&#8217;informazione e la sensibilizzazione delle tematiche relative ai Rifugiati e Richiedenti Asilo, in tal senso la Cooperativa &#8220;Solidariet\u00e0 e Rinnovamento&#8221;, che opera nel settore dell\u2019accoglienza del sistema SPRAR da 16 anni, promuove occasioni di incontro e scambio per informare e sensibilizzare i cittadini su queste tematiche. A tal proposito e con la mobilitazione della la rete di organizzazioni costituta da Arci Puglia, associazione Libera (Associazioni, Nomi e Numeri contro le mafie), CGIL, SPI-CGIL, FLAI-CGIL, AUSER e Rete della Conoscenza Puglia, si svolger\u00e0 presso il Centro di Accoglienza per Richiedenti Asilo e Rifugiati (SPRAR) di Brindisi-Tuturano (una struttura confiscata alla SCU) il Campo della Legalit\u00e0 2017 dal 26\/06\/2017 al 02\/07\/2017.<\/p>\n<p>&nbsp;<\/p>\n<p>I ragazzi e le ragazze che parteciperanno al Campo della legalit\u00e0 faranno base nel Centro SPRAR di Brindisi, il periodo coincide con gli eventi di promozione e sensibilizzazione legati alla Giornata del Rifugiato, per questo la sera di sabato 01\/07\/2017 \u00e8 previsto un open-day del Centro ed una festa multietnica, un evento aperto alla cittadinanza per favorire l\u2019incontro interculturale e lo scambio di conoscenze.<\/p>\n<p>&nbsp;<\/p>\n<p>&nbsp;<\/p>\n<p><strong>Coop. Soc. Solidariet\u00e0 e Rinnovamento<\/strong><\/p>\n","protected":false},"excerpt":{"rendered":"<p>A livello planetario, la situazione continua ad essere drammatica secondo i dati dell\u2019UNHCR sono 67,7 milioni le persone in tutto il mondo, costrette a fuggire dal proprio Paese per vari motivi. Di queste, circa 21,3 milioni sono rifugiati, pi\u00f9 della met\u00e0 dei quali di et\u00e0 inferiore ai 18 anni. &nbsp; Quello che noi vediamo in Europa \u00e8 un riflesso della realt\u00e0 molto parziale di quello che si svolge a livello mondiale, i rifugiati che vivono nell\u2019Unione europea sono poco pi\u00f9 di cinque milioni, di cui solo circa 200.000 in Italia. La maggior parte dei rifugiati sono accolti nei paesi limitrofi alle aree di crisi e certamente non in Europa! &nbsp; La difficolt\u00e0 che si vive comunque nei Paesi europei e in Italia \u00e8 perch\u00e9 questo afflusso, apparentemente &#8220;consistente&#8221;, rappresenta qualcosa di nuovo e tragico a causa delle migliaia di vittime dei viaggi sulle &#8220;barcacce&#8221; nel mediterraneo. &nbsp; Ci si trova a interpretare e capire con difficolt\u00e0 quanto in realt\u00e0 succede su scala mondiale. Questa difficolt\u00e0, alimentata da populismi e stereotipi&#8230;<\/p>\n","protected":false},"author":2,"featured_media":106938,"comment_status":"open","ping_status":"closed","sticky":false,"template":"","format":"standard","meta":{"footnotes":""},"categories":[7],"tags":[4470,4469],"class_list":["post-106937","post","type-post","status-publish","format-standard","has-post-thumbnail","hentry","category-news","tag-giornata-mondiale-del-rifugiato","tag-sprar"],"_links":{"self":[{"href":"https:\/\/www.brundisium.net\/index.php\/wp-json\/wp\/v2\/posts\/106937","targetHints":{"allow":["GET"]}}],"collection":[{"href":"https:\/\/www.brundisium.net\/index.php\/wp-json\/wp\/v2\/posts"}],"about":[{"href":"https:\/\/www.brundisium.net\/index.php\/wp-json\/wp\/v2\/types\/post"}],"author":[{"embeddable":true,"href":"https:\/\/www.brundisium.net\/index.php\/wp-json\/wp\/v2\/users\/2"}],"replies":[{"embeddable":true,"href":"https:\/\/www.brundisium.net\/index.php\/wp-json\/wp\/v2\/comments?post=106937"}],"version-history":[{"count":1,"href":"https:\/\/www.brundisium.net\/index.php\/wp-json\/wp\/v2\/posts\/106937\/revisions"}],"predecessor-version":[{"id":106940,"href":"https:\/\/www.brundisium.net\/index.php\/wp-json\/wp\/v2\/posts\/106937\/revisions\/106940"}],"wp:featuredmedia":[{"embeddable":true,"href":"https:\/\/www.brundisium.net\/index.php\/wp-json\/wp\/v2\/media\/106938"}],"wp:attachment":[{"href":"https:\/\/www.brundisium.net\/index.php\/wp-json\/wp\/v2\/media?parent=106937"}],"wp:term":[{"taxonomy":"category","embeddable":true,"href":"https:\/\/www.brundisium.net\/index.php\/wp-json\/wp\/v2\/categories?post=106937"},{"taxonomy":"post_tag","embeddable":true,"href":"https:\/\/www.brundisium.net\/index.php\/wp-json\/wp\/v2\/tags?post=106937"}],"curies":[{"name":"wp","href":"https:\/\/api.w.org\/{rel}","templated":true}]}}