{"id":107002,"date":"2017-06-21T11:02:11","date_gmt":"2017-06-21T09:02:11","guid":{"rendered":"http:\/\/www.brundisium.net\/?p=107002"},"modified":"2017-06-21T11:27:30","modified_gmt":"2017-06-21T09:27:30","slug":"oria-destate-2017-tutto-il-programma","status":"publish","type":"post","link":"https:\/\/www.brundisium.net\/index.php\/oria-destate-2017-tutto-il-programma\/","title":{"rendered":"Oria d&#8217;Estate 2017: tutto il programma"},"content":{"rendered":"<p><a href=\"http:\/\/www.brundisium.net\/brun\/wp-content\/uploads\/2017\/06\/Oria-estate-2017-2.jpg\"><img loading=\"lazy\" decoding=\"async\" class=\"alignright size-medium wp-image-107005\" src=\"http:\/\/www.brundisium.net\/brun\/wp-content\/uploads\/2017\/06\/Oria-estate-2017-2-213x300.jpg\" alt=\"\" width=\"213\" height=\"300\" srcset=\"https:\/\/www.brundisium.net\/brun\/wp-content\/uploads\/2017\/06\/Oria-estate-2017-2-213x300.jpg 213w, https:\/\/www.brundisium.net\/brun\/wp-content\/uploads\/2017\/06\/Oria-estate-2017-2-768x1082.jpg 768w, https:\/\/www.brundisium.net\/brun\/wp-content\/uploads\/2017\/06\/Oria-estate-2017-2-727x1024.jpg 727w, https:\/\/www.brundisium.net\/brun\/wp-content\/uploads\/2017\/06\/Oria-estate-2017-2.jpg 2000w\" sizes=\"auto, (max-width: 213px) 100vw, 213px\" \/><\/a>L\u2019Amministrazione Comunale di Oria presenta il cartellone degli eventi intitolato \u201cOria d\u2019estate 2017\u201d.<\/p>\n<p>&nbsp;<\/p>\n<p>Quest\u2019anno l\u2019estate Oritana, tra novit\u00e0 e conferme, inizia il 22 giugno per finire il 10 settembre, offrendo alla cittadinanza un calendario ricco di manifestazioni che allieteranno le serate di grandi e piccini, ma anche di tanti turisti che avranno modo di ammirare il nostro Paese in una veste nuova.<\/p>\n<p>&nbsp;<\/p>\n<p>Il Museo dei Messapi nell\u2019elegante Palazzo Martini, da poco inaugurato, insieme a Piazza Lorch e Parco Montalbano, saranno le location pi\u00f9 gettonate per ospitare la maggior parte degli appuntamenti previsti in calendario.<\/p>\n<p>&nbsp;<\/p>\n<p>Ebbene, un programma che come sempre, soddisfer\u00e0 i gusti di un pubblico sempre pi\u00f9 esigente e curioso di assistere ad eventi che siano oltre che una novit\u00e0 anche di qualit\u00e0.<\/p>\n<p>&nbsp;<\/p>\n<p>Iniziamo col dire che il cartellone ed il pieghevole sono frutto di una collaborazione con il servizio civile attivo all\u2019interno del nostro Comune, per cui grazie a questo prezioso contributo \u00e8 stato possibile realizzare un prodotto originale, colorato ed utile soprattutto al turista che attraverso la cartina avr\u00e0 l\u2019opportunit\u00e0 di individuare pi\u00f9 velocemente i luoghi delle manifestazioni; anche l\u2019idea di inserire il sole su Oria mira a far comprendere che il nostro Paese sta costruendo pian piano le basi per diventare una vera e propria meta turistica, a dispetto di quanti sostengono il contrario.<\/p>\n<p>&nbsp;<\/p>\n<p>Quest\u2019anno il Torneo dei Rioni, orgoglio della citt\u00e0 e vanto del Salento, giunto alla sua 51\u00b0 edizione, viene inserito in una settimana tutta all\u2019insegna del Medioevo.<\/p>\n<p>&nbsp;<\/p>\n<p>A cura della Cooperativa Nuova Hyria sar\u00e0 aperta la Basilica SS. Maria Assunta in Cielo, gli ipogei,la Cripta delle Mummie, la Pinacoteca Episcopale, la Torre Carnara , il museo archeologico dei Messapi, il Parco archeologico Pasculli, il museo archeologico di Piazza Lorch e Parco Montalbano.<br \/>\nRitornano le CENE PROPIZIATORIE NEI RIONI, SAN BASILIO DAY, la FESTA DELLA BANDIERA, FRECCE FEDERICIANE, CENA MEDIEVALE in cui \u00e8 prevista anche una gara di mangiatori di peperoncino, L\u2019INVESTITURA DEL CAVALIERE, il MERCATINO, gli ACCAMPAMENTI con scene di vita medievale e la BENEDIZIONE DEL PALIO, che quest\u2019anno avverr\u00e0 in Cattedrale, celebrata da S.E. Vescovo Mons. Pisanello.<\/p>\n<p>&nbsp;<\/p>\n<p>Il sabato 12 agosto ritorna l\u2019atteso CORTEO STORICO DI FEDERICO II, con circa 1000 figuranti, che percorrer\u00e0 le principali vie cittadine addobbate con i vessilli rionali, per giungere domenica 13, dopo una agguerrita sfida tra i Rioni, all\u2019assegnazione dell\u2019ambito palio, offerto dall\u2019Amministrazione Comunale di una cittadina federiciana; il tutto si conclude il 2 settembre con una serata di gala, organizzata dalla Proloco in collaborazione con i Rioni.<br \/>\nSempre all\u2019insegna del Medioevo non possiamo dimenticare il PARATORNEO, che senza dubbio si conferma tra le manifestazioni pi\u00f9 emozionanti sia sotto il profilo sociale che culturale.<\/p>\n<p>&nbsp;<\/p>\n<p>Altro evento che mira al sociale e che nella prima edizione ha riscosso un notevole successo \u00e8 VIZI E VIRTU\u2019, uno spettacolo \u201cdall\u2019humor satirico che attraverso le azioni messe in atto dall\u2019Associazione Speranza per la Vita Onlus pone l\u2019accento sulle problematiche derivanti dalle diverse forme di dipendenza e sul percorso di trattamento. Il tutto realizzato da Peppe e Tita, prodotto e registrato da Antenna Sud e Canale 85 con la partecipazione degli attori Lucio Montanaro ed Elio Angelini.<\/p>\n<p>&nbsp;<\/p>\n<p>Ritorna l\u2019atteso GIOCORIA, il centro estivo pensato per i ragazzi dai 6 ai 12 anni, voluto e riproposto dall\u2019Assessorato ai servizi sociali, sulla scorta dell\u2019enorme entusiasmo mostrato lo scorso anno.<\/p>\n<p>&nbsp;<\/p>\n<p>Ricordiamo un&#8217;altra manifestazione dal titolo \u201cTOGHETER FESTIVAL DELLE ARTI E DELLA SOLIDARIETA\u2019, patrocinata della Regione Puglia e proposta in molti comuni della provincia con l\u2019obiettivo di raccogliere fondi per il centro Italia colpito dal terremoto.<\/p>\n<p>&nbsp;<\/p>\n<p><a href=\"http:\/\/www.brundisium.net\/brun\/wp-content\/uploads\/2017\/06\/Oria-estate-2017-1.jpg\"><img loading=\"lazy\" decoding=\"async\" class=\"size-medium wp-image-107004 alignleft\" src=\"http:\/\/www.brundisium.net\/brun\/wp-content\/uploads\/2017\/06\/Oria-estate-2017-1-215x300.jpg\" alt=\"\" width=\"215\" height=\"300\" srcset=\"https:\/\/www.brundisium.net\/brun\/wp-content\/uploads\/2017\/06\/Oria-estate-2017-1-215x300.jpg 215w, https:\/\/www.brundisium.net\/brun\/wp-content\/uploads\/2017\/06\/Oria-estate-2017-1-768x1073.jpg 768w, https:\/\/www.brundisium.net\/brun\/wp-content\/uploads\/2017\/06\/Oria-estate-2017-1-733x1024.jpg 733w, https:\/\/www.brundisium.net\/brun\/wp-content\/uploads\/2017\/06\/Oria-estate-2017-1.jpg 2000w\" sizes=\"auto, (max-width: 215px) 100vw, 215px\" \/><br \/>\n<\/a>Tra gli eventi organizzati dalla citt\u00e0 di Oria ricordiamo l\u2019anteprima nazionale di un progetto musicale COME ERAVAMO, uno spettacolo itinerante che vedr\u00e0 l\u2019esibizione di una emergente orchestra composta da giovani strumentisti sotto la direzione del direttore d\u2019Orchestra Fabio Orlando con la partecipazione straordinaria di Pino Ingrosso, scritto e diretto da Gino Capone che far\u00e0 da padrone di casa a famosi attori, attrici e ballerini.<br \/>\nEd ancora GUSTORIA, evento che prevede una massiccia presenza di turisti e che vedr\u00e0 i ristoratori del centro storico sfidarsi nel preparare variegate specialit\u00e0 di orecchiette, accompagnate da buon vino e piacevoli momenti di intrattenimento tra musica, mostre, mercatino del gusto, artigianato e spettacoli.<\/p>\n<p>&nbsp;<\/p>\n<p>Contemporaneamente al suddetto evento saranno aperti al pubblico tutti i siti di maggiore interesse storico-culturale, in particolare il Museo dei Messapi far\u00e0 da location ad una rappresentazione in costume che riproporr\u00e0 all\u2019interno dell\u2019atrio di Palazzo Martini iL SIMPOSIO DELLA REGGIA MESSAPICA\u201d.<\/p>\n<p>&nbsp;<\/p>\n<p>Fra le altre novit\u00e0 che interessano in particolare i giovani, ricordiamo il concerto \u201cBARATTO IN TOUR\u201d degli allievi di Piero Iunco, QUATTRO PASSI NEL PARCO, un evento organizzato da diverse associazioni appassionate di storia e natura in collaborazione al progetto servizio civile nazionale SPAZIO RAGAZZI all\u2019interno del suggestivo Parco Montalbano, ancora MEETING GALA\u2019 che vede esibirsi tante giovanissime ballerine, STAR PER UNA NOTTE, un talent per giovanissimi appassionati di musica, una esilarante commedia musicale dal titolo \u201cTRA MOGLIE E MARITO NON METTERE IL DITO\u201d riproposta dagli studenti del liceo scientifico V. Lilla.<\/p>\n<p>&nbsp;<\/p>\n<p>E parlando ancora di giovani ricordiamo gli studenti delle quinte del Primo Istituto Comprensivo De Amicis-Milizia con un progetto molto interessante dal nome \u201cGIROVANDO PER ANTICHE PIETRE\u201d e \u201cURIA: PONTE TRA CULTURE\u201d organizzato da FAI Delegazione di Brindisi e Liceo Scientifico V. Lilla di Francavilla Fontana.<br \/>\nMolte le RASSEGNE TEATRALI, sei delle quali partecipano al CONCORSO TEATRORIA (II edizione) che si concluder\u00e0 il 18 agosto con la premiazione della migliore rappresentazione, concorso curato da \u201cLa nostra Compagnia\u201d in collaborazione con la Citt\u00e0 di Oria. Altre commedie come \u201cTAXI A DUE PIAZZE DI RAY CLOONEY ed uno spettacolo di fine laboratorio denominato \u201cDESTINAZIONE PALCO\u201d condotto da Mino Profico, entrambe proposte dall\u2019Associazione filodrammatica Ka-tet destini teatrali, ed infine una commedia della Compagnia Talenti nascosti di Torre S. Susanna dal titolo \u201csintitilu e citti\u201d.<\/p>\n<p>&nbsp;<\/p>\n<p>Anche il 2017 ripropone le ennesime edizioni fra musica ed intrattenimento, fra queste ricordiamo ORIA BEER FESTIVAL, con cover di Ligabue, Mod\u00e0, Vasco Rossi e Negramaro e ORIA IN COUNTRY, tra cowboy, cavalli, grigliate al ritmo della musica popolare texana.<\/p>\n<p>&nbsp;<\/p>\n<p>In occasione delle feste religiose (Madonna di Gallana e S. Lorenzo) si esibiranno gruppi musicali come \u201cI SARCHIATORIA, VEGA80 &amp; REWIND70 e dulcis in fundo IL CONCERTO DI TONY ESPOSITO sulle note di Kalimba de Luna previsto il 29 agosto, in occasione della festa patronale di S. Barsanofio.<\/p>\n<p>&nbsp;<\/p>\n<p>Continuiamo con la musica ricordando ARTISTI IN PIAZZA CON MUSICA LIVE, il concerto della cantautrice islandese JOANNE KEARNEY, TAI JI, DANZARE LA VITA con Giuseppe Urselli, LA MUSICA NEL SANGUE dell\u2019Associazione AVIS alla sua X edizione che propone il tema \u201cESSERE UMANI, la JONIO WIND ORCHESTRA che si esibir\u00e0 suonando importanti brani d\u2019autore, il CONCERTO DI MUSICA POPOLARE DI NADIA MARTINA E JANDA ENSEMBLE POPOLARE subito dopo l\u2019assegnazione del premio per il miglior balcone fiorito, MITICI ANNI 60, NEW STAR 2017 con una simpatica sfida di karaoke.<\/p>\n<p>&nbsp;<\/p>\n<p>Ovviamente si fa spazio la cultura, con la presentazione del 2\u00b0 VOLUME DELLA STORIA DI ORIA scritto dal Prof. Giuseppe D\u2019Amico, successivo al 1\u00b0 volume gi\u00e0 presentato nell\u2019estate del 2016.<\/p>\n<p>&nbsp;<\/p>\n<p>Fra gli eventi sportivi emerge la gara ciclistica di mtb CHALLENGE X CO PUGLIA IN TOUR 2017, 500 DAY E VI PIT STOP IN 500 fra giochi e prove di abilit\u00e0 a bordo dell\u2019indimenticabile 500.<\/p>\n<p>&nbsp;<\/p>\n<p>Infine non possono mancare le sfilate per gli appassionati di moda, MISS E MISTER INTIMO ITALIA E MISS 500 DAY.<br \/>\nDopo aver illustrato le tante novit\u00e0 previste in calendario, concludo rivolgendo un sentito ringraziamento a chi vorr\u00e0 collaborare con l\u2019Amministrazione nel contribuire a tenere pulita e decorosa la nostra Oria, soprattutto nel rispetto dei tanti graditi ospiti che verranno a visitare il nostro borgo cittadino che non ha nulla da invidiare ad altre realt\u00e0 a noi vicine.<\/p>\n<p>&nbsp;<\/p>\n<p>Un ringraziamento speciale a quanti criticano e continuano a criticare questo settore dell\u2019Amministrazione , in primis quella parte dell\u2019opposizione\u2026forse per invidia o per gelosia, ma noi continuiamo a ringraziarli sempre, perch\u00e9 senza di loro, senza le loro critiche, i cittadini non noterebbero il lavoro e lo sforzo continuo che questa Amministrazione sta facendo e soprattutto il cambio di metodologia rispetto al passato.<\/p>\n<p>&nbsp;<\/p>\n<p>Per info su visite guidate contattare i seguenti numeri:<br \/>\n338.2655360 (anche whatsapp) \u2013 320.3789070.<\/p>\n","protected":false},"excerpt":{"rendered":"<p>L\u2019Amministrazione Comunale di Oria presenta il cartellone degli eventi intitolato \u201cOria d\u2019estate 2017\u201d. &nbsp; Quest\u2019anno l\u2019estate Oritana, tra novit\u00e0 e conferme, inizia il 22 giugno per finire il 10 settembre, offrendo alla cittadinanza un calendario ricco di manifestazioni che allieteranno le serate di grandi e piccini, ma anche di tanti turisti che avranno modo di ammirare il nostro Paese in una veste nuova. &nbsp; Il Museo dei Messapi nell\u2019elegante Palazzo Martini, da poco inaugurato, insieme a Piazza Lorch e Parco Montalbano, saranno le location pi\u00f9 gettonate per ospitare la maggior parte degli appuntamenti previsti in calendario. &nbsp; Ebbene, un programma che come sempre, soddisfer\u00e0 i gusti di un pubblico sempre pi\u00f9 esigente e curioso di assistere ad eventi che siano oltre che una novit\u00e0 anche di qualit\u00e0. &nbsp; Iniziamo col dire che il cartellone ed il pieghevole sono frutto di una collaborazione con il servizio civile attivo all\u2019interno del nostro Comune, per cui grazie a questo prezioso contributo \u00e8 stato possibile realizzare un prodotto originale, colorato ed utile soprattutto al&#8230;<\/p>\n","protected":false},"author":2,"featured_media":107003,"comment_status":"open","ping_status":"closed","sticky":false,"template":"","format":"standard","meta":{"footnotes":""},"categories":[7],"tags":[294,4474],"class_list":["post-107002","post","type-post","status-publish","format-standard","has-post-thumbnail","hentry","category-news","tag-oria","tag-oria-destate"],"_links":{"self":[{"href":"https:\/\/www.brundisium.net\/index.php\/wp-json\/wp\/v2\/posts\/107002","targetHints":{"allow":["GET"]}}],"collection":[{"href":"https:\/\/www.brundisium.net\/index.php\/wp-json\/wp\/v2\/posts"}],"about":[{"href":"https:\/\/www.brundisium.net\/index.php\/wp-json\/wp\/v2\/types\/post"}],"author":[{"embeddable":true,"href":"https:\/\/www.brundisium.net\/index.php\/wp-json\/wp\/v2\/users\/2"}],"replies":[{"embeddable":true,"href":"https:\/\/www.brundisium.net\/index.php\/wp-json\/wp\/v2\/comments?post=107002"}],"version-history":[{"count":3,"href":"https:\/\/www.brundisium.net\/index.php\/wp-json\/wp\/v2\/posts\/107002\/revisions"}],"predecessor-version":[{"id":107007,"href":"https:\/\/www.brundisium.net\/index.php\/wp-json\/wp\/v2\/posts\/107002\/revisions\/107007"}],"wp:featuredmedia":[{"embeddable":true,"href":"https:\/\/www.brundisium.net\/index.php\/wp-json\/wp\/v2\/media\/107003"}],"wp:attachment":[{"href":"https:\/\/www.brundisium.net\/index.php\/wp-json\/wp\/v2\/media?parent=107002"}],"wp:term":[{"taxonomy":"category","embeddable":true,"href":"https:\/\/www.brundisium.net\/index.php\/wp-json\/wp\/v2\/categories?post=107002"},{"taxonomy":"post_tag","embeddable":true,"href":"https:\/\/www.brundisium.net\/index.php\/wp-json\/wp\/v2\/tags?post=107002"}],"curies":[{"name":"wp","href":"https:\/\/api.w.org\/{rel}","templated":true}]}}