{"id":107058,"date":"2017-06-21T15:25:08","date_gmt":"2017-06-21T13:25:08","guid":{"rendered":"http:\/\/www.brundisium.net\/?p=107058"},"modified":"2017-06-21T15:25:08","modified_gmt":"2017-06-21T13:25:08","slug":"la-natura-aiuta-a-guarire-e-torre-guaceto-e-vicina-a-chi-soffre","status":"publish","type":"post","link":"https:\/\/www.brundisium.net\/index.php\/la-natura-aiuta-a-guarire-e-torre-guaceto-e-vicina-a-chi-soffre\/","title":{"rendered":"La natura aiuta a guarire e Torre Guaceto \u00e8 vicina a chi soffre"},"content":{"rendered":"<p><a href=\"http:\/\/www.brundisium.net\/brun\/wp-content\/uploads\/2017\/06\/TORRE-GUACETO-GUARIGIONI-6.jpg\"><img loading=\"lazy\" decoding=\"async\" class=\"alignright size-medium wp-image-107065\" src=\"http:\/\/www.brundisium.net\/brun\/wp-content\/uploads\/2017\/06\/TORRE-GUACETO-GUARIGIONI-6-300x169.jpg\" alt=\"\" width=\"300\" height=\"169\" srcset=\"https:\/\/www.brundisium.net\/brun\/wp-content\/uploads\/2017\/06\/TORRE-GUACETO-GUARIGIONI-6-300x169.jpg 300w, https:\/\/www.brundisium.net\/brun\/wp-content\/uploads\/2017\/06\/TORRE-GUACETO-GUARIGIONI-6.jpg 700w\" sizes=\"auto, (max-width: 300px) 100vw, 300px\" \/><\/a>In occasione della Giornata Nazionale per la lotta alle Leucemie, Linfomi e Mieloma, oggi, il Consorzio di Gestione di Torre Guaceto e BrinAIL hanno organizzato una giornata in Riserva.<\/p>\n<p>&nbsp;<\/p>\n<p>&nbsp;<\/p>\n<p>Sotto la guida del personale di Torre Guaceto, pazienti in fase riabilitativa, medici, vertici Brinail e volontari hanno percorso le vie della natura incontaminata dell\u2019area protetta con il fine ultimo di mettere da parte il dolore ed aprirsi ad un momento di gioia, quello del contatto con l\u2019ambiente.<\/p>\n<p>&nbsp;<\/p>\n<p>&nbsp;<\/p>\n<p><a href=\"http:\/\/www.brundisium.net\/brun\/wp-content\/uploads\/2017\/06\/TORRE-GUACETO-GUARIGIONI-1.jpg\"><img loading=\"lazy\" decoding=\"async\" class=\"size-medium wp-image-107060 alignleft\" src=\"http:\/\/www.brundisium.net\/brun\/wp-content\/uploads\/2017\/06\/TORRE-GUACETO-GUARIGIONI-1-300x225.jpg\" alt=\"\" width=\"300\" height=\"225\" srcset=\"https:\/\/www.brundisium.net\/brun\/wp-content\/uploads\/2017\/06\/TORRE-GUACETO-GUARIGIONI-1-300x225.jpg 300w, https:\/\/www.brundisium.net\/brun\/wp-content\/uploads\/2017\/06\/TORRE-GUACETO-GUARIGIONI-1.jpg 700w\" sizes=\"auto, (max-width: 300px) 100vw, 300px\" \/><br \/>\n<\/a>La giornata si \u00e8 aperta con una conferenza stampa presso il Centro Visite di Torre Guaceto, Al Gawist.<\/p>\n<p>&nbsp;<\/p>\n<p>&nbsp;<\/p>\n<p>Vi hanno preso parte il presidente protempore di Ail, Mino Alba che ha elogiato la Riserva, la presidente Carla Sergio che ha raccontato la scelta di Torre Guaceto quale location ideale per questa giornata in base alla pace e alla bellezza che qui caratterizzano ogni angolo naturale e dell\u2019importante opera svolta in favore dei pazienti brindisini con il recente acquisto di poltrone per il day hospital e persino tablet, perch\u00e9 anche rilassarsi aiuta a stare meglio.<\/p>\n<p>&nbsp;<\/p>\n<p>&nbsp;<\/p>\n<p>Poi ha preso la parola il direttore dell\u2019UOC di Ematologia dell\u2019ospedale \u201cPerrino\u201d di Brindisi, Domenico Pastore: \u201cIl mio sogno \u00e8 che i pazienti possano essere curati a Brindisi, cos\u00ec come a Milano, che gli standard ospedalieri diventino gli stessi ovunque e, poi, anche le piccole cose come un tablet o una giornata come questa sono importanti per i nostri malati\u201d.<\/p>\n<p>&nbsp;<\/p>\n<p>&nbsp;<\/p>\n<p><a href=\"http:\/\/www.brundisium.net\/brun\/wp-content\/uploads\/2017\/06\/TORRE-GUACETO-GUARIGIONI-2.jpg\"><img loading=\"lazy\" decoding=\"async\" class=\"alignright size-medium wp-image-107061\" src=\"http:\/\/www.brundisium.net\/brun\/wp-content\/uploads\/2017\/06\/TORRE-GUACETO-GUARIGIONI-2-300x225.jpg\" alt=\"\" width=\"300\" height=\"225\" srcset=\"https:\/\/www.brundisium.net\/brun\/wp-content\/uploads\/2017\/06\/TORRE-GUACETO-GUARIGIONI-2-300x225.jpg 300w, https:\/\/www.brundisium.net\/brun\/wp-content\/uploads\/2017\/06\/TORRE-GUACETO-GUARIGIONI-2.jpg 700w\" sizes=\"auto, (max-width: 300px) 100vw, 300px\" \/><br \/>\n<\/a>Il presidente dell\u2019associazione In Photo, Teo Iaia ha presentato il progetto \u201cUn viaggio con la luce\u201d portato avanti con la collaborazione di BrinAIL e rivolto a persone con patologia ematologica con la finalit\u00e0 di creare dei presupposti per comunicare con la fotografia: \u201cLa fotografia riveste un ruolo importante. Un anno fa eravamo in questa riserva con una docente della Nikon School i cui servizi sono pubblicati spesso su National Geographic. Tanti altri sono gli artisti intervenuti da noi che hanno lasciato delle testimonianze importanti del territorio. Siamo soddisfatti anche di questi risultati che la promozione della fotografia porta a casa. Cos\u00ec come delle altre collaborazioni nel sociale, non in ultima quella con la Brinail, che abbiamo accolto e sviluppato con entusiasmo. Un percorso terapeutico passa anche dallo studio della fotografia come passione e come forma di evasione, mettendo in essa emozioni che per il suo mezzo arrivano a chi fruisce delle immagini\u201d.<\/p>\n<p>&nbsp;<\/p>\n<p>&nbsp;<\/p>\n<p>Entusiasta e propositivo il presidente con Consorzio di Gestione di Torre Guaceto, Vincenzo Epifani: \u201cSono sinceramente commosso, mi inorgoglisce l\u2019idea che per un giorno l\u2019organizzazione di Torre Guaceto possa contribuire a regalare qualche ora di spensieratezza a chi soffre. Nell\u2019ambito della Carta Europea per il Turismo Sostenibile stiamo gi\u00e0 portando avanti un progetto per l\u2019organizzazione di camp estivi per l\u2019accoglienza e l\u2019offerta di una serie di servizi ai bambini che hanno patito la sofferenza oncologica e le loro famiglie. La natura fa bene allo spirito, aiuta a guarire perch\u00e9 l\u2019immersione in un contesto rilassante fa bene anche al corpo. Purtroppo ogni giorno siamo esposti a numerosi agenti potenzialmente dannosi per la nostra salute. Basti pensare a quante volte mangiamo verdura coltivata in campi inquinati. A Torre Guaceto abbiamo lavorato tanto per \u2018guarire\u2019 i terreni agricoli dei nostri contadini, affinch\u00e9 tutto ci\u00f2 che viene prodotto in Riserva non danneggi la salute del consumatore, anzi faccia bene. La speranza \u00e8 che tutto il nostro territorio diventi un po\u2019 Torre Guaceto\u201d.<\/p>\n<p>&nbsp;<\/p>\n<p>&nbsp;<\/p>\n<p><strong>COMUNICAZIONE CONSORZIO DI GESTIONE DI TORRE GUACETO &#8211;<\/strong><\/p>\n","protected":false},"excerpt":{"rendered":"<p>In occasione della Giornata Nazionale per la lotta alle Leucemie, Linfomi e Mieloma, oggi, il Consorzio di Gestione di Torre Guaceto e BrinAIL hanno organizzato una giornata in Riserva. &nbsp; &nbsp; Sotto la guida del personale di Torre Guaceto, pazienti in fase riabilitativa, medici, vertici Brinail e volontari hanno percorso le vie della natura incontaminata dell\u2019area protetta con il fine ultimo di mettere da parte il dolore ed aprirsi ad un momento di gioia, quello del contatto con l\u2019ambiente. &nbsp; &nbsp; La giornata si \u00e8 aperta con una conferenza stampa presso il Centro Visite di Torre Guaceto, Al Gawist. &nbsp; &nbsp; Vi hanno preso parte il presidente protempore di Ail, Mino Alba che ha elogiato la Riserva, la presidente Carla Sergio che ha raccontato la scelta di Torre Guaceto quale location ideale per questa giornata in base alla pace e alla bellezza che qui caratterizzano ogni angolo naturale e dell\u2019importante opera svolta in favore dei pazienti brindisini con il recente acquisto di poltrone per il day hospital e persino tablet,&#8230;<\/p>\n","protected":false},"author":2,"featured_media":107059,"comment_status":"open","ping_status":"closed","sticky":false,"template":"","format":"standard","meta":{"footnotes":""},"categories":[7],"tags":[4479,1126],"class_list":["post-107058","post","type-post","status-publish","format-standard","has-post-thumbnail","hentry","category-news","tag-brin-ail","tag-torre-guaceto"],"_links":{"self":[{"href":"https:\/\/www.brundisium.net\/index.php\/wp-json\/wp\/v2\/posts\/107058","targetHints":{"allow":["GET"]}}],"collection":[{"href":"https:\/\/www.brundisium.net\/index.php\/wp-json\/wp\/v2\/posts"}],"about":[{"href":"https:\/\/www.brundisium.net\/index.php\/wp-json\/wp\/v2\/types\/post"}],"author":[{"embeddable":true,"href":"https:\/\/www.brundisium.net\/index.php\/wp-json\/wp\/v2\/users\/2"}],"replies":[{"embeddable":true,"href":"https:\/\/www.brundisium.net\/index.php\/wp-json\/wp\/v2\/comments?post=107058"}],"version-history":[{"count":1,"href":"https:\/\/www.brundisium.net\/index.php\/wp-json\/wp\/v2\/posts\/107058\/revisions"}],"predecessor-version":[{"id":107066,"href":"https:\/\/www.brundisium.net\/index.php\/wp-json\/wp\/v2\/posts\/107058\/revisions\/107066"}],"wp:featuredmedia":[{"embeddable":true,"href":"https:\/\/www.brundisium.net\/index.php\/wp-json\/wp\/v2\/media\/107059"}],"wp:attachment":[{"href":"https:\/\/www.brundisium.net\/index.php\/wp-json\/wp\/v2\/media?parent=107058"}],"wp:term":[{"taxonomy":"category","embeddable":true,"href":"https:\/\/www.brundisium.net\/index.php\/wp-json\/wp\/v2\/categories?post=107058"},{"taxonomy":"post_tag","embeddable":true,"href":"https:\/\/www.brundisium.net\/index.php\/wp-json\/wp\/v2\/tags?post=107058"}],"curies":[{"name":"wp","href":"https:\/\/api.w.org\/{rel}","templated":true}]}}