{"id":107072,"date":"2017-06-21T16:46:25","date_gmt":"2017-06-21T14:46:25","guid":{"rendered":"http:\/\/www.brundisium.net\/?p=107072"},"modified":"2017-06-21T16:46:25","modified_gmt":"2017-06-21T14:46:25","slug":"venerdi-23-a-fasano-la-festa-dei-cortei-storici-ditalia","status":"publish","type":"post","link":"https:\/\/www.brundisium.net\/index.php\/venerdi-23-a-fasano-la-festa-dei-cortei-storici-ditalia\/","title":{"rendered":"Venerd\u00ec 23 a Fasano la \u201cFesta dei Cortei storici d\u2019Italia\u201d"},"content":{"rendered":"<p>La \u201cFesta dei cortei storici d\u2019Italia\u201d \u00e8 in programma venerd\u00ec 23 giugno, a partire dalle ore 18, nei pressi della villa comunale di Fasano. L\u2019iniziativa, ossia una sfilata di cortei storici per le vie principali della citt\u00e0, \u00e8 organizzata dal comitato \u201cGiugno fasanese \u2013 la Scamiciata\u201d col patrocinio del Comune di Fasano.<\/p>\n<p>&nbsp;<\/p>\n<p>&nbsp;<\/p>\n<p>I cortei storici che parteciperanno alla \u201cFesta\u201d di quest\u2019anno saranno 5: \u201cLa Battaglia tra Turchi e Cristiani\u201d di Tollo (in provincia di Chieti), \u201cCorteo storico del Gonfalone\u201d di Corciano (in provincia di Perugia), \u201cIl Corteo del Bal\u00ec Carafa\u201d di Putignano (dell\u2019Area Metropolitana di Bari), \u201cAttacco A Maruggio\u201d di Maruggio (in provincia di Taranto), \u201cTimpanisti Nicolaus Barium\u201d di Bari. A questi cortei si affiancher\u00e0 anche una rappresentanza di quello di Fasano \u201cLa Scamiciata\u201d.<\/p>\n<p>&nbsp;<\/p>\n<p>&nbsp;<\/p>\n<p>\u201cLa Battaglia tra Turchi e Cristiani\u201d \u00e8 nata per festeggiare la Madonna del S. Rosario, festa denominata anche \u201cdei Turchi e della Madonna della Vittoria\u201d. La festa di Tollo trae origine da eventi storici verificatisi nell\u2019estate del 1566, anno in cui la flotta ottomana minacci\u00f2 le coste adriatiche con continui saccheggi e azioni distruttive. Verso la fine di luglio, dopo l\u2019inutile assedio di Pescara e la distruzione di Francavilla, i Turchi si spingono verso l\u2019interno per assaltare i piccoli centri. Dopo vari feroci attacchi i Tollesi stanno per cedere quando, miracolosamente, appare in cielo la Vergine che costringe i Turchi alla fuga. Questo il fatto storico, oggi la Battaglia si svolge secondo un preciso rituale. Sono ben quattro gli attacchi dei Turchi alla Torre, innalzata apposta presso la chiesa parrocchiale. I Saraceni sono riusciti ormai a salire sulla Torre, quando miracolosamente le campane cominciano a suonare a distesa e in cielo appare la Vergine. La citt\u00e0 di Tollo \u00e8 salva e i Turchi in fuga).<\/p>\n<p>&nbsp;<\/p>\n<p>&nbsp;<\/p>\n<p>\u201cCorteo storico del Gonfalone\u201d siamo a Corciano, libero Comune dal 1242, che nel 1416 sub\u00ec un cruento assedio da parte dell\u2019artiglieria di Braccio Fortebraccio da Montone dalle alture di Monte Malbe poste dinanzi al castello, ma i corcianesi misero in fuga i bracceschi. Vista l\u2019eroica resistenza i magistrati perugini esentarono per cinque anni Corciano da ogni tassa. Il condottiero, comunque, espugn\u00f2 molti castelli alleati di Perugia e cos\u00ec, alla fine, Corciano si arrese spontaneamente. Il corteo, pertanto, porta in giro per le vie del borgo una copia del celebre Gonfalone del pittore perugino Benedetto Bonfigli raffigurante la Madonna della Misericordia alla quale i corcianesi, con questo rito, chiedono che la citt\u00e0 ed il suo popolo vengano posti sotto il suo manto e, con l\u2019intercessione dei santi protettori, preservi il castello e gli abitanti di Corciano dall\u2019ira divina.<\/p>\n<p>&nbsp;<\/p>\n<p>&nbsp;<\/p>\n<p>\u201cIl Corteo del Bal\u00ec Carafa\u201d \u00e8 ambientato nel 1477, ultimo anno di baliaggio di fra\u2019 Giambattista Carafa. Questi fu munifico e comprensivo, e gratific\u00f2 Putignano con privilegi e opere pubbliche. Anche se appartenente a un ordine militare-religioso, nella realt\u00e0 il Bal\u00ec Giambattista Carafa si comport\u00f2 come un vero e proprio principe rinascimentale, trasmettendo il feudo al figlio. Un corteo a cavallo composto dal Bal\u00ec e da cavalieri di scorta si avvia alla volta di Putignano partendo dalla chiesetta di San Giovanni, dirigendosi verso la Porta Grande della citt\u00e0. Nel frattempo l\u2019intero clero, i religiosi e le confraternite della citt\u00e0, il governatore, il sindaco, i notabili gli vanno incontro in corteo. Arrivato a Porta Grande, sceso da cavallo, il Bal\u00ec, dopo essersi genuflesso in adorazione della Croce sorretta dal vice priore, riceve con una cerimonia ufficiale, dalle mani del Camerlengo di Putignano, le chiavi della citt\u00e0 insieme con quelle del Comune. Il corteo dopo la cerimonia si ricompone dirigendosi verso la chiesa di San Pietro, con alla testa clero, notabili, popolo e a chiudere le milizie e il Bal\u00ec a cavallo, le redini portate a mano destra dal governatore e a mano sinistra dal sindaco. Una volta giunto nei pressi del sagrato, il Bal\u00ec scende da cavallo e s\u2019installa su un trono ricevendo gli onori da clero e notabili. A conclusione, il Bal\u00ec e il seguito fanno il loro ingresso nel palazzo baliale.<\/p>\n<p>&nbsp;<\/p>\n<p>&nbsp;<\/p>\n<p>\u201cAttacco a Maruggio\u201d \u00e8 la rievocazione dell\u2019assalto che Maruggio sub\u00ec il 13 giugno 1637 quando sette navi turche approdarono lungo le coste ioniche intenzionate a mettere a ferro e fuoco le citt\u00e0 dell\u2019entroterra. Non fu un caso se scelsero di dirigersi verso Maruggio: l\u2019attacco infatti fu premeditato per vendicare le gravi perdite subite dai turchi e inflitte proprio dal Commendatore Naro (che amministrava la Commenda Magistrale di Maruggio), che aveva catturato diverse imbarcazioni pirata. I pirati turchi furono respinti in mare grazie alle doti militari del Naro e i maruggesi non subirono gravi perdite ad eccezione di una fanciulla che fu rapita e portata ad Algeri e dopo molti anni torn\u00f2 a Maruggio.<\/p>\n<p>&nbsp;<\/p>\n<p>&nbsp;<\/p>\n<p>\u201cTimpanisti Nicolaus Barium\u201d s\u2019ispirano alla realt\u00e0 popolare della citt\u00e0 di Bari dell\u2019anno 1087, con l\u2019obiettivo di ricordare e tramandare, con le loro percussioni travolgenti ed impetuose, la gioia della traslazione delle reliquie del Santo Nicola da Myra a Bari.<\/p>\n<p>&nbsp;<\/p>\n<p>&nbsp;<\/p>\n<p>Il percorso che sar\u00e0 seguito dai cortei storici ospiti di Fasano venerd\u00ec 23 giugno \u00e8 il seguente: viale della Resistenza, le vie S. Francesco, Murri e De Giosa, corso Garibaldi, le vie Forcella e S. Antonio, corso Vittorio Emanuele e piazza Ciaia, dove, alle 18.30, si terr\u00e0 la cerimonia della consegna delle chiavi della citt\u00e0 ai figuranti da parte dell\u2019attuale sindaco Francesco Zaccaria, cui seguir\u00e0 l\u2019Intronizzazione delle sacre immagini dei santi patroni di Fasano.<\/p>\n<p>&nbsp;<\/p>\n<p><strong> Comune di Fasano<\/strong><\/p>\n","protected":false},"excerpt":{"rendered":"<p>La \u201cFesta dei cortei storici d\u2019Italia\u201d \u00e8 in programma venerd\u00ec 23 giugno, a partire dalle ore 18, nei pressi della villa comunale di Fasano. L\u2019iniziativa, ossia una sfilata di cortei storici per le vie principali della citt\u00e0, \u00e8 organizzata dal comitato \u201cGiugno fasanese \u2013 la Scamiciata\u201d col patrocinio del Comune di Fasano. &nbsp; &nbsp; I cortei storici che parteciperanno alla \u201cFesta\u201d di quest\u2019anno saranno 5: \u201cLa Battaglia tra Turchi e Cristiani\u201d di Tollo (in provincia di Chieti), \u201cCorteo storico del Gonfalone\u201d di Corciano (in provincia di Perugia), \u201cIl Corteo del Bal\u00ec Carafa\u201d di Putignano (dell\u2019Area Metropolitana di Bari), \u201cAttacco A Maruggio\u201d di Maruggio (in provincia di Taranto), \u201cTimpanisti Nicolaus Barium\u201d di Bari. A questi cortei si affiancher\u00e0 anche una rappresentanza di quello di Fasano \u201cLa Scamiciata\u201d. &nbsp; &nbsp; \u201cLa Battaglia tra Turchi e Cristiani\u201d \u00e8 nata per festeggiare la Madonna del S. Rosario, festa denominata anche \u201cdei Turchi e della Madonna della Vittoria\u201d. La festa di Tollo trae origine da eventi storici verificatisi nell\u2019estate del 1566, anno in cui la&#8230;<\/p>\n","protected":false},"author":2,"featured_media":45500,"comment_status":"open","ping_status":"closed","sticky":false,"template":"","format":"standard","meta":{"footnotes":""},"categories":[7],"tags":[244,4480],"class_list":["post-107072","post","type-post","status-publish","format-standard","has-post-thumbnail","hentry","category-news","tag-fasano","tag-festa-dei-cortei-storici"],"_links":{"self":[{"href":"https:\/\/www.brundisium.net\/index.php\/wp-json\/wp\/v2\/posts\/107072","targetHints":{"allow":["GET"]}}],"collection":[{"href":"https:\/\/www.brundisium.net\/index.php\/wp-json\/wp\/v2\/posts"}],"about":[{"href":"https:\/\/www.brundisium.net\/index.php\/wp-json\/wp\/v2\/types\/post"}],"author":[{"embeddable":true,"href":"https:\/\/www.brundisium.net\/index.php\/wp-json\/wp\/v2\/users\/2"}],"replies":[{"embeddable":true,"href":"https:\/\/www.brundisium.net\/index.php\/wp-json\/wp\/v2\/comments?post=107072"}],"version-history":[{"count":1,"href":"https:\/\/www.brundisium.net\/index.php\/wp-json\/wp\/v2\/posts\/107072\/revisions"}],"predecessor-version":[{"id":107073,"href":"https:\/\/www.brundisium.net\/index.php\/wp-json\/wp\/v2\/posts\/107072\/revisions\/107073"}],"wp:featuredmedia":[{"embeddable":true,"href":"https:\/\/www.brundisium.net\/index.php\/wp-json\/wp\/v2\/media\/45500"}],"wp:attachment":[{"href":"https:\/\/www.brundisium.net\/index.php\/wp-json\/wp\/v2\/media?parent=107072"}],"wp:term":[{"taxonomy":"category","embeddable":true,"href":"https:\/\/www.brundisium.net\/index.php\/wp-json\/wp\/v2\/categories?post=107072"},{"taxonomy":"post_tag","embeddable":true,"href":"https:\/\/www.brundisium.net\/index.php\/wp-json\/wp\/v2\/tags?post=107072"}],"curies":[{"name":"wp","href":"https:\/\/api.w.org\/{rel}","templated":true}]}}