{"id":107082,"date":"2017-06-21T20:30:05","date_gmt":"2017-06-21T18:30:05","guid":{"rendered":"http:\/\/www.brundisium.net\/?p=107082"},"modified":"2017-06-24T19:06:35","modified_gmt":"2017-06-24T17:06:35","slug":"festa-patronale-fasano-musical-in-piazza-ciaia-con-la-partecipazione-dellattore-alex-mastromarino","status":"publish","type":"post","link":"https:\/\/www.brundisium.net\/index.php\/festa-patronale-fasano-musical-in-piazza-ciaia-con-la-partecipazione-dellattore-alex-mastromarino\/","title":{"rendered":"Festa patronale Fasano: musical in piazza Ciaia con la partecipazione dell\u2019attore Alex Mastromarino"},"content":{"rendered":"<p>La Festa patronale di Fasano, organizzata dal \u201cComitato Feste Patronali\u201d col patrocinio del Comune, vedr\u00e0 venerd\u00ec 23 giugno alle ore 21.30 in piazza Ciaia il gruppo locale \u201cGlitter\u201d cimentarsi sul palco nell\u2019esecuzione di \u201cpezzi\u201d dei musical che l\u2019ensemble ha gi\u00e0 portato in scena in questi 15 anni di attivit\u00e0, che festegger\u00e0 proprio venerd\u00ec col pubblico presente. Per l\u2019occasione, il sodalizio, presieduto da Teresa Cecere, ha invitato ad esibirsi insieme con i giovani artisti fasanesi l\u2019attore Alex Mastromarino, noto al pubblico italiano per le sue performance nel campo del musical.<\/p>\n<p>&nbsp;<\/p>\n<p>Intanto, mezz\u2019ora prima dello spettacolo, verranno ufficialmente accese le luminarie nel centro cittadino ideate e realizzate, appositamente per Fasano, dalla ditta salentina \u201cSantoro\u201d, che rappresentano le quinte di un teatro immaginario pronte, a ritmo di musica, ad accendersi e spegnersi in un suggestivo spettacolo \u201ccoreografico\u201d che, certamente, affasciner\u00e0 gli spettatori.<\/p>\n<p>&nbsp;<\/p>\n<p>Inoltre, via san Francesco, dalle ore 20, ospiter\u00e0 chiunque, tra cantanti, band, attori e ballerini anche amatoriali, volesse liberamente esibirsi. Gli organizzatori della Festa patronale, infatti, allestiranno venerd\u00ec 23 giugno un apposito palco che rimarr\u00e0 fisso fino a domenica 25 giugno, a disposizione, nelle ore serali, di chiunque vorr\u00e0 esibirsi. \u201cIl tuo palco in Festa\u201d, questo il titolo dell\u2019iniziativa, potr\u00e0 essere prenotato contattando la pagina Facebook del \u201cComitato Festa Patronale di Fasano\u201d.<\/p>\n<p>&nbsp;<\/p>\n<p>Comune di Fasano<\/p>\n","protected":false},"excerpt":{"rendered":"<p>La Festa patronale di Fasano, organizzata dal \u201cComitato Feste Patronali\u201d col patrocinio del Comune, vedr\u00e0 venerd\u00ec 23 giugno alle ore 21.30 in piazza Ciaia il gruppo locale \u201cGlitter\u201d cimentarsi sul palco nell\u2019esecuzione di \u201cpezzi\u201d dei musical che l\u2019ensemble ha gi\u00e0 portato in scena in questi 15 anni di attivit\u00e0, che festegger\u00e0 proprio venerd\u00ec col pubblico presente. Per l\u2019occasione, il sodalizio, presieduto da Teresa Cecere, ha invitato ad esibirsi insieme con i giovani artisti fasanesi l\u2019attore Alex Mastromarino, noto al pubblico italiano per le sue performance nel campo del musical. &nbsp; Intanto, mezz\u2019ora prima dello spettacolo, verranno ufficialmente accese le luminarie nel centro cittadino ideate e realizzate, appositamente per Fasano, dalla ditta salentina \u201cSantoro\u201d, che rappresentano le quinte di un teatro immaginario pronte, a ritmo di musica, ad accendersi e spegnersi in un suggestivo spettacolo \u201ccoreografico\u201d che, certamente, affasciner\u00e0 gli spettatori. &nbsp; Inoltre, via san Francesco, dalle ore 20, ospiter\u00e0 chiunque, tra cantanti, band, attori e ballerini anche amatoriali, volesse liberamente esibirsi. Gli organizzatori della Festa patronale, infatti, allestiranno venerd\u00ec 23&#8230;<\/p>\n","protected":false},"author":2,"featured_media":45499,"comment_status":"open","ping_status":"closed","sticky":false,"template":"","format":"standard","meta":{"footnotes":""},"categories":[7],"tags":[244],"class_list":["post-107082","post","type-post","status-publish","format-standard","has-post-thumbnail","hentry","category-news","tag-fasano"],"_links":{"self":[{"href":"https:\/\/www.brundisium.net\/index.php\/wp-json\/wp\/v2\/posts\/107082","targetHints":{"allow":["GET"]}}],"collection":[{"href":"https:\/\/www.brundisium.net\/index.php\/wp-json\/wp\/v2\/posts"}],"about":[{"href":"https:\/\/www.brundisium.net\/index.php\/wp-json\/wp\/v2\/types\/post"}],"author":[{"embeddable":true,"href":"https:\/\/www.brundisium.net\/index.php\/wp-json\/wp\/v2\/users\/2"}],"replies":[{"embeddable":true,"href":"https:\/\/www.brundisium.net\/index.php\/wp-json\/wp\/v2\/comments?post=107082"}],"version-history":[{"count":1,"href":"https:\/\/www.brundisium.net\/index.php\/wp-json\/wp\/v2\/posts\/107082\/revisions"}],"predecessor-version":[{"id":107083,"href":"https:\/\/www.brundisium.net\/index.php\/wp-json\/wp\/v2\/posts\/107082\/revisions\/107083"}],"wp:featuredmedia":[{"embeddable":true,"href":"https:\/\/www.brundisium.net\/index.php\/wp-json\/wp\/v2\/media\/45499"}],"wp:attachment":[{"href":"https:\/\/www.brundisium.net\/index.php\/wp-json\/wp\/v2\/media?parent=107082"}],"wp:term":[{"taxonomy":"category","embeddable":true,"href":"https:\/\/www.brundisium.net\/index.php\/wp-json\/wp\/v2\/categories?post=107082"},{"taxonomy":"post_tag","embeddable":true,"href":"https:\/\/www.brundisium.net\/index.php\/wp-json\/wp\/v2\/tags?post=107082"}],"curies":[{"name":"wp","href":"https:\/\/api.w.org\/{rel}","templated":true}]}}