{"id":107626,"date":"2017-06-29T18:21:53","date_gmt":"2017-06-29T16:21:53","guid":{"rendered":"http:\/\/www.brundisium.net\/?p=107626"},"modified":"2017-06-29T18:21:53","modified_gmt":"2017-06-29T16:21:53","slug":"settore-aeronautico-curto-la-politica-inanella-una-serie-di-errori-sia-di-metodo-che-di-merito","status":"publish","type":"post","link":"https:\/\/www.brundisium.net\/index.php\/settore-aeronautico-curto-la-politica-inanella-una-serie-di-errori-sia-di-metodo-che-di-merito\/","title":{"rendered":"Settore Aeronautico, Curto: &#8220;la politica inanella una serie di errori, sia di metodo che di merito&#8221;"},"content":{"rendered":"<p>Ho l\u2019impressione che sulla vicenda crisi della del settore aeronautico la classe politica locale stia inanellando una serie impressionante di errori, sia di metodo che di merito.<\/p>\n<p>&nbsp;<\/p>\n<p>Di metodo, in quanto non comprende che Finmeccanica rester\u00e0 sorda a qualsiasi sollecitazione che non sia accompagnata da un serio riesame dei motivi per i quali i risultati sono stati inferiori alle attese, da una verifica delle responsabilit\u00e0, nonch\u00e9 dalla individuazione dei correttivi idonei per il rilancio del comparto.<\/p>\n<p>&nbsp;<\/p>\n<p>Di merito, in quanto ha centralizzato l\u2019attenzione su una sola realt\u00e0 locale sulla quale, peraltro, non agevolmente pu\u00f2 essere ricondotto quanto disposto dall\u2019art. 2082 del codice civile.<\/p>\n<p>&nbsp;<\/p>\n<p>Appare pertanto quanto mai opportuno correggere la rotta, ponendo al primo posto la salvaguardia dei posti di lavoro. Il che pu\u00f2 avvenire, sia salvando le imprese che siano effettivamente tali, sia chiedendo a Leonardo l\u2019internalizzazione dei lavoratori.<\/p>\n<p>&nbsp;<\/p>\n<p>Ma correggere la rotta vuol dire anche battersi a favore dell\u2019intero comparto. Onde, non sono per nulla comprensibili i motivi per i quali nessun cenno \u00e8 stato fatto a favore dei Dema, dei lavoratori dell\u2019HB e della stessa GSE. Sono queste imprese, e questi lavoratori di serie B, di cui ci si pu\u00f2 sbrigativamente disinteressare, o non sono pure essi imprese e lavoratori da tutelare, anche perch\u00e9 una battaglia comune pu\u00f2 offrire possibilit\u00e0 di vittoria molto pi\u00f9 ampie di scaramucce isolate?<\/p>\n<p>&nbsp;<\/p>\n<p>La verit\u00e0 \u00e8 che propria in questa circostanza il territorio, nella stragrande maggioranza delle sue componenti, sta dimostrando tutti i limiti di una visione del problema ancorato a miserevoli rendite di posizione pi\u00f9 che a una sua analisi seria e rigorosa.<\/p>\n<p>&nbsp;<\/p>\n<p>Un problema su cui lanciammo l\u2019allarme con largo anticipo denunciando con forza i motivi per i quali Alenia (ieri) e Leonardo (oggi) si sarebbero disimpegnati da un territorio dove alcune imprese non fanno impresa ma interposizione fittizia di manodopera, in tal modo inquinando il sistema degli appalti e delle commesse. Un sistema molto simile al caporalato, dove nulla (o pochissimo) viene investito, ma molto lucrato parassitariamente. Un sistema che non poteva reggere. E infatti non sta reggendo.<\/p>\n<p>&nbsp;<\/p>\n<p>&nbsp;<\/p>\n<p><strong>Avv. Euprepio Curto<\/strong><br \/>\n<strong> Coordinatore Movimento Politico \u201cProgetto per l\u2019Italia\u201d<\/strong><\/p>\n","protected":false},"excerpt":{"rendered":"<p>Ho l\u2019impressione che sulla vicenda crisi della del settore aeronautico la classe politica locale stia inanellando una serie impressionante di errori, sia di metodo che di merito. &nbsp; Di metodo, in quanto non comprende che Finmeccanica rester\u00e0 sorda a qualsiasi sollecitazione che non sia accompagnata da un serio riesame dei motivi per i quali i risultati sono stati inferiori alle attese, da una verifica delle responsabilit\u00e0, nonch\u00e9 dalla individuazione dei correttivi idonei per il rilancio del comparto. &nbsp; Di merito, in quanto ha centralizzato l\u2019attenzione su una sola realt\u00e0 locale sulla quale, peraltro, non agevolmente pu\u00f2 essere ricondotto quanto disposto dall\u2019art. 2082 del codice civile. &nbsp; Appare pertanto quanto mai opportuno correggere la rotta, ponendo al primo posto la salvaguardia dei posti di lavoro. Il che pu\u00f2 avvenire, sia salvando le imprese che siano effettivamente tali, sia chiedendo a Leonardo l\u2019internalizzazione dei lavoratori. &nbsp; Ma correggere la rotta vuol dire anche battersi a favore dell\u2019intero comparto. Onde, non sono per nulla comprensibili i motivi per i quali nessun cenno \u00e8&#8230;<\/p>\n","protected":false},"author":2,"featured_media":107627,"comment_status":"open","ping_status":"closed","sticky":false,"template":"","format":"standard","meta":{"footnotes":""},"categories":[7],"tags":[353],"class_list":["post-107626","post","type-post","status-publish","format-standard","has-post-thumbnail","hentry","category-news","tag-curto"],"_links":{"self":[{"href":"https:\/\/www.brundisium.net\/index.php\/wp-json\/wp\/v2\/posts\/107626","targetHints":{"allow":["GET"]}}],"collection":[{"href":"https:\/\/www.brundisium.net\/index.php\/wp-json\/wp\/v2\/posts"}],"about":[{"href":"https:\/\/www.brundisium.net\/index.php\/wp-json\/wp\/v2\/types\/post"}],"author":[{"embeddable":true,"href":"https:\/\/www.brundisium.net\/index.php\/wp-json\/wp\/v2\/users\/2"}],"replies":[{"embeddable":true,"href":"https:\/\/www.brundisium.net\/index.php\/wp-json\/wp\/v2\/comments?post=107626"}],"version-history":[{"count":1,"href":"https:\/\/www.brundisium.net\/index.php\/wp-json\/wp\/v2\/posts\/107626\/revisions"}],"predecessor-version":[{"id":107628,"href":"https:\/\/www.brundisium.net\/index.php\/wp-json\/wp\/v2\/posts\/107626\/revisions\/107628"}],"wp:featuredmedia":[{"embeddable":true,"href":"https:\/\/www.brundisium.net\/index.php\/wp-json\/wp\/v2\/media\/107627"}],"wp:attachment":[{"href":"https:\/\/www.brundisium.net\/index.php\/wp-json\/wp\/v2\/media?parent=107626"}],"wp:term":[{"taxonomy":"category","embeddable":true,"href":"https:\/\/www.brundisium.net\/index.php\/wp-json\/wp\/v2\/categories?post=107626"},{"taxonomy":"post_tag","embeddable":true,"href":"https:\/\/www.brundisium.net\/index.php\/wp-json\/wp\/v2\/tags?post=107626"}],"curies":[{"name":"wp","href":"https:\/\/api.w.org\/{rel}","templated":true}]}}