{"id":107660,"date":"2017-06-30T13:20:49","date_gmt":"2017-06-30T11:20:49","guid":{"rendered":"http:\/\/www.brundisium.net\/?p=107660"},"modified":"2017-07-01T08:53:50","modified_gmt":"2017-07-01T06:53:50","slug":"paolo-taurino-scrive-a-minniti-con-la-lega-al-governo-stopinvasione","status":"publish","type":"post","link":"https:\/\/www.brundisium.net\/index.php\/paolo-taurino-scrive-a-minniti-con-la-lega-al-governo-stopinvasione\/","title":{"rendered":"Paolo Taurino scrive a Minniti: &#8220;Con La Lega al governo #StopInvasione&#8221;"},"content":{"rendered":"<p>Ministro Minniti,<\/p>\n<p>&nbsp;<\/p>\n<p>&nbsp;<\/p>\n<p>lei lo chiama &#8220;buon senso&#8221; e si \u00e8 deciso solo ora a prendere seri provvedimenti per arginare l&#8217;assurdo fenomeno dell&#8217;immigrazione clandestina ( anche se oggi a BRINDISI lei ha permesso di far arrivare 400 NUOVE RISORSE) in cui solo noi Italiani ci troviamo affogati, mentre gli altri Stati, Europei e non, hanno da tempo preso le distanze preservando la propria popolazione ed i loro territori.<\/p>\n<p>&nbsp;<\/p>\n<p>L&#8217;accusa di razzismo che \u00e8 stata cucita addosso a Matteo Salvini ed a chi rappresenta il suo partito e sposa le cause per le quali egli stesso si spende da tempo ora viene sostituita con il semplice &#8220;buon senso&#8221;&#8230; Fino a ieri, dunque, in Italia si dava del razzista a colui che difendeva semplicemente i diritti degli italiani, andando contro le speculazioni che conducono i clandestini nel nostro paese, senza nulla togliere alle popolazioni in difficolt\u00e0; a chi cercava di arrestare l&#8217;ingresso di nuovi extracomunitari e di iniziare a mettere regole pi\u00f9 precise e meno confuse ai permessi di soggiorno e, quindi, a chi ha sempre dato ascolto a tutti gli Italiani che da tempo vivono condizioni di estrema sofferenza.<\/p>\n<p>&nbsp;<\/p>\n<p>Negli ultimi tre giorni sono giunti 12.000 immigrati (e forse anche pi\u00f9) nel nostro Paese e finalmente ci si \u00e8 resi coscienti del problema reale, grave e tangibile tanto che si \u00e8 deciso di schierare le navi militari&#8230; ed ora dunque parliamo di &#8220;buon senso&#8221;?<br \/>\nE allora possiamo essere d&#8217;accordo sul fatto che i razzisti sono proprio quelli che vanno contro gli Italiani e dunque contro se stessi solo per stereotipi, lobby ed interessi?<br \/>\n12.000 in 72 ore!<br \/>\n90.000,in attesa sulla costa libica&#8230;<br \/>\npi\u00f9 di 200 mila previsti quest&#8217;anno.<br \/>\nEra dunque necessario arrivare a questi numeri?<\/p>\n<p>&nbsp;<\/p>\n<p>Le popolazioni in sofferenza vanno certamente aiutate, ma in uno scenario di condivisione e di iniziative comuni di smistamento e inserimento nella societ\u00e0 da parte di tutte le nazioni del mondo: non possiamo pretendere di aiutare da soli fiumi di gente che si affidano spesso alla malavita per poter raggiungere le nostre coste, con un destino gi\u00e0 segnato al proprio arrivo, vittime della loro stessa disperazione.<\/p>\n<p>&nbsp;<\/p>\n<p>L&#8217;assenza totale di programmi per la gestione dell&#8217;emergenza rappresentata dall&#8217;emigrazione clandestina ha determinato in questi anni la morte di oltre 5000 profughi l&#8217;anno, tra i quali donne e bambini in cerca di un futuro migliore promesso da chi non ha la pi\u00f9 pallida idea di come affrontare il problema ma che certamente ha qualcosa da guadagnare nell&#8217;immediato<\/p>\n<p>&nbsp;<\/p>\n<p>Con La Lega al governo #StopInvasione<\/p>\n<p>&nbsp;<\/p>\n<p>PAOLO TAURINO<br \/>\nCOORDINATORE PROVINCIALE<br \/>\nNOI CON SALVINI BRINDISI<\/p>\n","protected":false},"excerpt":{"rendered":"<p>Ministro Minniti, &nbsp; &nbsp; lei lo chiama &#8220;buon senso&#8221; e si \u00e8 deciso solo ora a prendere seri provvedimenti per arginare l&#8217;assurdo fenomeno dell&#8217;immigrazione clandestina ( anche se oggi a BRINDISI lei ha permesso di far arrivare 400 NUOVE RISORSE) in cui solo noi Italiani ci troviamo affogati, mentre gli altri Stati, Europei e non, hanno da tempo preso le distanze preservando la propria popolazione ed i loro territori. &nbsp; L&#8217;accusa di razzismo che \u00e8 stata cucita addosso a Matteo Salvini ed a chi rappresenta il suo partito e sposa le cause per le quali egli stesso si spende da tempo ora viene sostituita con il semplice &#8220;buon senso&#8221;&#8230; Fino a ieri, dunque, in Italia si dava del razzista a colui che difendeva semplicemente i diritti degli italiani, andando contro le speculazioni che conducono i clandestini nel nostro paese, senza nulla togliere alle popolazioni in difficolt\u00e0; a chi cercava di arrestare l&#8217;ingresso di nuovi extracomunitari e di iniziare a mettere regole pi\u00f9 precise e meno confuse ai permessi di soggiorno&#8230;<\/p>\n","protected":false},"author":2,"featured_media":85635,"comment_status":"open","ping_status":"closed","sticky":false,"template":"","format":"standard","meta":{"footnotes":""},"categories":[7],"tags":[3265,3269],"class_list":["post-107660","post","type-post","status-publish","format-standard","has-post-thumbnail","hentry","category-news","tag-noi-con-salvini","tag-taurino"],"_links":{"self":[{"href":"https:\/\/www.brundisium.net\/index.php\/wp-json\/wp\/v2\/posts\/107660","targetHints":{"allow":["GET"]}}],"collection":[{"href":"https:\/\/www.brundisium.net\/index.php\/wp-json\/wp\/v2\/posts"}],"about":[{"href":"https:\/\/www.brundisium.net\/index.php\/wp-json\/wp\/v2\/types\/post"}],"author":[{"embeddable":true,"href":"https:\/\/www.brundisium.net\/index.php\/wp-json\/wp\/v2\/users\/2"}],"replies":[{"embeddable":true,"href":"https:\/\/www.brundisium.net\/index.php\/wp-json\/wp\/v2\/comments?post=107660"}],"version-history":[{"count":1,"href":"https:\/\/www.brundisium.net\/index.php\/wp-json\/wp\/v2\/posts\/107660\/revisions"}],"predecessor-version":[{"id":107661,"href":"https:\/\/www.brundisium.net\/index.php\/wp-json\/wp\/v2\/posts\/107660\/revisions\/107661"}],"wp:featuredmedia":[{"embeddable":true,"href":"https:\/\/www.brundisium.net\/index.php\/wp-json\/wp\/v2\/media\/85635"}],"wp:attachment":[{"href":"https:\/\/www.brundisium.net\/index.php\/wp-json\/wp\/v2\/media?parent=107660"}],"wp:term":[{"taxonomy":"category","embeddable":true,"href":"https:\/\/www.brundisium.net\/index.php\/wp-json\/wp\/v2\/categories?post=107660"},{"taxonomy":"post_tag","embeddable":true,"href":"https:\/\/www.brundisium.net\/index.php\/wp-json\/wp\/v2\/tags?post=107660"}],"curies":[{"name":"wp","href":"https:\/\/api.w.org\/{rel}","templated":true}]}}