{"id":108133,"date":"2017-07-06T16:00:25","date_gmt":"2017-07-06T14:00:25","guid":{"rendered":"http:\/\/www.brundisium.net\/?p=108133"},"modified":"2017-07-06T18:02:32","modified_gmt":"2017-07-06T16:02:32","slug":"noi-con-salvini-ancora-un-campo-rom-al-centro-commerciale-le-colonne","status":"publish","type":"post","link":"https:\/\/www.brundisium.net\/index.php\/noi-con-salvini-ancora-un-campo-rom-al-centro-commerciale-le-colonne\/","title":{"rendered":"Noi con Salvini: &#8220;ancora un campo rom al Centro commerciale le Colonne&#8221;"},"content":{"rendered":"<p>La facilit\u00e0 di accampamento dei rom, e non \u00e8 la prima volta, oramai \u00e8 diventato un fenomeno da non sottovalutare, nel centro commerciale Le Colonne di Brindisi sono accampate pi\u00f9 di 10 camper e roulotte.<\/p>\n<p>&nbsp;<\/p>\n<p>Per questo dopo il sopralluogo di stamane, unitamente al coordinatore provinciale Paolo Taurino, abbiamo deciso di segnalare il tutto al comando di Polizia Municipale di Brindisi, il vigile ha garantito l&#8217;immediato intervento.<\/p>\n<p>&nbsp;<\/p>\n<p><strong><br \/>\nComunicato stampa &#8220;Noi con Salvini Brindisi&#8221;.<br \/>\na firma di Alessandro Tateo<\/strong><\/p>\n","protected":false},"excerpt":{"rendered":"<p>La facilit\u00e0 di accampamento dei rom, e non \u00e8 la prima volta, oramai \u00e8 diventato un fenomeno da non sottovalutare, nel centro commerciale Le Colonne di Brindisi sono accampate pi\u00f9 di 10 camper e roulotte. &nbsp; Per questo dopo il sopralluogo di stamane, unitamente al coordinatore provinciale Paolo Taurino, abbiamo deciso di segnalare il tutto al comando di Polizia Municipale di Brindisi, il vigile ha garantito l&#8217;immediato intervento. &nbsp; Comunicato stampa &#8220;Noi con Salvini Brindisi&#8221;. a firma di Alessandro Tateo<\/p>\n","protected":false},"author":2,"featured_media":108134,"comment_status":"open","ping_status":"closed","sticky":false,"template":"","format":"standard","meta":{"footnotes":""},"categories":[7],"tags":[3265],"class_list":["post-108133","post","type-post","status-publish","format-standard","has-post-thumbnail","hentry","category-news","tag-noi-con-salvini"],"_links":{"self":[{"href":"https:\/\/www.brundisium.net\/index.php\/wp-json\/wp\/v2\/posts\/108133","targetHints":{"allow":["GET"]}}],"collection":[{"href":"https:\/\/www.brundisium.net\/index.php\/wp-json\/wp\/v2\/posts"}],"about":[{"href":"https:\/\/www.brundisium.net\/index.php\/wp-json\/wp\/v2\/types\/post"}],"author":[{"embeddable":true,"href":"https:\/\/www.brundisium.net\/index.php\/wp-json\/wp\/v2\/users\/2"}],"replies":[{"embeddable":true,"href":"https:\/\/www.brundisium.net\/index.php\/wp-json\/wp\/v2\/comments?post=108133"}],"version-history":[{"count":1,"href":"https:\/\/www.brundisium.net\/index.php\/wp-json\/wp\/v2\/posts\/108133\/revisions"}],"predecessor-version":[{"id":108135,"href":"https:\/\/www.brundisium.net\/index.php\/wp-json\/wp\/v2\/posts\/108133\/revisions\/108135"}],"wp:featuredmedia":[{"embeddable":true,"href":"https:\/\/www.brundisium.net\/index.php\/wp-json\/wp\/v2\/media\/108134"}],"wp:attachment":[{"href":"https:\/\/www.brundisium.net\/index.php\/wp-json\/wp\/v2\/media?parent=108133"}],"wp:term":[{"taxonomy":"category","embeddable":true,"href":"https:\/\/www.brundisium.net\/index.php\/wp-json\/wp\/v2\/categories?post=108133"},{"taxonomy":"post_tag","embeddable":true,"href":"https:\/\/www.brundisium.net\/index.php\/wp-json\/wp\/v2\/tags?post=108133"}],"curies":[{"name":"wp","href":"https:\/\/api.w.org\/{rel}","templated":true}]}}