{"id":108144,"date":"2017-07-06T18:17:23","date_gmt":"2017-07-06T16:17:23","guid":{"rendered":"http:\/\/www.brundisium.net\/?p=108144"},"modified":"2017-07-06T18:17:23","modified_gmt":"2017-07-06T16:17:23","slug":"selva-in-festival-nel-weekend-maurizio-pallante-hindi-zhara-progetto-jobel","status":"publish","type":"post","link":"https:\/\/www.brundisium.net\/index.php\/selva-in-festival-nel-weekend-maurizio-pallante-hindi-zhara-progetto-jobel\/","title":{"rendered":"Selva in Festival: nel weekend Maurizio Pallante, Hindi Zhara, Progetto Jobel"},"content":{"rendered":"<p><a href=\"http:\/\/www.brundisium.net\/index.php\/selva-in-festival-nel-weekend-maurizio-pallante-hindi-zhara-progetto-jobel\/hindi-zahra\/\" rel=\"attachment wp-att-108147\"><img loading=\"lazy\" decoding=\"async\" class=\"alignleft size-medium wp-image-108147\" src=\"http:\/\/www.brundisium.net\/brun\/wp-content\/uploads\/2017\/07\/HINDI-ZAHRA-300x200.jpg\" alt=\"\" width=\"300\" height=\"200\" srcset=\"https:\/\/www.brundisium.net\/brun\/wp-content\/uploads\/2017\/07\/HINDI-ZAHRA-300x200.jpg 300w, https:\/\/www.brundisium.net\/brun\/wp-content\/uploads\/2017\/07\/HINDI-ZAHRA-768x512.jpg 768w, https:\/\/www.brundisium.net\/brun\/wp-content\/uploads\/2017\/07\/HINDI-ZAHRA-1024x683.jpg 1024w\" sizes=\"auto, (max-width: 300px) 100vw, 300px\" \/><\/a>A Fasano per Selva In Festival. Culture-Arti-Paesaggi Raccontami una storia, rassegna del Comune di Fasano curata da Vito Bianchi domani venerd\u00ec 7 e ogni venerd\u00ec di luglio \u201cPassaggi di tempo\u201d, presentazioni di libri. Il primo appuntamento \u00e8 con Maurizio Pallante, \u201ceretico e irregolare della cultura, fondatore del Movimento per la decrescita felice\u201d. Pallante illustrer\u00e0 il suo ultimo lavoro, \u201cSolo una decrescita felice, selettiva e governata, pu\u00f2 salvarci \u201d (collana Le frecce), scritto a quattro mani con Alessandro Pertosa. L\u2019incontro avr\u00e0 luogo alle ore 19.00 nel gazebo del Sierra Silvana.<\/p>\n<p>&nbsp;<\/p>\n<p>&nbsp;<\/p>\n<p>Sabato 8 a Villa Minareto prende il via \u201cSotto un cielo di stelle\u201d. Molto atteso il primo concerto alle 21.30 con la bella voce dal Marocco di Hindi Zhara che torna in Italia per la prima delle quattro date, a Fasano unica tappa nel centro sud. Ingresso 8 euro. Biglietteria al botteghino al Teatro Sociale di Fasano oggi 6 luglio e domani dalle 19.30 al Minareto. INFO 393 8975459. ORARI Bus navetta: dalle ore 20.00 Casina-Minareto. I biglietti si potranno acquistare anche al \u201cBar Rino\u201d in viale Toledo a Selva di Fasano. Vendita online su Bookingshow.<\/p>\n<p>&nbsp;<\/p>\n<p>&nbsp;<\/p>\n<p>La cantante marocchina cresciuta a Parigi &#8211; che la critica ha definito la \u201cPatti Smith del deserto\u201d, in virt\u00f9 del suo carisma e delle sue radici tuareg &#8211; interpreter\u00e0 dal vivo i migliori brani del suo disco pi\u00f9 recente \u201cHomeland\u201d (Oursoul Records\/Parlaphone \u2013 Warner Music France) affiancandoli ai brani pi\u00f9 famosi del precedente \u201cHomemade\u201d. Hindi Zahra salir\u00e0 sul palco insieme a J\u00e9r\u00f4me Plasseraud, alla chitarra, Paul Salvagnac, alla chitarra, Jeff Hallam, al basso, Alexis Anerilles, alle tastiere e ai fiati, Raphael S\u00e9guinier, alla batteria, e Ze Luis Nascimento, alle percussioni. Ecco le prossime date:<\/p>\n<p>9 luglio \u2013 Piazzetta Reale, \u201cTorino Estate Reale 2017\u201d \u2013 Torino;<\/p>\n<p>12 luglio \u2013 Piazzetta Ognissanti, \u201cFestival au D\u00e9sert\u201d \u2013 Firenze;<\/p>\n<p>25 luglio \u2013 Triennale, \u201cTrip \u2013 Un viaggio sonoro\u201d \u2013 Milano;<\/p>\n<p>Info su www.musicalista.it;<\/p>\n<p>&nbsp;<\/p>\n<p>&nbsp;<\/p>\n<p>HINDI ZAHRA \u00e8 cresciuta in Marocco, circondata da musica e balli. Le prime melodie che ascolta sono quelle della musica tradizionale berbera, la musica indiana ed egiziana, per poi passare al rock psichedelico, al reggae e alla musica soul. Figlia di un militare, a 12 si trasferisce a Parigi ed \u00e8 in Francia che inizia la sua carriera di musicista. Il suo prima lavoro \u00e8 al Louvre e all\u2019et\u00e0 di 17 anni sale sul palco per la prima volta in occasione della \u201cF\u00eate de la musique\u201d. Hindi Zahra si \u00e8 formata prima di tutto esibendosi dal vivo, sul palcoscenico trova l\u2019ispirazione che la porta in seguito in studio di registrazione a dare vita al suo primo album, Handmade. L\u2019album di debutto \u00e8 preceduto da una canzone che colpisce direttamente al cuore, Beautiful Tango, un piccolo capolavoro, la sua voce suadente cattura, la chitarra viaggia in terre lontane, non si pu\u00f2 far altro che seguirla, la traccia sar\u00e0 contenuta nel celebre Handmade, l\u2019album prodotto da Hindi Zahra, dalla A alla Z, che richiama subito l\u2019attenzione del grande pubblico; il suo stile, la sua voce, il suo fascino non passano inosservati. Insieme al successo di pubblico arrivano anche i riconoscimenti professionali: il contratto con Blue Note, il premio Costantin nel 2010, Les Victoires de la Musique nella categoria World Music; il suo album esce in oltre 20 paesi. Con Handmade, Hindi Zahra si esibisce in pi\u00f9 di 400 concerti, viaggiando in tutto il mondo per due anni e mezzo. Nell\u2019aprile del 2015 \u00e8 uscito il suo nuovo disco HOMELAND, con il quale ha vinto nuovamente les Victoires de la Musique.<\/p>\n<p>&nbsp;<\/p>\n<p>&nbsp;<\/p>\n<p><a href=\"http:\/\/www.brundisium.net\/index.php\/selva-in-festival-nel-weekend-maurizio-pallante-hindi-zhara-progetto-jobel\/maurizio-pallante1-large\/\" rel=\"attachment wp-att-108146\"><img loading=\"lazy\" decoding=\"async\" class=\"size-medium wp-image-108146 alignleft\" src=\"http:\/\/www.brundisium.net\/brun\/wp-content\/uploads\/2017\/07\/Maurizio-Pallante1-Large-200x300.jpg\" alt=\"\" width=\"200\" height=\"300\" srcset=\"https:\/\/www.brundisium.net\/brun\/wp-content\/uploads\/2017\/07\/Maurizio-Pallante1-Large-200x300.jpg 200w, https:\/\/www.brundisium.net\/brun\/wp-content\/uploads\/2017\/07\/Maurizio-Pallante1-Large-768x1152.jpg 768w, https:\/\/www.brundisium.net\/brun\/wp-content\/uploads\/2017\/07\/Maurizio-Pallante1-Large-683x1024.jpg 683w, https:\/\/www.brundisium.net\/brun\/wp-content\/uploads\/2017\/07\/Maurizio-Pallante1-Large.jpg 1080w\" sizes=\"auto, (max-width: 200px) 100vw, 200px\" \/><br \/>\n<\/a>Domenica 9 \u201cProgetto Jobel Musica d\u2019Organo\u201d alle ore 21 nella chiesa Trullo del Signore: concerto inaugurale per coro gregoriano e organo. Simone VEBBER (organo), Gaudii canticum (coro gregoriano), Maria Palma RUSSO (direttore). In programma melodie di J.S. Bach, August Gottfried Ritter.<\/p>\n<p>&nbsp;<\/p>\n<p>La rassegna \u00e8 messo a punto in collaborazione col Teatro Pubblico Pugliese (Tpp) e in sinergia con le associazioni del territorio \u201cAmici di Ernest Verner\u201d, \u201cFAI \u2013 Delegazione di Brindisi\u201d, \u201cLe Nove Muse\u201d, \u201cParco Regionale Dune Costiere\u201d, \u201cPresidio del Libro\u201d, \u201cPro Selva\u201d, circolo della stampa \u201cSecondo Adamo Nardelli\u201d, parrocchia Maria SS. Addolorata &#8211; Trullo del Signore, \u201cEgnazia Corse\u201d.<\/p>\n<p>&nbsp;<\/p>\n<p>&nbsp;<\/p>\n<p><strong>Ufficio Stampa Teatro Pubblico Pugliese<\/strong><\/p>\n","protected":false},"excerpt":{"rendered":"<p>A Fasano per Selva In Festival. Culture-Arti-Paesaggi Raccontami una storia, rassegna del Comune di Fasano curata da Vito Bianchi domani venerd\u00ec 7 e ogni venerd\u00ec di luglio \u201cPassaggi di tempo\u201d, presentazioni di libri. Il primo appuntamento \u00e8 con Maurizio Pallante, \u201ceretico e irregolare della cultura, fondatore del Movimento per la decrescita felice\u201d. Pallante illustrer\u00e0 il suo ultimo lavoro, \u201cSolo una decrescita felice, selettiva e governata, pu\u00f2 salvarci \u201d (collana Le frecce), scritto a quattro mani con Alessandro Pertosa. L\u2019incontro avr\u00e0 luogo alle ore 19.00 nel gazebo del Sierra Silvana. &nbsp; &nbsp; Sabato 8 a Villa Minareto prende il via \u201cSotto un cielo di stelle\u201d. Molto atteso il primo concerto alle 21.30 con la bella voce dal Marocco di Hindi Zhara che torna in Italia per la prima delle quattro date, a Fasano unica tappa nel centro sud. Ingresso 8 euro. Biglietteria al botteghino al Teatro Sociale di Fasano oggi 6 luglio e domani dalle 19.30 al Minareto. INFO 393 8975459. ORARI Bus navetta: dalle ore 20.00 Casina-Minareto. I biglietti si&#8230;<\/p>\n","protected":false},"author":2,"featured_media":107283,"comment_status":"open","ping_status":"closed","sticky":false,"template":"","format":"standard","meta":{"footnotes":""},"categories":[7],"tags":[4398],"class_list":["post-108144","post","type-post","status-publish","format-standard","has-post-thumbnail","hentry","category-news","tag-selva-in-festival"],"_links":{"self":[{"href":"https:\/\/www.brundisium.net\/index.php\/wp-json\/wp\/v2\/posts\/108144","targetHints":{"allow":["GET"]}}],"collection":[{"href":"https:\/\/www.brundisium.net\/index.php\/wp-json\/wp\/v2\/posts"}],"about":[{"href":"https:\/\/www.brundisium.net\/index.php\/wp-json\/wp\/v2\/types\/post"}],"author":[{"embeddable":true,"href":"https:\/\/www.brundisium.net\/index.php\/wp-json\/wp\/v2\/users\/2"}],"replies":[{"embeddable":true,"href":"https:\/\/www.brundisium.net\/index.php\/wp-json\/wp\/v2\/comments?post=108144"}],"version-history":[{"count":2,"href":"https:\/\/www.brundisium.net\/index.php\/wp-json\/wp\/v2\/posts\/108144\/revisions"}],"predecessor-version":[{"id":108149,"href":"https:\/\/www.brundisium.net\/index.php\/wp-json\/wp\/v2\/posts\/108144\/revisions\/108149"}],"wp:featuredmedia":[{"embeddable":true,"href":"https:\/\/www.brundisium.net\/index.php\/wp-json\/wp\/v2\/media\/107283"}],"wp:attachment":[{"href":"https:\/\/www.brundisium.net\/index.php\/wp-json\/wp\/v2\/media?parent=108144"}],"wp:term":[{"taxonomy":"category","embeddable":true,"href":"https:\/\/www.brundisium.net\/index.php\/wp-json\/wp\/v2\/categories?post=108144"},{"taxonomy":"post_tag","embeddable":true,"href":"https:\/\/www.brundisium.net\/index.php\/wp-json\/wp\/v2\/tags?post=108144"}],"curies":[{"name":"wp","href":"https:\/\/api.w.org\/{rel}","templated":true}]}}