{"id":108345,"date":"2017-07-09T17:22:50","date_gmt":"2017-07-09T15:22:50","guid":{"rendered":"http:\/\/www.brundisium.net\/?p=108345"},"modified":"2017-07-09T17:22:50","modified_gmt":"2017-07-09T15:22:50","slug":"distretto-aeronautico-brindisi-noi-con-salvini-non-servono-le-passerelle-della-capone-ma-soluzioni-concrete","status":"publish","type":"post","link":"https:\/\/www.brundisium.net\/index.php\/distretto-aeronautico-brindisi-noi-con-salvini-non-servono-le-passerelle-della-capone-ma-soluzioni-concrete\/","title":{"rendered":"Distretto Aeronautico Brindisi, Noi Con Salvini: &#8220;non servono le passerelle della Capone ma soluzioni concrete&#8221;"},"content":{"rendered":"<p>Marted\u00ec prossimo il vice presedente e assessore Regionale Loredana Capone incontrer\u00e0 l\u2019Ing Facondo (Direttore Generale di Leonardo Aerostrutture). Il vice presidente specifica in una nota che il settore aerospaziale \u00e8 uno dei pi\u00f9 importanti per sviluppo e crescita vantando una situazione palesemente lontana dalla realt\u00e0 dei fatti. La politica degli ultimi anni ha messo in evidenza come il distretto aeronautico sia un fallimento , non per ci\u00f2 che poteva rappresentare ma per lo strumento politico sbagliato per cui il distretto \u00e8 stato utilizzato.<\/p>\n<p>&nbsp;<\/p>\n<p>Leonardo elicotteri (Agusta Brindisi) oramai \u00e8 uno stabilimento senza futuro, dopo l\u2019acquisizione di PZL in Polonia l\u201980% del lavoro \u00e8 stato dirottato in Polonia, mentre altre aziende del distretto non navigano nell\u2019oro, se non proprio sono a rischio chiusura, perch\u00e9 il lavoro tende a diminuire sempre pi\u00f9.<\/p>\n<p>&nbsp;<\/p>\n<p>Vista la situazione reale ci chiediamo come si possa definire il settore aerospaziale in salute e in crescita, ma la cosa incredibile che all&#8217;incontro previsto per martedi prossimo tra Facondo e la Capone, non ci saranno le aziende del distretto in quanto queste ultime non son state invitate. Facondo \u00e8 il DG di Leonardo aerostrutture e conosce perfettamente la situazione sia interna che quella dei maggiori fornitori di Leonardo, la situazione \u00e8 drammatica a livello nazionale.La mancanza della Capone nei confronti degli imprenditori \u00e8 gravissima, e nessuno avverte il bisogno di falsi proclami a cui non seguir\u00e0 nulla. A nessuno, tranne a chi dovrebbe governare per il bene della collettivit\u00e0 ma non ne \u00e8 capace. Noi seguiremo da vicino questa vicenda ed interesseremo direttamente Matteo Salvini, chiedendogli di intervenire in supporto degli imprenditori.<\/p>\n<p>&nbsp;<\/p>\n<p><strong>NOI CON SALVINI &#8211; PUGLIA<br \/>\nA FIRMA DEL COORDINATORE REGIONALE ROSSANO SASSO<\/strong><\/p>\n","protected":false},"excerpt":{"rendered":"<p>Marted\u00ec prossimo il vice presedente e assessore Regionale Loredana Capone incontrer\u00e0 l\u2019Ing Facondo (Direttore Generale di Leonardo Aerostrutture). Il vice presidente specifica in una nota che il settore aerospaziale \u00e8 uno dei pi\u00f9 importanti per sviluppo e crescita vantando una situazione palesemente lontana dalla realt\u00e0 dei fatti. La politica degli ultimi anni ha messo in evidenza come il distretto aeronautico sia un fallimento , non per ci\u00f2 che poteva rappresentare ma per lo strumento politico sbagliato per cui il distretto \u00e8 stato utilizzato. &nbsp; Leonardo elicotteri (Agusta Brindisi) oramai \u00e8 uno stabilimento senza futuro, dopo l\u2019acquisizione di PZL in Polonia l\u201980% del lavoro \u00e8 stato dirottato in Polonia, mentre altre aziende del distretto non navigano nell\u2019oro, se non proprio sono a rischio chiusura, perch\u00e9 il lavoro tende a diminuire sempre pi\u00f9. &nbsp; Vista la situazione reale ci chiediamo come si possa definire il settore aerospaziale in salute e in crescita, ma la cosa incredibile che all&#8217;incontro previsto per martedi prossimo tra Facondo e la Capone, non ci saranno le aziende&#8230;<\/p>\n","protected":false},"author":2,"featured_media":108346,"comment_status":"open","ping_status":"closed","sticky":false,"template":"","format":"standard","meta":{"footnotes":""},"categories":[7],"tags":[3265],"class_list":["post-108345","post","type-post","status-publish","format-standard","has-post-thumbnail","hentry","category-news","tag-noi-con-salvini"],"_links":{"self":[{"href":"https:\/\/www.brundisium.net\/index.php\/wp-json\/wp\/v2\/posts\/108345","targetHints":{"allow":["GET"]}}],"collection":[{"href":"https:\/\/www.brundisium.net\/index.php\/wp-json\/wp\/v2\/posts"}],"about":[{"href":"https:\/\/www.brundisium.net\/index.php\/wp-json\/wp\/v2\/types\/post"}],"author":[{"embeddable":true,"href":"https:\/\/www.brundisium.net\/index.php\/wp-json\/wp\/v2\/users\/2"}],"replies":[{"embeddable":true,"href":"https:\/\/www.brundisium.net\/index.php\/wp-json\/wp\/v2\/comments?post=108345"}],"version-history":[{"count":1,"href":"https:\/\/www.brundisium.net\/index.php\/wp-json\/wp\/v2\/posts\/108345\/revisions"}],"predecessor-version":[{"id":108347,"href":"https:\/\/www.brundisium.net\/index.php\/wp-json\/wp\/v2\/posts\/108345\/revisions\/108347"}],"wp:featuredmedia":[{"embeddable":true,"href":"https:\/\/www.brundisium.net\/index.php\/wp-json\/wp\/v2\/media\/108346"}],"wp:attachment":[{"href":"https:\/\/www.brundisium.net\/index.php\/wp-json\/wp\/v2\/media?parent=108345"}],"wp:term":[{"taxonomy":"category","embeddable":true,"href":"https:\/\/www.brundisium.net\/index.php\/wp-json\/wp\/v2\/categories?post=108345"},{"taxonomy":"post_tag","embeddable":true,"href":"https:\/\/www.brundisium.net\/index.php\/wp-json\/wp\/v2\/tags?post=108345"}],"curies":[{"name":"wp","href":"https:\/\/api.w.org\/{rel}","templated":true}]}}