{"id":108447,"date":"2017-07-10T17:01:38","date_gmt":"2017-07-10T15:01:38","guid":{"rendered":"http:\/\/www.brundisium.net\/?p=108447"},"modified":"2017-07-13T12:40:18","modified_gmt":"2017-07-13T10:40:18","slug":"selva-in-festival-gli-appuntamenti-della-settimana","status":"publish","type":"post","link":"https:\/\/www.brundisium.net\/index.php\/selva-in-festival-gli-appuntamenti-della-settimana\/","title":{"rendered":"Selva In Festival: gli appuntamenti della settimana"},"content":{"rendered":"<p><a href=\"http:\/\/www.brundisium.net\/index.php\/selva-in-festival-gli-appuntamenti-della-settimana\/stampa-21\/\" rel=\"attachment wp-att-108448\"><img loading=\"lazy\" decoding=\"async\" class=\"size-medium wp-image-108448 alignright\" src=\"http:\/\/www.brundisium.net\/brun\/wp-content\/uploads\/2017\/07\/copertina-volume-fasano-selva-210x300.jpg\" alt=\"\" width=\"210\" height=\"300\" srcset=\"https:\/\/www.brundisium.net\/brun\/wp-content\/uploads\/2017\/07\/copertina-volume-fasano-selva-210x300.jpg 210w, https:\/\/www.brundisium.net\/brun\/wp-content\/uploads\/2017\/07\/copertina-volume-fasano-selva.jpg 602w\" sizes=\"auto, (max-width: 210px) 100vw, 210px\" \/><\/a>\u00a0A Fasano per Selva In Festival. Culture-Arti-Paesaggi Raccontami una storia, rassegna del Comune di Fasano curata da Vito Bianchi ecco gli appuntamenti previsti in settimana:<\/p>\n<p>&nbsp;<\/p>\n<p>&nbsp;<\/p>\n<p>a Villa Ciccolella per la sezione \u201cCi vuole un fiore\u201d, laboratori (gratuiti) creativi ed educativi per i pi\u00f9 piccoli, gioved\u00ec (e marted\u00ec 18), dalle 17.30 alle 19.30: \u201cNatura in mosaico\u201d.<\/p>\n<p>&nbsp;<\/p>\n<p>&nbsp;<\/p>\n<p>Venerd\u00ec 14 luglio nella Casina Municipale alle 20.30, Zino Mastro, \u201cFasano-Selva\u2026 la storia continua. Una leggenda sportiva, 2007-2017\u201d<\/p>\n<p>&nbsp;<\/p>\n<p>&nbsp;<\/p>\n<p><a href=\"http:\/\/www.brundisium.net\/index.php\/selva-in-festival-gli-appuntamenti-della-settimana\/harold-lopez-nussa\/\" rel=\"attachment wp-att-108449\"><img loading=\"lazy\" decoding=\"async\" class=\"alignleft size-medium wp-image-108449\" src=\"http:\/\/www.brundisium.net\/brun\/wp-content\/uploads\/2017\/07\/Harold-Lopez-Nussa-300x200.jpg\" alt=\"\" width=\"300\" height=\"200\" srcset=\"https:\/\/www.brundisium.net\/brun\/wp-content\/uploads\/2017\/07\/Harold-Lopez-Nussa-300x200.jpg 300w, https:\/\/www.brundisium.net\/brun\/wp-content\/uploads\/2017\/07\/Harold-Lopez-Nussa-768x513.jpg 768w, https:\/\/www.brundisium.net\/brun\/wp-content\/uploads\/2017\/07\/Harold-Lopez-Nussa.jpg 800w\" sizes=\"auto, (max-width: 300px) 100vw, 300px\" \/><br \/>\n<\/a>Per \u201cSotto un cielo di stelle\u201d, al Minareto marted\u00ec 18 alle ore 21.20, da Cuba Harold Lopez Nussa trio. Harold Lopez-Nussa al pianoforte, Wade Alune, basso e voce, Ruy Adri\u00e1n L\u00f3pez-Nussa, batteria e percussioni.<\/p>\n<p>&nbsp;<\/p>\n<p>Harold Lopez-Nussa \u00e8 nato e cresciuto all&#8217;Avana dove ha respirato &#8211; come se non bastasse l&#8217;aria di una famiglia fatta di musicisti &#8211; tutto quel &#8220;sabor cubano&#8221; capace di mettere il tocco distintivo su ogni cosa. Harold, che proviene da studi classici presso il Conservatorio dell&#8217;Avana, ha scelto il jazz per esprimersi. La sua notoriet\u00e0 nell&#8217;isola \u00e8 affermata tanto che \u00e8 stato scelto dalla Signora Omara Portuondo, preziosa voce e bellissima personalit\u00e0 artistica di Cuba, a far parte del suo quintetto ormai da anni. E da l\u00ec il passo al Jazz internazionale \u00e8 breve: da Montreux a Malta, da Vienna a St. Moritz, viene chiamato ad esibirsi con il suo trio nei pi\u00f9 importanti festival europei. Ascoltando la sua musica si scopre un jazz fresco; il pianoforte nelle sue mani \u00e8 armonioso e ricco di vivaci sfumature, e nonostante il sound di Harold attinga inevitabilmente alle sonorit\u00e0 nazionali, si nota come la sua musica esprima in una miriade di colori la nuova musica cubana. La sua padronanza del linguaggio del passato e la sua freschezza nelle sonorit\u00e0 \u00e8 ribadita anche nelle sue reinterpretazioni dei brani di grandi compositori come il cubano Chucho Valdes e l&#8217;americano Wayne Shorter dimostrando di conoscere i linguaggi di ieri e quelli del domani.<\/p>\n<p>Il suo ultimo album &#8220;El Viaje&#8221; edito da Mackavenue Records \u00e8 ai primi posti di vendite su Amazon e iTunes, ed ha ricevuto 4 stelle dalla rivista Downbeat.<\/p>\n<p>\u201cPianist Harold Lopez-Nussa is the latest in a line of extraordinary keyboardists to emerge from Cuba.\u201d &#8211; DownBeat<br \/>\n\u201c\u2026the whole show belongs to Lopez-Nussa, whose sense of pace, variety and narrative drive may be his greatest strength.\u201d &#8211; DownBeat<br \/>\n\u201cLopez-Nussa\u2019s single-note grace is akin to Herbie Hancock\u2019s, and his two-fisted attacks are as joyous as Chick Corea\u2019s.\u201d &#8211; DownBeat<br \/>\nhttp:\/\/www.downbeat.com\/digitaledition\/2016\/DB1610\/single_page_view\/66.html<br \/>\nBiglietti a 8 euro. Botteghino al Teatro Sociale di Fasano venerd\u00ec 13 luglio<br \/>\nINFO 393 8975459. Vendita online su Bookingshow.<\/p>\n<p>Ingresso posto unico non numerato<\/p>\n<p>&nbsp;<\/p>\n<p>&nbsp;<\/p>\n<p>La rassegna \u00e8 messo a punto in collaborazione col Teatro Pubblico Pugliese (Tpp) e in sinergia con le associazioni del territorio \u201cAmici di Ernest Verner\u201d, \u201cFAI \u2013 Delegazione di Brindisi\u201d, \u201cLe Nove Muse\u201d, \u201cParco Regionale Dune Costiere\u201d, \u201cPresidio del Libro\u201d, \u201cPro Selva\u201d, circolo della stampa \u201cSecondo Adamo Nardelli\u201d, parrocchia Maria SS. Addolorata &#8211; Trullo del Signore, \u201cEgnazia Corse\u201d.<\/p>\n","protected":false},"excerpt":{"rendered":"<p>\u00a0A Fasano per Selva In Festival. Culture-Arti-Paesaggi Raccontami una storia, rassegna del Comune di Fasano curata da Vito Bianchi ecco gli appuntamenti previsti in settimana: &nbsp; &nbsp; a Villa Ciccolella per la sezione \u201cCi vuole un fiore\u201d, laboratori (gratuiti) creativi ed educativi per i pi\u00f9 piccoli, gioved\u00ec (e marted\u00ec 18), dalle 17.30 alle 19.30: \u201cNatura in mosaico\u201d. &nbsp; &nbsp; Venerd\u00ec 14 luglio nella Casina Municipale alle 20.30, Zino Mastro, \u201cFasano-Selva\u2026 la storia continua. Una leggenda sportiva, 2007-2017\u201d &nbsp; &nbsp; Per \u201cSotto un cielo di stelle\u201d, al Minareto marted\u00ec 18 alle ore 21.20, da Cuba Harold Lopez Nussa trio. Harold Lopez-Nussa al pianoforte, Wade Alune, basso e voce, Ruy Adri\u00e1n L\u00f3pez-Nussa, batteria e percussioni. &nbsp; Harold Lopez-Nussa \u00e8 nato e cresciuto all&#8217;Avana dove ha respirato &#8211; come se non bastasse l&#8217;aria di una famiglia fatta di musicisti &#8211; tutto quel &#8220;sabor cubano&#8221; capace di mettere il tocco distintivo su ogni cosa. Harold, che proviene da studi classici presso il Conservatorio dell&#8217;Avana, ha scelto il jazz per esprimersi. La sua notoriet\u00e0 nell&#8217;isola&#8230;<\/p>\n","protected":false},"author":2,"featured_media":107283,"comment_status":"open","ping_status":"closed","sticky":false,"template":"","format":"standard","meta":{"footnotes":""},"categories":[7],"tags":[4398],"class_list":["post-108447","post","type-post","status-publish","format-standard","has-post-thumbnail","hentry","category-news","tag-selva-in-festival"],"_links":{"self":[{"href":"https:\/\/www.brundisium.net\/index.php\/wp-json\/wp\/v2\/posts\/108447","targetHints":{"allow":["GET"]}}],"collection":[{"href":"https:\/\/www.brundisium.net\/index.php\/wp-json\/wp\/v2\/posts"}],"about":[{"href":"https:\/\/www.brundisium.net\/index.php\/wp-json\/wp\/v2\/types\/post"}],"author":[{"embeddable":true,"href":"https:\/\/www.brundisium.net\/index.php\/wp-json\/wp\/v2\/users\/2"}],"replies":[{"embeddable":true,"href":"https:\/\/www.brundisium.net\/index.php\/wp-json\/wp\/v2\/comments?post=108447"}],"version-history":[{"count":2,"href":"https:\/\/www.brundisium.net\/index.php\/wp-json\/wp\/v2\/posts\/108447\/revisions"}],"predecessor-version":[{"id":108451,"href":"https:\/\/www.brundisium.net\/index.php\/wp-json\/wp\/v2\/posts\/108447\/revisions\/108451"}],"wp:featuredmedia":[{"embeddable":true,"href":"https:\/\/www.brundisium.net\/index.php\/wp-json\/wp\/v2\/media\/107283"}],"wp:attachment":[{"href":"https:\/\/www.brundisium.net\/index.php\/wp-json\/wp\/v2\/media?parent=108447"}],"wp:term":[{"taxonomy":"category","embeddable":true,"href":"https:\/\/www.brundisium.net\/index.php\/wp-json\/wp\/v2\/categories?post=108447"},{"taxonomy":"post_tag","embeddable":true,"href":"https:\/\/www.brundisium.net\/index.php\/wp-json\/wp\/v2\/tags?post=108447"}],"curies":[{"name":"wp","href":"https:\/\/api.w.org\/{rel}","templated":true}]}}