{"id":108519,"date":"2017-07-11T14:28:57","date_gmt":"2017-07-11T12:28:57","guid":{"rendered":"http:\/\/www.brundisium.net\/?p=108519"},"modified":"2017-07-11T14:28:57","modified_gmt":"2017-07-11T12:28:57","slug":"alla-selva-di-fasano-un-laboratorio-per-bambini-i-piu-piccoli-imparano-la-tecnica-del-mosaico","status":"publish","type":"post","link":"https:\/\/www.brundisium.net\/index.php\/alla-selva-di-fasano-un-laboratorio-per-bambini-i-piu-piccoli-imparano-la-tecnica-del-mosaico\/","title":{"rendered":"Alla Selva di Fasano un laboratorio per bambini: i pi\u00f9 piccoli imparano la tecnica del mosaico"},"content":{"rendered":"<p>\u201cNatura in mosaico\u201d \u00e8 il laboratorio educativo gratuito per bambini dai 5 anni in su che si terr\u00e0 gioved\u00ec 18 luglio dalle ore 17.30 a Villa Ciccolella, in viale Toledo a Selva di Fasano. A guidare i piccoli che vorranno partecipare \u00e8 Estere Buzena, docente di Arte nell\u2019Universit\u00e0 di Lettonia.<\/p>\n<p>L\u2019iniziativa rientra in \u201cSelva In Festival Culture-Arti-Paesaggi\u201d, la rassegna estiva di appuntamenti teatrali, musicali, letterari ed artistici messa a punto dal Comune di Fasano in collaborazione col Teatro Pubblico Pugliese e, per questi laboratori gratuiti per bambini, con la locale associazione \u201cPro Selva\u201d.<\/p>\n<p>Comune di Fasano<\/p>\n","protected":false},"excerpt":{"rendered":"<p>\u201cNatura in mosaico\u201d \u00e8 il laboratorio educativo gratuito per bambini dai 5 anni in su che si terr\u00e0 gioved\u00ec 18 luglio dalle ore 17.30 a Villa Ciccolella, in viale Toledo a Selva di Fasano. A guidare i piccoli che vorranno partecipare \u00e8 Estere Buzena, docente di Arte nell\u2019Universit\u00e0 di Lettonia. L\u2019iniziativa rientra in \u201cSelva In Festival Culture-Arti-Paesaggi\u201d, la rassegna estiva di appuntamenti teatrali, musicali, letterari ed artistici messa a punto dal Comune di Fasano in collaborazione col Teatro Pubblico Pugliese e, per questi laboratori gratuiti per bambini, con la locale associazione \u201cPro Selva\u201d. Comune di Fasano<\/p>\n","protected":false},"author":2,"featured_media":108522,"comment_status":"open","ping_status":"closed","sticky":false,"template":"","format":"standard","meta":{"footnotes":""},"categories":[7],"tags":[2386],"class_list":["post-108519","post","type-post","status-publish","format-standard","has-post-thumbnail","hentry","category-news","tag-selva-di-fasano"],"_links":{"self":[{"href":"https:\/\/www.brundisium.net\/index.php\/wp-json\/wp\/v2\/posts\/108519","targetHints":{"allow":["GET"]}}],"collection":[{"href":"https:\/\/www.brundisium.net\/index.php\/wp-json\/wp\/v2\/posts"}],"about":[{"href":"https:\/\/www.brundisium.net\/index.php\/wp-json\/wp\/v2\/types\/post"}],"author":[{"embeddable":true,"href":"https:\/\/www.brundisium.net\/index.php\/wp-json\/wp\/v2\/users\/2"}],"replies":[{"embeddable":true,"href":"https:\/\/www.brundisium.net\/index.php\/wp-json\/wp\/v2\/comments?post=108519"}],"version-history":[{"count":1,"href":"https:\/\/www.brundisium.net\/index.php\/wp-json\/wp\/v2\/posts\/108519\/revisions"}],"predecessor-version":[{"id":108524,"href":"https:\/\/www.brundisium.net\/index.php\/wp-json\/wp\/v2\/posts\/108519\/revisions\/108524"}],"wp:featuredmedia":[{"embeddable":true,"href":"https:\/\/www.brundisium.net\/index.php\/wp-json\/wp\/v2\/media\/108522"}],"wp:attachment":[{"href":"https:\/\/www.brundisium.net\/index.php\/wp-json\/wp\/v2\/media?parent=108519"}],"wp:term":[{"taxonomy":"category","embeddable":true,"href":"https:\/\/www.brundisium.net\/index.php\/wp-json\/wp\/v2\/categories?post=108519"},{"taxonomy":"post_tag","embeddable":true,"href":"https:\/\/www.brundisium.net\/index.php\/wp-json\/wp\/v2\/tags?post=108519"}],"curies":[{"name":"wp","href":"https:\/\/api.w.org\/{rel}","templated":true}]}}