{"id":108521,"date":"2017-07-11T15:27:36","date_gmt":"2017-07-11T13:27:36","guid":{"rendered":"http:\/\/www.brundisium.net\/?p=108521"},"modified":"2017-07-11T14:32:13","modified_gmt":"2017-07-11T12:32:13","slug":"presentata-la-ii-edizione-del-festival-sogni-e-fuochi","status":"publish","type":"post","link":"https:\/\/www.brundisium.net\/index.php\/presentata-la-ii-edizione-del-festival-sogni-e-fuochi\/","title":{"rendered":"Presentata la II edizione del Festival &#8220;Sogni e Fuochi&#8221;"},"content":{"rendered":"<p><a href=\"http:\/\/www.brundisium.net\/?attachment_id=108523\" rel=\"attachment wp-att-108523\"><img loading=\"lazy\" decoding=\"async\" class=\"alignleft size-medium wp-image-108523\" src=\"http:\/\/www.brundisium.net\/brun\/wp-content\/uploads\/2017\/07\/sogni-e-fuochi-211x300.jpg\" alt=\"\" width=\"211\" height=\"300\" srcset=\"https:\/\/www.brundisium.net\/brun\/wp-content\/uploads\/2017\/07\/sogni-e-fuochi-211x300.jpg 211w, https:\/\/www.brundisium.net\/brun\/wp-content\/uploads\/2017\/07\/sogni-e-fuochi-768x1090.jpg 768w, https:\/\/www.brundisium.net\/brun\/wp-content\/uploads\/2017\/07\/sogni-e-fuochi-722x1024.jpg 722w, https:\/\/www.brundisium.net\/brun\/wp-content\/uploads\/2017\/07\/sogni-e-fuochi.jpg 1748w\" sizes=\"auto, (max-width: 211px) 100vw, 211px\" \/><\/a><\/p>\n<p>Si \u00e8 svolta questa mattina presso il Comune di Carovigno la conferenza stampa della seconda edizione del Festival Sogni e Fuochi, alla presenza del Sindaco Carmine Brandi, il direttore artistico Maurizio Ciccolella, la Consigliera Annamaria Petrosillo, l&#8217;Assessore Pietro Laghezza, l&#8217;Assessore all&#8217;ambiente Vincenzo Vacca, l&#8217;Assessore all&#8217;Agricoltura e SUAP Francesca Sbano. Dopo il grande successo della prima edizione, svoltasi a Carovigno, quest&#8217;anno il Festival si svolger\u00e0 a Santa Sabina tra la Torre antica e lo specchio d&#8217;acqua del bellissimo litorale Venerd\u00ec 14 luglio.<\/p>\n<p>&nbsp;<\/p>\n<p>&#8220;Siamo molto lieti \u2013 dichiara Ciccolella, direttore artistico del Festival \u2013 di poter inaugurare una seconda edizione, tanto per la doverosa continuit\u00e0 con una prima edizione davvero eccezionale, tanto perch\u00e9 ci auguriamo di poter ripartire dalla rete e dai risultati costruiti nell&#8217;edizione precedente per ampliare gli effetti gi\u00e0 ottenuti. Santa Sabina \u00e8 una localit\u00e0 che gi\u00e0 di per s\u00e9 ha un enorme flusso turistico e con questo progetto vogliamo offrire ai residenti e ai turisti la possibilit\u00e0 di fruire di iniziative di intrattenimento di alto livello&#8221;.<\/p>\n<p>&nbsp;<\/p>\n<p>&#8220;Un evento pienamente condiviso dall&#8217;Amministrazione \u2013 dichiara il Sindaco Carmine Brandi \u2013 con cui si apre ufficialmente la stagione dell&#8217;Estate di Carovigno. Ci tenevamo a continuare l&#8217;iniziativa dell&#8217;anno sorso anche con l&#8217;inaugurazione della Villa Comunale. Ringraziamo Ciccolella per avercelo proposto, convinti del fatto che la crescita della comunit\u00e0 passa attarverso la programmazione di eventi culturali di alto profilo culturale.&#8221;<\/p>\n<p>&nbsp;<\/p>\n<p>Sogni e Fuochi \u00e8 un progetto che s&#8217;inserisce nel solco delle iniziative di promozione culturale e artistica; &#8220;la cultura \u2013 dichiara la consigliera Petrosillo &#8211; non pu\u00f2 prescindere dalla promozione del territorio in tutte le sue sfaccetuture: questo progetto ci dar\u00e0 l&#8217;opportunit\u00e0 di mettere in risalto gli attrattori culturali di Carovigno e Santa Sabina&#8221;<br \/>\nS&#8217;inizia alle 19.00 con un&#8217;audio storia che racconta la storia della Torre Millenaria; alle 19.30 verr\u00e0 proiettato, nella straordianaria location scelta, il documentario &#8220;SP 34&#8221;, scritto e diretto da Maurizio Ciccolella, che racconta un viaggio tra Santa Sabina e carovigno alla scoperta di luoghi, persone e curiosit\u00e0; alle 21.00 va in scena lo Spettacolo teatrale &#8220;Nuda&#8221; con i testi di Stefano Benni, interpretato da Sara Ercolani e Rita Greco, al termine del quale agli spettatori che abbiano prenotato il posto a sedere sar\u00e0 offerto un dolce preparato durante lo spettacolo ed un vino offerto dalla Cantina Lama di Rose; alle ore 22,15 si proietta nuovamente il documentario. Durante il Festival \u00e8 possibile degustare la tipica frisa brindisina, detta &#8220;biscuettu&#8221;, del forno Cucinelli, al costo di 1 euro.<\/p>\n<p>&nbsp;<\/p>\n<p>La particolare presenze dell&#8217;Assessore all&#8217;ambiente e all&#8217;agricoltura si iscrivono in un&#8217;idea sistemica di progettazione culturale, attraverso la quale si promuove tutto il territorio. &#8220;Carovigno ha una vocazione rurale che negli anni \u2013 ha dichiarato l&#8217;Assessore Francesca Sbano \u2013 ha intrapreso una produzione virtuosa con prodotti d&#8217;eccellenza che attraggono i turisti&#8221;. &#8220;Carovigno a livello ambientale sta facendo molto \u2013 conclude l&#8217;Assessore Vincenzo Vacca \u2013 oltre alla Bandiera Blu domani ci consegneranno la &#8220;Spiga Verde&#8221;. Venerd\u00ec 14 prima dello spettacolo del regista Ciccolella, alle 21.00, premieremo la struttura ricettiva che nel 2016 si \u00e8 maggiormente distinta nella raccolta differenziata, grazie alla segnalazione degli operatori ecologici&#8221;.<\/p>\n<p>&nbsp;<\/p>\n<p>Tutti gli ingressi sono liberi e gratuiti, \u00e8 gradita la prenotazione del posto a sedere per lo spettacolo Nuda tramite Whatsapp al numero 3466606385 oppure alla mail scuolatalia@gmail.com.<\/p>\n","protected":false},"excerpt":{"rendered":"<p>Si \u00e8 svolta questa mattina presso il Comune di Carovigno la conferenza stampa della seconda edizione del Festival Sogni e Fuochi, alla presenza del Sindaco Carmine Brandi, il direttore artistico Maurizio Ciccolella, la Consigliera Annamaria Petrosillo, l&#8217;Assessore Pietro Laghezza, l&#8217;Assessore all&#8217;ambiente Vincenzo Vacca, l&#8217;Assessore all&#8217;Agricoltura e SUAP Francesca Sbano. Dopo il grande successo della prima edizione, svoltasi a Carovigno, quest&#8217;anno il Festival si svolger\u00e0 a Santa Sabina tra la Torre antica e lo specchio d&#8217;acqua del bellissimo litorale Venerd\u00ec 14 luglio. &nbsp; &#8220;Siamo molto lieti \u2013 dichiara Ciccolella, direttore artistico del Festival \u2013 di poter inaugurare una seconda edizione, tanto per la doverosa continuit\u00e0 con una prima edizione davvero eccezionale, tanto perch\u00e9 ci auguriamo di poter ripartire dalla rete e dai risultati costruiti nell&#8217;edizione precedente per ampliare gli effetti gi\u00e0 ottenuti. Santa Sabina \u00e8 una localit\u00e0 che gi\u00e0 di per s\u00e9 ha un enorme flusso turistico e con questo progetto vogliamo offrire ai residenti e ai turisti la possibilit\u00e0 di fruire di iniziative di intrattenimento di alto livello&#8221;. &nbsp; &#8220;Un&#8230;<\/p>\n","protected":false},"author":2,"featured_media":108439,"comment_status":"open","ping_status":"closed","sticky":false,"template":"","format":"standard","meta":{"footnotes":""},"categories":[7],"tags":[299,4592],"class_list":["post-108521","post","type-post","status-publish","format-standard","has-post-thumbnail","hentry","category-news","tag-carovigno","tag-sogni-e-fuochi"],"_links":{"self":[{"href":"https:\/\/www.brundisium.net\/index.php\/wp-json\/wp\/v2\/posts\/108521","targetHints":{"allow":["GET"]}}],"collection":[{"href":"https:\/\/www.brundisium.net\/index.php\/wp-json\/wp\/v2\/posts"}],"about":[{"href":"https:\/\/www.brundisium.net\/index.php\/wp-json\/wp\/v2\/types\/post"}],"author":[{"embeddable":true,"href":"https:\/\/www.brundisium.net\/index.php\/wp-json\/wp\/v2\/users\/2"}],"replies":[{"embeddable":true,"href":"https:\/\/www.brundisium.net\/index.php\/wp-json\/wp\/v2\/comments?post=108521"}],"version-history":[{"count":1,"href":"https:\/\/www.brundisium.net\/index.php\/wp-json\/wp\/v2\/posts\/108521\/revisions"}],"predecessor-version":[{"id":108526,"href":"https:\/\/www.brundisium.net\/index.php\/wp-json\/wp\/v2\/posts\/108521\/revisions\/108526"}],"wp:featuredmedia":[{"embeddable":true,"href":"https:\/\/www.brundisium.net\/index.php\/wp-json\/wp\/v2\/media\/108439"}],"wp:attachment":[{"href":"https:\/\/www.brundisium.net\/index.php\/wp-json\/wp\/v2\/media?parent=108521"}],"wp:term":[{"taxonomy":"category","embeddable":true,"href":"https:\/\/www.brundisium.net\/index.php\/wp-json\/wp\/v2\/categories?post=108521"},{"taxonomy":"post_tag","embeddable":true,"href":"https:\/\/www.brundisium.net\/index.php\/wp-json\/wp\/v2\/tags?post=108521"}],"curies":[{"name":"wp","href":"https:\/\/api.w.org\/{rel}","templated":true}]}}