{"id":108584,"date":"2017-07-12T12:58:19","date_gmt":"2017-07-12T10:58:19","guid":{"rendered":"http:\/\/www.brundisium.net\/?p=108584"},"modified":"2017-07-12T12:58:19","modified_gmt":"2017-07-12T10:58:19","slug":"harold-lopez-nussa-trio-jazz-contaminato-con-musica-cubana-al-minareto-della-selva-di-fasano","status":"publish","type":"post","link":"https:\/\/www.brundisium.net\/index.php\/harold-lopez-nussa-trio-jazz-contaminato-con-musica-cubana-al-minareto-della-selva-di-fasano\/","title":{"rendered":"Harold Lopez Nussa trio, jazz contaminato con musica cubana al Minareto della Selva di Fasano"},"content":{"rendered":"<p>Harold Lopez &#8211; Nussa in trio. Il celebre, ed emergente, pianista cubano, gi\u00e0 paragonato dalla critica ai mostri sacri del jazz internazionale, suoner\u00e0 con Wade Alune, basso e voce, Ruy Adri\u00e1n L\u00f3pez-Nussa, batteria e percussioni, marted\u00ec 18 luglio alle ore 21.30 al Minareto (Selva di Fasano \u2013 Br).<\/p>\n<p>&nbsp;<\/p>\n<p>&nbsp;<\/p>\n<p>Il concerto rientra in \u201cSelva In Festival. Culture-Arti-Paesaggi\u201d, la rassegna estiva di appuntamenti teatrali, musicali, letterari ed artistici messa a punto dal Comune di Fasano, da un\u2019idea dello scrittore ed archeologo Vito Bianchi, in collaborazione col Teatro Pubblico Pugliese e, per gli aspetti tecnici, con la locale associazione \u201cLe Nove Muse\u201d.<\/p>\n<p>&nbsp;<\/p>\n<p>&nbsp;<\/p>\n<p>Biglietto d\u2019ingresso 8 euro per posto unico non numerato. Potr\u00e0 essere acquistato in ogni momento anche in prevendita su www.bookingshow.it o al botteghino del teatro Sociale di Fasano solo gioved\u00ec 13 luglio dalle ore 17 alle 19 e, ancora, ogni giorno al \u201cBarrino\u201d (a Selva di Fasano) o direttamente marted\u00ec 18 luglio al Minareto dalle ore 19.30. Info 393.8975459. Il parcheggio \u00e8 alla Casina municipale da dove, a partire dalle ore 20 e fino ad inizio concerto, si potr\u00e0 prendere il bus-navetta gratuito istituito dal Comune che condurr\u00e0 al Minareto.<\/p>\n<p>&nbsp;<\/p>\n<p>&nbsp;<\/p>\n<p>Harold Lopez \u2013 Nussa \u00e8 nato e cresciuto all&#8217;Avana dove ha respirato &#8211; come se non bastasse l&#8217;aria di una famiglia fatta di musicisti &#8211; tutto quel &#8220;sabor cubano&#8221; capace di mettere il tocco distintivo su ogni cosa. Il musicista, che proviene da studi classici al Conservatorio dell&#8217;Avana, ha scelto il jazz per esprimersi. La sua notoriet\u00e0 nell&#8217;isola \u00e8 indiscussa, tanto che \u00e8 stato scelto da Omara Portuondo, preziosa voce e bellissima personalit\u00e0 artistica di Cuba, a far parte ormai da anni del suo quintetto. E da l\u00ec il passo al jazz internazionale \u00e8 stato breve: da Montreux a Malta, da Vienna a St. Moritz, \u00e8 stato chiamato ad esibirsi con il suo trio nei pi\u00f9 importanti festival europei. Ascoltando la sua musica si scopre un jazz fresco; il pianoforte nelle sue mani \u00e8 armonioso e ricco di vivaci sfumature, e nonostante il suo sound attinga inevitabilmente alle sonorit\u00e0 nazionali, si nota come la sua musica esprima in una miriade di colori la nuova musica cubana. La sua padronanza del linguaggio del passato e la sua freschezza nelle sonorit\u00e0 sono ribadite anche nelle sue reinterpretazioni dei brani di grandi compositori come il cubano Chucho Valdes e l&#8217;americano Wayne Shorter, dimostrando di conoscere i linguaggi di ieri e quelli del domani.<\/p>\n<p>&nbsp;<\/p>\n<p>&nbsp;<\/p>\n<p>Il suo ultimo album &#8220;El Viaje&#8221;, edito da Mackavenue Records, \u00e8 ai primi posti di vendita su Amazon e i-Tunes, ed ha ricevuto 4 stelle dalla storica rivista americana di jazz \u201cDown Beat\u201d<\/p>\n<p>&nbsp;<\/p>\n<p><strong> Comune di Fasano<\/strong><\/p>\n","protected":false},"excerpt":{"rendered":"<p>Harold Lopez &#8211; Nussa in trio. Il celebre, ed emergente, pianista cubano, gi\u00e0 paragonato dalla critica ai mostri sacri del jazz internazionale, suoner\u00e0 con Wade Alune, basso e voce, Ruy Adri\u00e1n L\u00f3pez-Nussa, batteria e percussioni, marted\u00ec 18 luglio alle ore 21.30 al Minareto (Selva di Fasano \u2013 Br). &nbsp; &nbsp; Il concerto rientra in \u201cSelva In Festival. Culture-Arti-Paesaggi\u201d, la rassegna estiva di appuntamenti teatrali, musicali, letterari ed artistici messa a punto dal Comune di Fasano, da un\u2019idea dello scrittore ed archeologo Vito Bianchi, in collaborazione col Teatro Pubblico Pugliese e, per gli aspetti tecnici, con la locale associazione \u201cLe Nove Muse\u201d. &nbsp; &nbsp; Biglietto d\u2019ingresso 8 euro per posto unico non numerato. Potr\u00e0 essere acquistato in ogni momento anche in prevendita su www.bookingshow.it o al botteghino del teatro Sociale di Fasano solo gioved\u00ec 13 luglio dalle ore 17 alle 19 e, ancora, ogni giorno al \u201cBarrino\u201d (a Selva di Fasano) o direttamente marted\u00ec 18 luglio al Minareto dalle ore 19.30. Info 393.8975459. Il parcheggio \u00e8 alla Casina municipale da dove,&#8230;<\/p>\n","protected":false},"author":2,"featured_media":108585,"comment_status":"open","ping_status":"closed","sticky":false,"template":"","format":"standard","meta":{"footnotes":""},"categories":[7],"tags":[4598,2386],"class_list":["post-108584","post","type-post","status-publish","format-standard","has-post-thumbnail","hentry","category-news","tag-minareto","tag-selva-di-fasano"],"_links":{"self":[{"href":"https:\/\/www.brundisium.net\/index.php\/wp-json\/wp\/v2\/posts\/108584","targetHints":{"allow":["GET"]}}],"collection":[{"href":"https:\/\/www.brundisium.net\/index.php\/wp-json\/wp\/v2\/posts"}],"about":[{"href":"https:\/\/www.brundisium.net\/index.php\/wp-json\/wp\/v2\/types\/post"}],"author":[{"embeddable":true,"href":"https:\/\/www.brundisium.net\/index.php\/wp-json\/wp\/v2\/users\/2"}],"replies":[{"embeddable":true,"href":"https:\/\/www.brundisium.net\/index.php\/wp-json\/wp\/v2\/comments?post=108584"}],"version-history":[{"count":1,"href":"https:\/\/www.brundisium.net\/index.php\/wp-json\/wp\/v2\/posts\/108584\/revisions"}],"predecessor-version":[{"id":108586,"href":"https:\/\/www.brundisium.net\/index.php\/wp-json\/wp\/v2\/posts\/108584\/revisions\/108586"}],"wp:featuredmedia":[{"embeddable":true,"href":"https:\/\/www.brundisium.net\/index.php\/wp-json\/wp\/v2\/media\/108585"}],"wp:attachment":[{"href":"https:\/\/www.brundisium.net\/index.php\/wp-json\/wp\/v2\/media?parent=108584"}],"wp:term":[{"taxonomy":"category","embeddable":true,"href":"https:\/\/www.brundisium.net\/index.php\/wp-json\/wp\/v2\/categories?post=108584"},{"taxonomy":"post_tag","embeddable":true,"href":"https:\/\/www.brundisium.net\/index.php\/wp-json\/wp\/v2\/tags?post=108584"}],"curies":[{"name":"wp","href":"https:\/\/api.w.org\/{rel}","templated":true}]}}