{"id":108587,"date":"2017-07-12T13:01:15","date_gmt":"2017-07-12T11:01:15","guid":{"rendered":"http:\/\/www.brundisium.net\/?p=108587"},"modified":"2017-07-12T13:32:36","modified_gmt":"2017-07-12T11:32:36","slug":"santa-teresa-i-lavoratori-incontrano-i-parlamentari-del-territorio","status":"publish","type":"post","link":"https:\/\/www.brundisium.net\/index.php\/santa-teresa-i-lavoratori-incontrano-i-parlamentari-del-territorio\/","title":{"rendered":"Santa Teresa: i lavoratori incontrano i parlamentari del territorio"},"content":{"rendered":"<p>Il Sindacato Cobas di Brindisi d&#8217;intesa con il Presidente della Provincia di Brindisi, Maurizio Bruno, con il Consigliere Provinciale delegato a seguire le vicende della Santa Teresa, Giovanni Barletta,  organizzano  un incontro dei parlamentari Nazionali e Regionali della Provincia di Brindisi Venerd\u00ec 14 Luglio 2017, alle 18.00, presso la sala Giunta della Provincia.<\/p>\n<p>Lo scopo dell&#8217;incontro di Venerd\u00ec \u00e8 quello di raccordare e rafforzare il fronte Brindisino per il previsto  sit-in di Mercoled\u00ec 19 Luglio alle ore 9,00 sotto il Parlamento, in Piazza Montecitorio, promosso per chiedere risorse certe per le Province alla luce del referendum del 4 Dicembre scorso che le fa ritornare ad avere un rango di carattere costituzionale.<\/p>\n<p>I parlamentari brindisini sono stati gi\u00e0 contattati ed hanno assicurato la loro presenza e fervono i contatti nazionali per assicurare migliori risultati alla iniziativa stessa.<\/p>\n<p>Di concerto al  destino della Provincia di Brindisi  \u00e8 legata la societ\u00e0 in house della Provincia di Brindisi, Santa Teresa, che paga un prezzo troppo forte per i mancati finanziamenti da parte del Governo.<\/p>\n<p>Proteste contro questo comportamento contraddittorio del Governo sono state  portate avanti dall&#8217;UPI (Unione Province Italiane),  che ha denunciato il fallimento certo del 90% delle province in caso di mancato sostegno economico da parte del Governo Nazionale.<\/p>\n<p>A causa dei tagli del Governo e mancati finanziamenti  la provincia di Brindisi \u00e8 passata da un disavanzo di 2 milioni di euro dello scorso anno ai quasi 12 milioni di euro del 2017 .<\/p>\n<p>Di fronte a questa drammatica situazione non possiamo che portare la protesta a Roma  sotto le finestre del Governo<\/p>\n<p><strong><br \/>\nCobas <\/strong><\/p>\n","protected":false},"excerpt":{"rendered":"<p>Il Sindacato Cobas di Brindisi d&#8217;intesa con il Presidente della Provincia di Brindisi, Maurizio Bruno, con il Consigliere Provinciale delegato a seguire le vicende della Santa Teresa, Giovanni Barletta, organizzano un incontro dei parlamentari Nazionali e Regionali della Provincia di Brindisi Venerd\u00ec 14 Luglio 2017, alle 18.00, presso la sala Giunta della Provincia. Lo scopo dell&#8217;incontro di Venerd\u00ec \u00e8 quello di raccordare e rafforzare il fronte Brindisino per il previsto sit-in di Mercoled\u00ec 19 Luglio alle ore 9,00 sotto il Parlamento, in Piazza Montecitorio, promosso per chiedere risorse certe per le Province alla luce del referendum del 4 Dicembre scorso che le fa ritornare ad avere un rango di carattere costituzionale. I parlamentari brindisini sono stati gi\u00e0 contattati ed hanno assicurato la loro presenza e fervono i contatti nazionali per assicurare migliori risultati alla iniziativa stessa. Di concerto al destino della Provincia di Brindisi \u00e8 legata la societ\u00e0 in house della Provincia di Brindisi, Santa Teresa, che paga un prezzo troppo forte per i mancati finanziamenti da parte del Governo&#8230;.<\/p>\n","protected":false},"author":2,"featured_media":75552,"comment_status":"open","ping_status":"closed","sticky":false,"template":"","format":"standard","meta":{"footnotes":""},"categories":[7],"tags":[958],"class_list":["post-108587","post","type-post","status-publish","format-standard","has-post-thumbnail","hentry","category-news","tag-santa-teresa"],"_links":{"self":[{"href":"https:\/\/www.brundisium.net\/index.php\/wp-json\/wp\/v2\/posts\/108587","targetHints":{"allow":["GET"]}}],"collection":[{"href":"https:\/\/www.brundisium.net\/index.php\/wp-json\/wp\/v2\/posts"}],"about":[{"href":"https:\/\/www.brundisium.net\/index.php\/wp-json\/wp\/v2\/types\/post"}],"author":[{"embeddable":true,"href":"https:\/\/www.brundisium.net\/index.php\/wp-json\/wp\/v2\/users\/2"}],"replies":[{"embeddable":true,"href":"https:\/\/www.brundisium.net\/index.php\/wp-json\/wp\/v2\/comments?post=108587"}],"version-history":[{"count":2,"href":"https:\/\/www.brundisium.net\/index.php\/wp-json\/wp\/v2\/posts\/108587\/revisions"}],"predecessor-version":[{"id":108597,"href":"https:\/\/www.brundisium.net\/index.php\/wp-json\/wp\/v2\/posts\/108587\/revisions\/108597"}],"wp:featuredmedia":[{"embeddable":true,"href":"https:\/\/www.brundisium.net\/index.php\/wp-json\/wp\/v2\/media\/75552"}],"wp:attachment":[{"href":"https:\/\/www.brundisium.net\/index.php\/wp-json\/wp\/v2\/media?parent=108587"}],"wp:term":[{"taxonomy":"category","embeddable":true,"href":"https:\/\/www.brundisium.net\/index.php\/wp-json\/wp\/v2\/categories?post=108587"},{"taxonomy":"post_tag","embeddable":true,"href":"https:\/\/www.brundisium.net\/index.php\/wp-json\/wp\/v2\/tags?post=108587"}],"curies":[{"name":"wp","href":"https:\/\/api.w.org\/{rel}","templated":true}]}}