{"id":108595,"date":"2017-07-12T13:14:16","date_gmt":"2017-07-12T11:14:16","guid":{"rendered":"http:\/\/www.brundisium.net\/?p=108595"},"modified":"2017-07-12T13:14:16","modified_gmt":"2017-07-12T11:14:16","slug":"rino-pierri-e-il-nuovo-coordinatore-cittadino-di-alternativa-popolare","status":"publish","type":"post","link":"https:\/\/www.brundisium.net\/index.php\/rino-pierri-e-il-nuovo-coordinatore-cittadino-di-alternativa-popolare\/","title":{"rendered":"Rino Pierri \u00e8 il nuovo coordinatore cittadino di Alternativa Popolare"},"content":{"rendered":"<p>Preso atto delle dimissioni dell&#8217;amico Antonio Dautilia per sopraggiunti impegni professionali, e nel ringraziarlo per il proficuo e virtuoso lavoro fin qui svolto per l&#8217;organizzazione ed il radicamento territoriale del partito nella citt\u00e0 di Brindisi, Alternativa Popolare, nella sua massima espressione dirigenziale brindisina, ha nominato Teodoro Pierri come nuovo coordinatore cittadino della citt\u00e0 di Brindisi, certo che ben sapr\u00e0 rappresentare gli interessi generali del partito e di una comunit\u00e0, quella brindisina, da anni mortificata da una politica miope e incompetente.<\/p>\n<p>Il segretario nazionale Angelino Alfano, il coordinatore regionale sen. Massimo Cassano, i dirigenti provinciali Ciro Argese e Mimmo De Michele, formulano i migliori auguri per questo nuovo ed avvincente incarico.<\/p>\n<p><strong><br \/>\nComunicato stampa Alternativa Popolare <\/strong><\/p>\n","protected":false},"excerpt":{"rendered":"<p>Preso atto delle dimissioni dell&#8217;amico Antonio Dautilia per sopraggiunti impegni professionali, e nel ringraziarlo per il proficuo e virtuoso lavoro fin qui svolto per l&#8217;organizzazione ed il radicamento territoriale del partito nella citt\u00e0 di Brindisi, Alternativa Popolare, nella sua massima espressione dirigenziale brindisina, ha nominato Teodoro Pierri come nuovo coordinatore cittadino della citt\u00e0 di Brindisi, certo che ben sapr\u00e0 rappresentare gli interessi generali del partito e di una comunit\u00e0, quella brindisina, da anni mortificata da una politica miope e incompetente. Il segretario nazionale Angelino Alfano, il coordinatore regionale sen. Massimo Cassano, i dirigenti provinciali Ciro Argese e Mimmo De Michele, formulano i migliori auguri per questo nuovo ed avvincente incarico. Comunicato stampa Alternativa Popolare<\/p>\n","protected":false},"author":2,"featured_media":98482,"comment_status":"open","ping_status":"closed","sticky":false,"template":"","format":"standard","meta":{"footnotes":""},"categories":[7],"tags":[3679],"class_list":["post-108595","post","type-post","status-publish","format-standard","has-post-thumbnail","hentry","category-news","tag-alternativa-popolare"],"_links":{"self":[{"href":"https:\/\/www.brundisium.net\/index.php\/wp-json\/wp\/v2\/posts\/108595","targetHints":{"allow":["GET"]}}],"collection":[{"href":"https:\/\/www.brundisium.net\/index.php\/wp-json\/wp\/v2\/posts"}],"about":[{"href":"https:\/\/www.brundisium.net\/index.php\/wp-json\/wp\/v2\/types\/post"}],"author":[{"embeddable":true,"href":"https:\/\/www.brundisium.net\/index.php\/wp-json\/wp\/v2\/users\/2"}],"replies":[{"embeddable":true,"href":"https:\/\/www.brundisium.net\/index.php\/wp-json\/wp\/v2\/comments?post=108595"}],"version-history":[{"count":1,"href":"https:\/\/www.brundisium.net\/index.php\/wp-json\/wp\/v2\/posts\/108595\/revisions"}],"predecessor-version":[{"id":108596,"href":"https:\/\/www.brundisium.net\/index.php\/wp-json\/wp\/v2\/posts\/108595\/revisions\/108596"}],"wp:featuredmedia":[{"embeddable":true,"href":"https:\/\/www.brundisium.net\/index.php\/wp-json\/wp\/v2\/media\/98482"}],"wp:attachment":[{"href":"https:\/\/www.brundisium.net\/index.php\/wp-json\/wp\/v2\/media?parent=108595"}],"wp:term":[{"taxonomy":"category","embeddable":true,"href":"https:\/\/www.brundisium.net\/index.php\/wp-json\/wp\/v2\/categories?post=108595"},{"taxonomy":"post_tag","embeddable":true,"href":"https:\/\/www.brundisium.net\/index.php\/wp-json\/wp\/v2\/tags?post=108595"}],"curies":[{"name":"wp","href":"https:\/\/api.w.org\/{rel}","templated":true}]}}