{"id":108723,"date":"2017-07-14T09:29:15","date_gmt":"2017-07-14T07:29:15","guid":{"rendered":"http:\/\/www.brundisium.net\/?p=108723"},"modified":"2017-07-14T09:29:15","modified_gmt":"2017-07-14T07:29:15","slug":"tomaselli-giovedi-20-a-roma-un-tavolo-sulle-prospettive-di-sviluppo-dellarea-industriale-di-brindisi","status":"publish","type":"post","link":"https:\/\/www.brundisium.net\/index.php\/tomaselli-giovedi-20-a-roma-un-tavolo-sulle-prospettive-di-sviluppo-dellarea-industriale-di-brindisi\/","title":{"rendered":"Tomaselli: &#8220;gioved\u00ec 20 a Roma un tavolo sulle prospettive di sviluppo dell&#8217;area industriale di Brindisi&#8221;"},"content":{"rendered":"<p><a href=\"http:\/\/www.brundisium.net\/index.php\/tomaselli-incontra-i-vigili-del-fuoco-avviare-una-fase-di-sereno-confronto-nel-comando-di-brindisi\/salvatore-tomaselli\/\" rel=\"attachment wp-att-82008\"><img loading=\"lazy\" decoding=\"async\" class=\"size-medium wp-image-82008 alignright\" src=\"http:\/\/www.brundisium.net\/brun\/wp-content\/uploads\/2016\/09\/salvatore-tomaselli-300x178.jpg\" alt=\"\" width=\"300\" height=\"178\" srcset=\"https:\/\/www.brundisium.net\/brun\/wp-content\/uploads\/2016\/09\/salvatore-tomaselli-300x178.jpg 300w, https:\/\/www.brundisium.net\/brun\/wp-content\/uploads\/2016\/09\/salvatore-tomaselli.jpg 640w\" sizes=\"auto, (max-width: 300px) 100vw, 300px\" \/><br \/>\n<\/a>&#8220;Dando seguito agli impegni assunti nel corso dell&#8217;incontro con le istituzioni locali del 26 maggio scorso, tenutosi presso la sede del Consorzio ASI, sono particolarmente lieto di comunicare che il Ministro per la Coesione territoriale e il Mezzogiorno Prof. Claudio De Vincenti ha convocato il Tavolo interistituzionale sulle prospettive di sviluppo delle infrastrutture e dell&#8217;area industriale di Brindisi per Gioved\u00ec 20 luglio prossimo alle ore 15 presso la sede dello stesso Ministero.<\/p>\n<p>&nbsp;<\/p>\n<p>Alla riunione sono invitati i Ministeri dello Sviluppo economico, delle Infrastrutture e dell&#8217;Ambiente oltre a Regione Puglia, Provincia e Comune di Brindisi, Autorit\u00e0 di sistema portuale dell&#8217;Adriatico meridionale, Consorzio ASI, Camera di Commercio e Confindustria.<\/p>\n<p>&nbsp;<\/p>\n<p>Lo scopo della riunione \u00e8 definire le condizioni di concerto istituzionale e di sostegno finanziario alla progettualit\u00e0 promossa dalle istituzioni locali e dal sistema delle imprese dell&#8217;area industriale brindisina le cui priorit\u00e0 sono state illustrate al Ministro De Vincenti nel corso dell&#8217;incontro tenuto a Brindisi a fine maggio.<\/p>\n<p>&nbsp;<\/p>\n<p>Si tratta, in particolare, di interventi volti al potenziamento delle infrastrutture portuali e logistiche, dei servizi alle imprese industriali gi\u00e0 localizzate e che possano essere attratte ad investire nell&#8217;area (bonifiche, rete per i servizi energetici), al rilancio della Cittadella della ricerca.&#8221;<\/p>\n<p>&nbsp;<\/p>\n<p>&nbsp;<\/p>\n<p>&nbsp;<\/p>\n<p>Sen. Salvatore TOMASELLI<\/p>\n","protected":false},"excerpt":{"rendered":"<p>&#8220;Dando seguito agli impegni assunti nel corso dell&#8217;incontro con le istituzioni locali del 26 maggio scorso, tenutosi presso la sede del Consorzio ASI, sono particolarmente lieto di comunicare che il Ministro per la Coesione territoriale e il Mezzogiorno Prof. Claudio De Vincenti ha convocato il Tavolo interistituzionale sulle prospettive di sviluppo delle infrastrutture e dell&#8217;area industriale di Brindisi per Gioved\u00ec 20 luglio prossimo alle ore 15 presso la sede dello stesso Ministero. &nbsp; Alla riunione sono invitati i Ministeri dello Sviluppo economico, delle Infrastrutture e dell&#8217;Ambiente oltre a Regione Puglia, Provincia e Comune di Brindisi, Autorit\u00e0 di sistema portuale dell&#8217;Adriatico meridionale, Consorzio ASI, Camera di Commercio e Confindustria. &nbsp; Lo scopo della riunione \u00e8 definire le condizioni di concerto istituzionale e di sostegno finanziario alla progettualit\u00e0 promossa dalle istituzioni locali e dal sistema delle imprese dell&#8217;area industriale brindisina le cui priorit\u00e0 sono state illustrate al Ministro De Vincenti nel corso dell&#8217;incontro tenuto a Brindisi a fine maggio. &nbsp; Si tratta, in particolare, di interventi volti al potenziamento delle infrastrutture portuali&#8230;<\/p>\n","protected":false},"author":2,"featured_media":39149,"comment_status":"open","ping_status":"closed","sticky":false,"template":"","format":"standard","meta":{"footnotes":""},"categories":[7],"tags":[116],"class_list":["post-108723","post","type-post","status-publish","format-standard","has-post-thumbnail","hentry","category-news","tag-tomaselli"],"_links":{"self":[{"href":"https:\/\/www.brundisium.net\/index.php\/wp-json\/wp\/v2\/posts\/108723","targetHints":{"allow":["GET"]}}],"collection":[{"href":"https:\/\/www.brundisium.net\/index.php\/wp-json\/wp\/v2\/posts"}],"about":[{"href":"https:\/\/www.brundisium.net\/index.php\/wp-json\/wp\/v2\/types\/post"}],"author":[{"embeddable":true,"href":"https:\/\/www.brundisium.net\/index.php\/wp-json\/wp\/v2\/users\/2"}],"replies":[{"embeddable":true,"href":"https:\/\/www.brundisium.net\/index.php\/wp-json\/wp\/v2\/comments?post=108723"}],"version-history":[{"count":1,"href":"https:\/\/www.brundisium.net\/index.php\/wp-json\/wp\/v2\/posts\/108723\/revisions"}],"predecessor-version":[{"id":108724,"href":"https:\/\/www.brundisium.net\/index.php\/wp-json\/wp\/v2\/posts\/108723\/revisions\/108724"}],"wp:featuredmedia":[{"embeddable":true,"href":"https:\/\/www.brundisium.net\/index.php\/wp-json\/wp\/v2\/media\/39149"}],"wp:attachment":[{"href":"https:\/\/www.brundisium.net\/index.php\/wp-json\/wp\/v2\/media?parent=108723"}],"wp:term":[{"taxonomy":"category","embeddable":true,"href":"https:\/\/www.brundisium.net\/index.php\/wp-json\/wp\/v2\/categories?post=108723"},{"taxonomy":"post_tag","embeddable":true,"href":"https:\/\/www.brundisium.net\/index.php\/wp-json\/wp\/v2\/tags?post=108723"}],"curies":[{"name":"wp","href":"https:\/\/api.w.org\/{rel}","templated":true}]}}