{"id":108940,"date":"2017-07-17T13:20:37","date_gmt":"2017-07-17T11:20:37","guid":{"rendered":"http:\/\/www.brundisium.net\/?p=108940"},"modified":"2017-07-17T13:20:37","modified_gmt":"2017-07-17T11:20:37","slug":"ostuni-capitale-della-pizzica-iniziato-il-conto-alla-rovescia-per-ostuni-taranta-fest","status":"publish","type":"post","link":"https:\/\/www.brundisium.net\/index.php\/ostuni-capitale-della-pizzica-iniziato-il-conto-alla-rovescia-per-ostuni-taranta-fest\/","title":{"rendered":"Ostuni: capitale della pizzica! Iniziato il conto alla rovescia per Ostuni Taranta Fest."},"content":{"rendered":"<p>La Citt\u00e0 bianca torna a essere per un giorno la capitale del folklore e della pizzica. Il prossimo 24 luglio. La Villa Comunale ospiter\u00e0 nuovamente Ostuni Taranta Fest, l\u2019evento musicale dedicato alla musica popolare, che giunge quest\u2019anno alla sua seconda edizione. Ideato e promosso dal giovane e poliedrico meteorologo ostunese Michele Conenna, in collaborazione con il Gruppo Folk \u201cLu Barcarulu\u201d,di cui fa parte da tempo, il Festival sar\u00e0 presentato ancora una volta dalla giornalista Nicla Pastore e da Michele Conenna, direttore artistico dell\u2019evento e volto noto del meteo di TeleNorba.<\/p>\n<p>&nbsp;<\/p>\n<p>&nbsp;<\/p>\n<p>\u00abQuest\u2019anno abbiamo come ospite d\u2019onore \u2013 dice Michele Conenna \u2013 i Terraross, un gruppo diventato famoso per la rilettura in chiave moderna dei brani della tradizione popolare. In concorso invece ci saranno formazioni musicali provenienti dalla Provincia di Taranto, Lecce e ovviamente Brindisi. L\u2019evento sar\u00e0 trasmesso in diretta Tv, a partire dalle ore 19 con la parata cittadina che aprir\u00e0 questa seconda edizione. La serata avr\u00e0 inizio alle ore 19.00 con una sfilata di carretti e di tutti i gruppi partecipanti che percorrer\u00e0 le principali via della citt\u00e0. Alle 21.00 invece comincer\u00e0 il concertone: vedr\u00e0 protagonisti, tra gli altri, il gruppo Folk la \u2018Nzegna di Carovigno, i Sangu Amaru di Lecce, Nui Nisciunu di Lecce, i Don Pizzicati di Grottaglie, Terronia Bella di Ostuni, le ballerine e i ballerini della Notte della Taranta, le interpreti teatrali . Inoltre sar\u00e0 possibile assaporare piatti tipici pugliesi grazie agli stand enogastronomici che verranno installati. Non per ultimi ci sar\u00e0 la partecipazione di due interpreti teatrali ostunesi tra cui Antonella Colucci e Ginevra Viesti in una pi\u00e8ce teatrale dedicata alla Pizzica, e un\u2019associazione di ragazzi disabili che torna a portare il suo contributo\u00bb<\/p>\n<p>&nbsp;<\/p>\n<p>&nbsp;<\/p>\n<p>Strutture turistiche gi\u00e0 prenotate per l&#8217;evento del 24 Luglio. Turismo e tradizione continuano ad essere il connubio perfetto per l&#8217;accoglienza turistica e per il divertimento estivo, nelle regole e nelle norme.<\/p>\n","protected":false},"excerpt":{"rendered":"<p>La Citt\u00e0 bianca torna a essere per un giorno la capitale del folklore e della pizzica. Il prossimo 24 luglio. La Villa Comunale ospiter\u00e0 nuovamente Ostuni Taranta Fest, l\u2019evento musicale dedicato alla musica popolare, che giunge quest\u2019anno alla sua seconda edizione. Ideato e promosso dal giovane e poliedrico meteorologo ostunese Michele Conenna, in collaborazione con il Gruppo Folk \u201cLu Barcarulu\u201d,di cui fa parte da tempo, il Festival sar\u00e0 presentato ancora una volta dalla giornalista Nicla Pastore e da Michele Conenna, direttore artistico dell\u2019evento e volto noto del meteo di TeleNorba. &nbsp; &nbsp; \u00abQuest\u2019anno abbiamo come ospite d\u2019onore \u2013 dice Michele Conenna \u2013 i Terraross, un gruppo diventato famoso per la rilettura in chiave moderna dei brani della tradizione popolare. In concorso invece ci saranno formazioni musicali provenienti dalla Provincia di Taranto, Lecce e ovviamente Brindisi. L\u2019evento sar\u00e0 trasmesso in diretta Tv, a partire dalle ore 19 con la parata cittadina che aprir\u00e0 questa seconda edizione. La serata avr\u00e0 inizio alle ore 19.00 con una sfilata di carretti e di tutti&#8230;<\/p>\n","protected":false},"author":2,"featured_media":108942,"comment_status":"open","ping_status":"closed","sticky":false,"template":"","format":"standard","meta":{"footnotes":""},"categories":[7],"tags":[53,4215],"class_list":["post-108940","post","type-post","status-publish","format-standard","has-post-thumbnail","hentry","category-news","tag-ostuni","tag-ostuni-taranta-fest"],"_links":{"self":[{"href":"https:\/\/www.brundisium.net\/index.php\/wp-json\/wp\/v2\/posts\/108940","targetHints":{"allow":["GET"]}}],"collection":[{"href":"https:\/\/www.brundisium.net\/index.php\/wp-json\/wp\/v2\/posts"}],"about":[{"href":"https:\/\/www.brundisium.net\/index.php\/wp-json\/wp\/v2\/types\/post"}],"author":[{"embeddable":true,"href":"https:\/\/www.brundisium.net\/index.php\/wp-json\/wp\/v2\/users\/2"}],"replies":[{"embeddable":true,"href":"https:\/\/www.brundisium.net\/index.php\/wp-json\/wp\/v2\/comments?post=108940"}],"version-history":[{"count":1,"href":"https:\/\/www.brundisium.net\/index.php\/wp-json\/wp\/v2\/posts\/108940\/revisions"}],"predecessor-version":[{"id":108943,"href":"https:\/\/www.brundisium.net\/index.php\/wp-json\/wp\/v2\/posts\/108940\/revisions\/108943"}],"wp:featuredmedia":[{"embeddable":true,"href":"https:\/\/www.brundisium.net\/index.php\/wp-json\/wp\/v2\/media\/108942"}],"wp:attachment":[{"href":"https:\/\/www.brundisium.net\/index.php\/wp-json\/wp\/v2\/media?parent=108940"}],"wp:term":[{"taxonomy":"category","embeddable":true,"href":"https:\/\/www.brundisium.net\/index.php\/wp-json\/wp\/v2\/categories?post=108940"},{"taxonomy":"post_tag","embeddable":true,"href":"https:\/\/www.brundisium.net\/index.php\/wp-json\/wp\/v2\/tags?post=108940"}],"curies":[{"name":"wp","href":"https:\/\/api.w.org\/{rel}","templated":true}]}}