{"id":109023,"date":"2017-07-18T13:01:39","date_gmt":"2017-07-18T11:01:39","guid":{"rendered":"http:\/\/www.brundisium.net\/?p=109023"},"modified":"2017-07-18T14:49:31","modified_gmt":"2017-07-18T12:49:31","slug":"noi-centro-giuseppe-cavallo-e-incompatibile","status":"publish","type":"post","link":"https:\/\/www.brundisium.net\/index.php\/noi-centro-giuseppe-cavallo-e-incompatibile\/","title":{"rendered":"Noi Centro: &#8220;Giuseppe Cavallo \u00e8 incompatibile&#8221;"},"content":{"rendered":"<p>In qualit\u00e0 di consiglieri comunali poche ore fa siamo venuti a conoscenza di quanto sollevato da alcuni cittadini e quanto riportato sul quotidiano online Lecce Prima.<\/p>\n<p>&nbsp;<\/p>\n<p>Riportiamo il post Facebook in cui siamo stati taggati e la fonte giornalistica di riferimento.<\/p>\n<p>&nbsp;<\/p>\n<p><em>POST: \u201cIn virt\u00f9 dell&#8217;attivit\u00e0 svolta col Comitato ComplemenTari sono venuto a conoscenza del fatto che la ditta FERMETAL SUD srl il cui gestore e socio di fatto \u00e8 il sig. Giuseppe Cavallo, consigliere comunale, \u00e8 appaltatrice e, quindi, prestatrice di servizi della MONTECO, societ\u00e0 concessionaria del Comune del servizio di raccolta e smaltimento dei rifiuti. Precisamente la societ\u00e0 di Cavallo tiene per conto della MONTECO il servizio di &#8220;trasferenza dei rifiuto umido&#8221; svolto nella zona industriale di Francavilla Fontana (Vedi link articolo di un comunicato della stessa Monteco riguardante i rifiuti della citt\u00e0 di Lecce). La cosa mi lascia, alquanto stupito e meravigliato poich\u00e9 a mente dell&#8217;articolo 63, comma 1, del decreto legislativo 267\/2000, il sig. Cavallo \u00e8 in una condizione di incompatibilit\u00e0 che obbliga l&#8217;organo di cui fa parte, il consiglio comunale, a deliberarne la decadenza da consigliere. Mi chiedo se \u00e8 possibile che nessuno dei politici, degli amministratori e dei dirigenti o funzionari comunali, sapesse di questa situazione. Ma soprattutto mi chiedo se sia possibile che l&#8217;interessato &#8211; persona corretta e precisa &#8211; non abbia indicato la condizione in cui versa con la Monteco nella scheda personale sulla trasparenza di cui al D. Lgs 33\/2013 e ai sensi del T.U.E.L. 267\/2000. In tale ultimo caso, che spero denegato, la decadenza dovrebbe essere irrevocabile senza facolt\u00e0 di poterla sanare!!! Un&#8217;ultima cosa: La decadenza deve essere proposta d&#8217;ufficio dalla presidenza del consiglio comunale, sentito il segretario comunale senza che sia necessario un particolare impulso di parte o procedurale. Sino ad oggi cosa ha fatto la presidente? Si \u00e8 girata dall&#8217;altra parte e non ha visto?\u201d<\/em><\/p>\n<p>LINK: \u201c <a href=\"http:\/\/www.lecceprima.it\/politica\/camion-pieni-di-rifiuti-fermi-in-ditta-l-impianto-non-ha-disponibilita.html\">http:\/\/www.lecceprima.it\/politica\/camion-pieni-di-rifiuti-fermi-in-ditta-l-impianto-non-ha-disponibilita.html<\/a>\u201d.<\/p>\n<p>&nbsp;<\/p>\n<p>Come forza politica prendiamo atto di quanto dichiarato specificando che nei prossimi giorni inizieremo una attivit\u00e0 di verifica presso gli uffici per poter vedere quanto di vero c\u2019\u00e8. Concludiamo lanciando un appello a tutte le forze politiche della citt\u00e0 degli Imperiali affinch\u00e9 ci sia compattezza e coordinamento su una questione particolarmente importante.<\/p>\n<p>&nbsp;<\/p>\n<p>&nbsp;<\/p>\n<p>Noi Centro Francavilla Fontana<\/p>\n<p>Dario Pio Mancino<\/p>\n<p>Angelo di Noi<\/p>\n","protected":false},"excerpt":{"rendered":"<p>In qualit\u00e0 di consiglieri comunali poche ore fa siamo venuti a conoscenza di quanto sollevato da alcuni cittadini e quanto riportato sul quotidiano online Lecce Prima. &nbsp; Riportiamo il post Facebook in cui siamo stati taggati e la fonte giornalistica di riferimento. &nbsp; POST: \u201cIn virt\u00f9 dell&#8217;attivit\u00e0 svolta col Comitato ComplemenTari sono venuto a conoscenza del fatto che la ditta FERMETAL SUD srl il cui gestore e socio di fatto \u00e8 il sig. Giuseppe Cavallo, consigliere comunale, \u00e8 appaltatrice e, quindi, prestatrice di servizi della MONTECO, societ\u00e0 concessionaria del Comune del servizio di raccolta e smaltimento dei rifiuti. Precisamente la societ\u00e0 di Cavallo tiene per conto della MONTECO il servizio di &#8220;trasferenza dei rifiuto umido&#8221; svolto nella zona industriale di Francavilla Fontana (Vedi link articolo di un comunicato della stessa Monteco riguardante i rifiuti della citt\u00e0 di Lecce). La cosa mi lascia, alquanto stupito e meravigliato poich\u00e9 a mente dell&#8217;articolo 63, comma 1, del decreto legislativo 267\/2000, il sig. Cavallo \u00e8 in una condizione di incompatibilit\u00e0 che obbliga l&#8217;organo di&#8230;<\/p>\n","protected":false},"author":2,"featured_media":84736,"comment_status":"open","ping_status":"closed","sticky":false,"template":"","format":"standard","meta":{"footnotes":""},"categories":[7],"tags":[2092,305],"class_list":["post-109023","post","type-post","status-publish","format-standard","has-post-thumbnail","hentry","category-news","tag-cavallo","tag-noi-centro"],"_links":{"self":[{"href":"https:\/\/www.brundisium.net\/index.php\/wp-json\/wp\/v2\/posts\/109023","targetHints":{"allow":["GET"]}}],"collection":[{"href":"https:\/\/www.brundisium.net\/index.php\/wp-json\/wp\/v2\/posts"}],"about":[{"href":"https:\/\/www.brundisium.net\/index.php\/wp-json\/wp\/v2\/types\/post"}],"author":[{"embeddable":true,"href":"https:\/\/www.brundisium.net\/index.php\/wp-json\/wp\/v2\/users\/2"}],"replies":[{"embeddable":true,"href":"https:\/\/www.brundisium.net\/index.php\/wp-json\/wp\/v2\/comments?post=109023"}],"version-history":[{"count":1,"href":"https:\/\/www.brundisium.net\/index.php\/wp-json\/wp\/v2\/posts\/109023\/revisions"}],"predecessor-version":[{"id":109024,"href":"https:\/\/www.brundisium.net\/index.php\/wp-json\/wp\/v2\/posts\/109023\/revisions\/109024"}],"wp:featuredmedia":[{"embeddable":true,"href":"https:\/\/www.brundisium.net\/index.php\/wp-json\/wp\/v2\/media\/84736"}],"wp:attachment":[{"href":"https:\/\/www.brundisium.net\/index.php\/wp-json\/wp\/v2\/media?parent=109023"}],"wp:term":[{"taxonomy":"category","embeddable":true,"href":"https:\/\/www.brundisium.net\/index.php\/wp-json\/wp\/v2\/categories?post=109023"},{"taxonomy":"post_tag","embeddable":true,"href":"https:\/\/www.brundisium.net\/index.php\/wp-json\/wp\/v2\/tags?post=109023"}],"curies":[{"name":"wp","href":"https:\/\/api.w.org\/{rel}","templated":true}]}}