{"id":109148,"date":"2017-07-19T17:12:05","date_gmt":"2017-07-19T15:12:05","guid":{"rendered":"http:\/\/www.brundisium.net\/?p=109148"},"modified":"2017-07-19T17:24:03","modified_gmt":"2017-07-19T15:24:03","slug":"nuova-giunta-regionale-pierri-ap-ancora-una-volta-la-provincia-di-brindisi-e-stata-esclusa","status":"publish","type":"post","link":"https:\/\/www.brundisium.net\/index.php\/nuova-giunta-regionale-pierri-ap-ancora-una-volta-la-provincia-di-brindisi-e-stata-esclusa\/","title":{"rendered":"Nuova Giunta Regionale, Pierri (AP): &#8220;Ancora una volta la provincia di Brindisi \u00e8 stata esclusa&#8221;"},"content":{"rendered":"<p>Ancora una volta la provincia di Brindisi \u00e8 stata esclusa dalla Giunta Regionale. Era accaduto all\u2019insediamento del Governatore Michele Emiliano ed \u00e8 accaduto ancora. Dolo? Mera \u2018dimenticanza\u2019? Sinceramente non mi capacito di come ci\u00f2 possa essere successo nuovamente, ma ci\u00f2 che mi fa pi\u00f9 specie \u00e8 che il Presidente ha dichiarato che il nuovo Esecutivo rappresenterebbe \u2018tutta\u2019 la Puglia.<\/p>\n<p>&nbsp;<\/p>\n<p>Cos\u00ec non \u00e8; non \u00e8 necessario dimostrarlo in alcun modo. Tuttavia, vale la pena ricordare ad Emiliano che la citt\u00e0 di Brindisi e l\u2019intera provincia hanno contribuito alla sua elezione alla guida della Regione Puglia. E non \u00e8 una mera questione di campanilismo. Il nostro territorio esprime, senza timore di smentita, professionalit\u00e0 indiscutibilmente e politicamente di spessore. Non solo. Brindisi presenta delle criticit\u00e0 \u2013 cos\u00ec come delle potenzialit\u00e0 \u2013 che non possono essere marginalizzate e che abbisognerebbero di persone che conoscono perfettamente il territorio e che, ad esso, potrebbero dare il proprio apporto<\/p>\n<p>&nbsp;<\/p>\n<p>Per tutti questi motivi e \u2013 ci tengo a sottolinearlo \u2013 al di l\u00e0 delle appartenenze politiche (non aspiravamo ad un esponente di Alternativa Popolare), ci auguriamo che il Presidente Emiliano possa garantire alla sua Giunta un rappresentante istituzionale del nostro territorio, che sia del capoluogo o della provincia.<\/p>\n<p>&nbsp;<\/p>\n<p>Non si pu\u00f2, con un colpo di spugna, cancellare la nostra terra dalla politica regionale, anche per non dover dire che ha ragione chi, spesso, afferma che le scelte del Governatore penalizzano sempre Brindisi e la sua provincia.<\/p>\n<p>&nbsp;<\/p>\n<p>&nbsp;<\/p>\n<p><strong>Teodoro Pierri<\/strong><\/p>\n<p><strong>Coordinatore Cittadino Alternativa Popolare<\/strong><\/p>\n","protected":false},"excerpt":{"rendered":"<p>Ancora una volta la provincia di Brindisi \u00e8 stata esclusa dalla Giunta Regionale. Era accaduto all\u2019insediamento del Governatore Michele Emiliano ed \u00e8 accaduto ancora. Dolo? Mera \u2018dimenticanza\u2019? Sinceramente non mi capacito di come ci\u00f2 possa essere successo nuovamente, ma ci\u00f2 che mi fa pi\u00f9 specie \u00e8 che il Presidente ha dichiarato che il nuovo Esecutivo rappresenterebbe \u2018tutta\u2019 la Puglia. &nbsp; Cos\u00ec non \u00e8; non \u00e8 necessario dimostrarlo in alcun modo. Tuttavia, vale la pena ricordare ad Emiliano che la citt\u00e0 di Brindisi e l\u2019intera provincia hanno contribuito alla sua elezione alla guida della Regione Puglia. E non \u00e8 una mera questione di campanilismo. Il nostro territorio esprime, senza timore di smentita, professionalit\u00e0 indiscutibilmente e politicamente di spessore. Non solo. Brindisi presenta delle criticit\u00e0 \u2013 cos\u00ec come delle potenzialit\u00e0 \u2013 che non possono essere marginalizzate e che abbisognerebbero di persone che conoscono perfettamente il territorio e che, ad esso, potrebbero dare il proprio apporto &nbsp; Per tutti questi motivi e \u2013 ci tengo a sottolinearlo \u2013 al di l\u00e0 delle appartenenze&#8230;<\/p>\n","protected":false},"author":2,"featured_media":95978,"comment_status":"open","ping_status":"closed","sticky":false,"template":"","format":"standard","meta":{"footnotes":""},"categories":[7],"tags":[4625,3741],"class_list":["post-109148","post","type-post","status-publish","format-standard","has-post-thumbnail","hentry","category-news","tag-giunta-regionale","tag-pierri"],"_links":{"self":[{"href":"https:\/\/www.brundisium.net\/index.php\/wp-json\/wp\/v2\/posts\/109148","targetHints":{"allow":["GET"]}}],"collection":[{"href":"https:\/\/www.brundisium.net\/index.php\/wp-json\/wp\/v2\/posts"}],"about":[{"href":"https:\/\/www.brundisium.net\/index.php\/wp-json\/wp\/v2\/types\/post"}],"author":[{"embeddable":true,"href":"https:\/\/www.brundisium.net\/index.php\/wp-json\/wp\/v2\/users\/2"}],"replies":[{"embeddable":true,"href":"https:\/\/www.brundisium.net\/index.php\/wp-json\/wp\/v2\/comments?post=109148"}],"version-history":[{"count":1,"href":"https:\/\/www.brundisium.net\/index.php\/wp-json\/wp\/v2\/posts\/109148\/revisions"}],"predecessor-version":[{"id":109149,"href":"https:\/\/www.brundisium.net\/index.php\/wp-json\/wp\/v2\/posts\/109148\/revisions\/109149"}],"wp:featuredmedia":[{"embeddable":true,"href":"https:\/\/www.brundisium.net\/index.php\/wp-json\/wp\/v2\/media\/95978"}],"wp:attachment":[{"href":"https:\/\/www.brundisium.net\/index.php\/wp-json\/wp\/v2\/media?parent=109148"}],"wp:term":[{"taxonomy":"category","embeddable":true,"href":"https:\/\/www.brundisium.net\/index.php\/wp-json\/wp\/v2\/categories?post=109148"},{"taxonomy":"post_tag","embeddable":true,"href":"https:\/\/www.brundisium.net\/index.php\/wp-json\/wp\/v2\/tags?post=109148"}],"curies":[{"name":"wp","href":"https:\/\/api.w.org\/{rel}","templated":true}]}}