{"id":109164,"date":"2017-07-20T09:22:54","date_gmt":"2017-07-20T07:22:54","guid":{"rendered":"http:\/\/www.brundisium.net\/?p=109164"},"modified":"2017-07-20T10:23:09","modified_gmt":"2017-07-20T08:23:09","slug":"ad-ostuni-la-festa-di-s-maria-di-magdala-per-superare-la-discriminazione-delle-donne-nella-chiesa-cattolica","status":"publish","type":"post","link":"https:\/\/www.brundisium.net\/index.php\/ad-ostuni-la-festa-di-s-maria-di-magdala-per-superare-la-discriminazione-delle-donne-nella-chiesa-cattolica\/","title":{"rendered":"Ad Ostuni la Festa di S. Maria di Magdala per superare la discriminazione delle donne nella Chiesa cattolica"},"content":{"rendered":"<p>Il 22 luglio il ricordo religioso di Santa Maria di Magdala \u00e8 stato elevato da Papa Francesco lo scorso anno da memoria liturgica a festa della Apostola degli Apostoli come \u00e8 stata sempre celebrata nella chiese orientali. Nella Chiesa Latina infatti gi\u00e0 dal 590 Gregorio Magno d\u00e0 orgine ad una tradizione che identificando la Maddalena con la peccatrice di Luca 10 finisce per mettere sempre pi\u00f9 in ombra la sua figura che risultava abbastanza scomoda in una Chiesa che diventava sempre pi\u00f9 maschilista escludendo le donne da ogni ruolo di guida della comunit\u00e0 cristiana. Nel Nuovo Testamento infatti, come afferma esplicitamente Paolo (1Cor 9) il titolo di apostolo, la guida delle comunit\u00e0, spetta innanzitutto a chi ha visto il Signore, e Maria di Magdala con ogni probabilit\u00e0 \u00e8 stata la prima in assoluto (Gv 20).<\/p>\n<p>&nbsp;<\/p>\n<p>La manifestazione \u00e8 promossa da due movimenti cattolici di base, Egerthe di Ostuni e Galatina e Manifesto4ottobre di Brindisi, e si intitola \u201cVai dai miei fratelli e sorelle e di\u2019 loro\u201d che \u00e8 il titolo della giornata celebrata in tutto il mondo dai movimenti che intendono impegnarsi perch\u00e8 alle donne sia restituito nelle comunit\u00e0 cristiane il ruolo affidatole da Ges\u00f9 stesso.<\/p>\n<p>&nbsp;<\/p>\n<p>Sabato 22 luglio 2017 a Ostuni l&#8217;evento si articoler\u00e0 in due momenti<\/p>\n<p>ore 19.00 Chiostro di San Francesco del Municipio, Piazza della Libert\u00e0 interverranno Maria Soave Buscemi (biblista e missionaria laica in Brasile), Lia Caprera (Associazione \u201cIo Donna-Centro Anti violenza\u201d Brindisi). Virginia Mariani (Chiesa Battista di Mottola).<\/p>\n<p>ore 21.00 Piazzale della Cattedrale, Assemblea con manifestazione culturale ed interventi liberi sul tema. Qui attraverso il contributo delle donne e degli uomini presenti che vorranno intervenire, pregheremo, ascolteremo delle testimonianza e sogneremo insieme una chiesa ed una societ\u00e0 \u2018altra\u2019. Questo momento sar\u00e0 arricchito dall\u2019artista Miriam Duquedepaiva<\/p>\n<p>&nbsp;<\/p>\n","protected":false},"excerpt":{"rendered":"<p>Il 22 luglio il ricordo religioso di Santa Maria di Magdala \u00e8 stato elevato da Papa Francesco lo scorso anno da memoria liturgica a festa della Apostola degli Apostoli come \u00e8 stata sempre celebrata nella chiese orientali. Nella Chiesa Latina infatti gi\u00e0 dal 590 Gregorio Magno d\u00e0 orgine ad una tradizione che identificando la Maddalena con la peccatrice di Luca 10 finisce per mettere sempre pi\u00f9 in ombra la sua figura che risultava abbastanza scomoda in una Chiesa che diventava sempre pi\u00f9 maschilista escludendo le donne da ogni ruolo di guida della comunit\u00e0 cristiana. Nel Nuovo Testamento infatti, come afferma esplicitamente Paolo (1Cor 9) il titolo di apostolo, la guida delle comunit\u00e0, spetta innanzitutto a chi ha visto il Signore, e Maria di Magdala con ogni probabilit\u00e0 \u00e8 stata la prima in assoluto (Gv 20). &nbsp; La manifestazione \u00e8 promossa da due movimenti cattolici di base, Egerthe di Ostuni e Galatina e Manifesto4ottobre di Brindisi, e si intitola \u201cVai dai miei fratelli e sorelle e di\u2019 loro\u201d che \u00e8 il&#8230;<\/p>\n","protected":false},"author":2,"featured_media":109165,"comment_status":"open","ping_status":"closed","sticky":false,"template":"","format":"standard","meta":{"footnotes":""},"categories":[7],"tags":[53],"class_list":["post-109164","post","type-post","status-publish","format-standard","has-post-thumbnail","hentry","category-news","tag-ostuni"],"_links":{"self":[{"href":"https:\/\/www.brundisium.net\/index.php\/wp-json\/wp\/v2\/posts\/109164","targetHints":{"allow":["GET"]}}],"collection":[{"href":"https:\/\/www.brundisium.net\/index.php\/wp-json\/wp\/v2\/posts"}],"about":[{"href":"https:\/\/www.brundisium.net\/index.php\/wp-json\/wp\/v2\/types\/post"}],"author":[{"embeddable":true,"href":"https:\/\/www.brundisium.net\/index.php\/wp-json\/wp\/v2\/users\/2"}],"replies":[{"embeddable":true,"href":"https:\/\/www.brundisium.net\/index.php\/wp-json\/wp\/v2\/comments?post=109164"}],"version-history":[{"count":1,"href":"https:\/\/www.brundisium.net\/index.php\/wp-json\/wp\/v2\/posts\/109164\/revisions"}],"predecessor-version":[{"id":109166,"href":"https:\/\/www.brundisium.net\/index.php\/wp-json\/wp\/v2\/posts\/109164\/revisions\/109166"}],"wp:featuredmedia":[{"embeddable":true,"href":"https:\/\/www.brundisium.net\/index.php\/wp-json\/wp\/v2\/media\/109165"}],"wp:attachment":[{"href":"https:\/\/www.brundisium.net\/index.php\/wp-json\/wp\/v2\/media?parent=109164"}],"wp:term":[{"taxonomy":"category","embeddable":true,"href":"https:\/\/www.brundisium.net\/index.php\/wp-json\/wp\/v2\/categories?post=109164"},{"taxonomy":"post_tag","embeddable":true,"href":"https:\/\/www.brundisium.net\/index.php\/wp-json\/wp\/v2\/tags?post=109164"}],"curies":[{"name":"wp","href":"https:\/\/api.w.org\/{rel}","templated":true}]}}