{"id":109440,"date":"2017-07-24T11:52:20","date_gmt":"2017-07-24T09:52:20","guid":{"rendered":"http:\/\/www.brundisium.net\/?p=109440"},"modified":"2017-07-24T10:55:50","modified_gmt":"2017-07-24T08:55:50","slug":"selva-in-festival-gli-appuntamenti-della-settimana-2","status":"publish","type":"post","link":"https:\/\/www.brundisium.net\/index.php\/selva-in-festival-gli-appuntamenti-della-settimana-2\/","title":{"rendered":"Selva In Festival: gli appuntamenti della settimana"},"content":{"rendered":"<p><a href=\"http:\/\/www.brundisium.net\/brun\/wp-content\/uploads\/2017\/07\/emiliocasalini.jpg\"><img loading=\"lazy\" decoding=\"async\" class=\"alignleft  wp-image-109441\" src=\"http:\/\/www.brundisium.net\/brun\/wp-content\/uploads\/2017\/07\/emiliocasalini-300x300.jpg\" alt=\"\" width=\"148\" height=\"148\" srcset=\"https:\/\/www.brundisium.net\/brun\/wp-content\/uploads\/2017\/07\/emiliocasalini-300x300.jpg 300w, https:\/\/www.brundisium.net\/brun\/wp-content\/uploads\/2017\/07\/emiliocasalini-150x150.jpg 150w, https:\/\/www.brundisium.net\/brun\/wp-content\/uploads\/2017\/07\/emiliocasalini-600x600.jpg 600w, https:\/\/www.brundisium.net\/brun\/wp-content\/uploads\/2017\/07\/emiliocasalini-60x60.jpg 60w, https:\/\/www.brundisium.net\/brun\/wp-content\/uploads\/2017\/07\/emiliocasalini.jpg 749w\" sizes=\"auto, (max-width: 148px) 100vw, 148px\" \/><\/a>\u00a0 A Fasano-Selva per Selva In Festival. Culture-Arti-Paesaggi Raccontami una storia, rassegna del Comune di Fasano curata da Vito Bianchi:<\/p>\n<p>&nbsp;<\/p>\n<p>domani marted\u00ec 25, a Villa Ciccolella per la sezione \u201cCi vuole un fiore\u201d, laboratori (gratuiti) creativi ed educativi per i pi\u00f9 piccoli, domani marted\u00ec 25 e gioved\u00ec 27, dalle 17.30 alle 19.30, ultimo laboratorio: \u201cLa cartapesta\u201d.<\/p>\n<p>&nbsp;<\/p>\n<p>&nbsp;<\/p>\n<p><a href=\"http:\/\/www.brundisium.net\/brun\/wp-content\/uploads\/2017\/07\/Tina-Christiansen_FOTO-.jpg\"><img loading=\"lazy\" decoding=\"async\" class=\"wp-image-109442 alignright\" src=\"http:\/\/www.brundisium.net\/brun\/wp-content\/uploads\/2017\/07\/Tina-Christiansen_FOTO--214x300.jpg\" alt=\"\" width=\"140\" height=\"196\" srcset=\"https:\/\/www.brundisium.net\/brun\/wp-content\/uploads\/2017\/07\/Tina-Christiansen_FOTO--214x300.jpg 214w, https:\/\/www.brundisium.net\/brun\/wp-content\/uploads\/2017\/07\/Tina-Christiansen_FOTO-.jpg 549w\" sizes=\"auto, (max-width: 140px) 100vw, 140px\" \/><br \/>\n<\/a>Sempre domani, marted\u00ec 25 alla Chiesa Trullo del Signore, ore 21.00, \u201cProgetto Jobel Musica d\u2019Organo\u201d, dalla Danimarca l&#8217;organista Tina Christiansen.<\/p>\n<p>&nbsp;<\/p>\n<p>&nbsp;<\/p>\n<p>Venerd\u00ec 28 luglio ore 19, per \u201cPassaggi di tempo\u201d, presentazioni di libri, il 28 luglio al Club Amici della Selva: Emilio Casalini, &#8220;Rifondata sulla bellezza&#8221;; dialogher\u00e0 con l&#8217;autore il giornalista Francesco Pepe.<\/p>\n<p>&nbsp;<\/p>\n<p>&nbsp;<\/p>\n<p><a href=\"http:\/\/www.brundisium.net\/brun\/wp-content\/uploads\/2017\/07\/zaccaria.jpg\"><img loading=\"lazy\" decoding=\"async\" class=\"alignleft  wp-image-109443\" src=\"http:\/\/www.brundisium.net\/brun\/wp-content\/uploads\/2017\/07\/zaccaria-240x300.jpg\" alt=\"\" width=\"158\" height=\"198\" srcset=\"https:\/\/www.brundisium.net\/brun\/wp-content\/uploads\/2017\/07\/zaccaria-240x300.jpg 240w, https:\/\/www.brundisium.net\/brun\/wp-content\/uploads\/2017\/07\/zaccaria.jpg 530w\" sizes=\"auto, (max-width: 158px) 100vw, 158px\" \/><br \/>\n<\/a>Sabato 29 luglio per la sezione Tramonti al Minareto: \u201cSangue nostro. I martiri d\u2019Otranto\u201d, spettacolo teatrale ideato e scritto da Salvatore Arena, di e con Massimo Zaccaria. Un\u2019ora prima il FAI guider\u00e0 il pubblico alla visita di Villa Minareto.<\/p>\n<p>&nbsp;<\/p>\n<p>&nbsp;<\/p>\n<p>La rassegna \u00e8 messa a punto in collaborazione col Teatro Pubblico Pugliese (Tpp) e in sinergia con le associazioni del territorio \u201cAmici di Ernest Verner\u201d, \u201cFAI \u2013 Delegazione di Brindisi\u201d, \u201cLe Nove Muse\u201d, \u201cParco Regionale Dune Costiere\u201d, \u201cPresidio del Libro\u201d, \u201cPro Selva\u201d, circolo della stampa \u201cSecondo Adamo Nardelli\u201d, parrocchia Maria SS. Addolorata &#8211; Trullo del Signore, \u201cEgnazia Corse\u201d.<\/p>\n<p>&nbsp;<\/p>\n<p>&nbsp;<\/p>\n<p>Ufficio Stampa Teatro Pubblico Pugliese<\/p>\n","protected":false},"excerpt":{"rendered":"<p>\u00a0 A Fasano-Selva per Selva In Festival. Culture-Arti-Paesaggi Raccontami una storia, rassegna del Comune di Fasano curata da Vito Bianchi: &nbsp; domani marted\u00ec 25, a Villa Ciccolella per la sezione \u201cCi vuole un fiore\u201d, laboratori (gratuiti) creativi ed educativi per i pi\u00f9 piccoli, domani marted\u00ec 25 e gioved\u00ec 27, dalle 17.30 alle 19.30, ultimo laboratorio: \u201cLa cartapesta\u201d. &nbsp; &nbsp; Sempre domani, marted\u00ec 25 alla Chiesa Trullo del Signore, ore 21.00, \u201cProgetto Jobel Musica d\u2019Organo\u201d, dalla Danimarca l&#8217;organista Tina Christiansen. &nbsp; &nbsp; Venerd\u00ec 28 luglio ore 19, per \u201cPassaggi di tempo\u201d, presentazioni di libri, il 28 luglio al Club Amici della Selva: Emilio Casalini, &#8220;Rifondata sulla bellezza&#8221;; dialogher\u00e0 con l&#8217;autore il giornalista Francesco Pepe. &nbsp; &nbsp; Sabato 29 luglio per la sezione Tramonti al Minareto: \u201cSangue nostro. I martiri d\u2019Otranto\u201d, spettacolo teatrale ideato e scritto da Salvatore Arena, di e con Massimo Zaccaria. Un\u2019ora prima il FAI guider\u00e0 il pubblico alla visita di Villa Minareto. &nbsp; &nbsp; La rassegna \u00e8 messa a punto in collaborazione col Teatro Pubblico Pugliese (Tpp) e&#8230;<\/p>\n","protected":false},"author":2,"featured_media":107283,"comment_status":"open","ping_status":"closed","sticky":false,"template":"","format":"standard","meta":{"footnotes":""},"categories":[7],"tags":[4398],"class_list":["post-109440","post","type-post","status-publish","format-standard","has-post-thumbnail","hentry","category-news","tag-selva-in-festival"],"_links":{"self":[{"href":"https:\/\/www.brundisium.net\/index.php\/wp-json\/wp\/v2\/posts\/109440","targetHints":{"allow":["GET"]}}],"collection":[{"href":"https:\/\/www.brundisium.net\/index.php\/wp-json\/wp\/v2\/posts"}],"about":[{"href":"https:\/\/www.brundisium.net\/index.php\/wp-json\/wp\/v2\/types\/post"}],"author":[{"embeddable":true,"href":"https:\/\/www.brundisium.net\/index.php\/wp-json\/wp\/v2\/users\/2"}],"replies":[{"embeddable":true,"href":"https:\/\/www.brundisium.net\/index.php\/wp-json\/wp\/v2\/comments?post=109440"}],"version-history":[{"count":1,"href":"https:\/\/www.brundisium.net\/index.php\/wp-json\/wp\/v2\/posts\/109440\/revisions"}],"predecessor-version":[{"id":109444,"href":"https:\/\/www.brundisium.net\/index.php\/wp-json\/wp\/v2\/posts\/109440\/revisions\/109444"}],"wp:featuredmedia":[{"embeddable":true,"href":"https:\/\/www.brundisium.net\/index.php\/wp-json\/wp\/v2\/media\/107283"}],"wp:attachment":[{"href":"https:\/\/www.brundisium.net\/index.php\/wp-json\/wp\/v2\/media?parent=109440"}],"wp:term":[{"taxonomy":"category","embeddable":true,"href":"https:\/\/www.brundisium.net\/index.php\/wp-json\/wp\/v2\/categories?post=109440"},{"taxonomy":"post_tag","embeddable":true,"href":"https:\/\/www.brundisium.net\/index.php\/wp-json\/wp\/v2\/tags?post=109440"}],"curies":[{"name":"wp","href":"https:\/\/api.w.org\/{rel}","templated":true}]}}