{"id":109519,"date":"2017-07-25T12:30:55","date_gmt":"2017-07-25T10:30:55","guid":{"rendered":"http:\/\/www.brundisium.net\/?p=109519"},"modified":"2017-07-25T14:38:43","modified_gmt":"2017-07-25T12:38:43","slug":"brindisi-come-la-voglio-giovedi-27-brindisi-bene-comune-incontra-la-citta","status":"publish","type":"post","link":"https:\/\/www.brundisium.net\/index.php\/brindisi-come-la-voglio-giovedi-27-brindisi-bene-comune-incontra-la-citta\/","title":{"rendered":"&#8220;Brindisi: come la voglio&#8221;: gioved\u00ec 27 Brindisi Bene Comune incontra la citt\u00e0"},"content":{"rendered":"<p>Si terr\u00e0 gioved\u00ec 27 Luglio alle ore 19.30 sul Lungomare Regina Margherita, altezza Palazzo Montenegro, un appuntamento per conoscersi, incontrare e ringraziare chi in questi anni ha sostenuto e sostiene il movimento, chi \u00e8 curioso, chi ha a cuore il bene comune, e insieme condividere una visione di citt\u00e0 e costruire i prossimi obiettivi.<\/p>\n<p>&nbsp;<\/p>\n<p>&nbsp;<\/p>\n<p>Nell&#8217;arco della serata verr\u00e0 presentato un questionario utile a raggiungere quanti pi\u00f9 cittadine e cittadini possibili, per conoscere le priorit\u00e0 di tutte e tutti, bisogni, desideri e idee per i quartieri.<\/p>\n<p>&nbsp;<\/p>\n<p>&nbsp;<\/p>\n<p>Le attiviste e gli attivisti del movimento racconteranno la visione di Brindisi Bene Comune, come si vuole proseguire il percorso politico in citt\u00e0.<\/p>\n<p>&nbsp;<\/p>\n<p>&nbsp;<\/p>\n<p>Verr\u00e0 lanciata la campagna di adesione al movimento, a partire dalla condivisione della carta dei valori, con un piccolo contributo si pu\u00f2 diventare sostenitori, un modo per far parte di un processo di cambiamento dal basso, moltiplicare le forze, liberare le energie, le passioni e le competenze di chi vive la citt\u00e0.<\/p>\n<p>&nbsp;<\/p>\n<p>Oggi \u00e8 il tempo della responsabilit\u00e0, del costruire insieme il futuro presente che vogliamo.<\/p>\n<p>&nbsp;<\/p>\n<p><strong>BRINDISI BENE COMUNE<\/strong><\/p>\n","protected":false},"excerpt":{"rendered":"<p>Si terr\u00e0 gioved\u00ec 27 Luglio alle ore 19.30 sul Lungomare Regina Margherita, altezza Palazzo Montenegro, un appuntamento per conoscersi, incontrare e ringraziare chi in questi anni ha sostenuto e sostiene il movimento, chi \u00e8 curioso, chi ha a cuore il bene comune, e insieme condividere una visione di citt\u00e0 e costruire i prossimi obiettivi. &nbsp; &nbsp; Nell&#8217;arco della serata verr\u00e0 presentato un questionario utile a raggiungere quanti pi\u00f9 cittadine e cittadini possibili, per conoscere le priorit\u00e0 di tutte e tutti, bisogni, desideri e idee per i quartieri. &nbsp; &nbsp; Le attiviste e gli attivisti del movimento racconteranno la visione di Brindisi Bene Comune, come si vuole proseguire il percorso politico in citt\u00e0. &nbsp; &nbsp; Verr\u00e0 lanciata la campagna di adesione al movimento, a partire dalla condivisione della carta dei valori, con un piccolo contributo si pu\u00f2 diventare sostenitori, un modo per far parte di un processo di cambiamento dal basso, moltiplicare le forze, liberare le energie, le passioni e le competenze di chi vive la citt\u00e0. &nbsp; Oggi \u00e8 il&#8230;<\/p>\n","protected":false},"author":2,"featured_media":109521,"comment_status":"open","ping_status":"closed","sticky":false,"template":"","format":"standard","meta":{"footnotes":""},"categories":[7],"tags":[215],"class_list":["post-109519","post","type-post","status-publish","format-standard","has-post-thumbnail","hentry","category-news","tag-bbc"],"_links":{"self":[{"href":"https:\/\/www.brundisium.net\/index.php\/wp-json\/wp\/v2\/posts\/109519","targetHints":{"allow":["GET"]}}],"collection":[{"href":"https:\/\/www.brundisium.net\/index.php\/wp-json\/wp\/v2\/posts"}],"about":[{"href":"https:\/\/www.brundisium.net\/index.php\/wp-json\/wp\/v2\/types\/post"}],"author":[{"embeddable":true,"href":"https:\/\/www.brundisium.net\/index.php\/wp-json\/wp\/v2\/users\/2"}],"replies":[{"embeddable":true,"href":"https:\/\/www.brundisium.net\/index.php\/wp-json\/wp\/v2\/comments?post=109519"}],"version-history":[{"count":2,"href":"https:\/\/www.brundisium.net\/index.php\/wp-json\/wp\/v2\/posts\/109519\/revisions"}],"predecessor-version":[{"id":109523,"href":"https:\/\/www.brundisium.net\/index.php\/wp-json\/wp\/v2\/posts\/109519\/revisions\/109523"}],"wp:featuredmedia":[{"embeddable":true,"href":"https:\/\/www.brundisium.net\/index.php\/wp-json\/wp\/v2\/media\/109521"}],"wp:attachment":[{"href":"https:\/\/www.brundisium.net\/index.php\/wp-json\/wp\/v2\/media?parent=109519"}],"wp:term":[{"taxonomy":"category","embeddable":true,"href":"https:\/\/www.brundisium.net\/index.php\/wp-json\/wp\/v2\/categories?post=109519"},{"taxonomy":"post_tag","embeddable":true,"href":"https:\/\/www.brundisium.net\/index.php\/wp-json\/wp\/v2\/tags?post=109519"}],"curies":[{"name":"wp","href":"https:\/\/api.w.org\/{rel}","templated":true}]}}