{"id":109587,"date":"2017-07-28T09:11:52","date_gmt":"2017-07-28T07:11:52","guid":{"rendered":"http:\/\/www.brundisium.net\/?p=109587"},"modified":"2017-07-28T09:41:50","modified_gmt":"2017-07-28T07:41:50","slug":"cinema-estate-quattro-film-di-successo-dellultima-stagione-proiettati-allaperto-a-fasano-e-nelle-frazioni","status":"publish","type":"post","link":"https:\/\/www.brundisium.net\/index.php\/cinema-estate-quattro-film-di-successo-dellultima-stagione-proiettati-allaperto-a-fasano-e-nelle-frazioni\/","title":{"rendered":"Cinema Estate: quattro film di successo dell&#8217;ultima stagione proiettati all\u2019aperto a Fasano e nelle frazioni"},"content":{"rendered":"<p>Il Comune di Fasano ha messo a punto \u201cCinema Estate\u201d, la rassegna a ingresso libero di film proiettati all\u2019aperto, in spazi pubblici, nell\u2019intero territorio comunale. Si tratta di quattro pellicole di successo della stagione cinematografica 2016-2017 che saranno proiettate alle ore 21.<\/p>\n<p>il film verr\u00e0 proiettato a Pezze di Greco (in piazza XX Settembre), mentre il 1\u00b0 agosto sar\u00e0 proiettato a Selva di Fasano sempre nella Casina municipale.<\/p>\n<p>La rassegna si aprir\u00e0 luned\u00ec 31 luglio a Pezze di Greco (in piazza XX Settembre) col film \u201cLa bella e la bestia\u201d di Bill Cordon, che, poi, sar\u00e0 proiettato il 1\u00b0 agosto anche a Selva di Fasano (nella Casina municipale), il 2 agosto a Torre Canne (al Faro), il 3 agosto a Fasano (in piazza Ciaia), il 4 agosto a Savelletri (in piazza Costantinopoli).<\/p>\n<p>&nbsp;<\/p>\n<p>Il secondo film in programma sar\u00e0 \u201cMister Felicit\u00e0\u201d di Alessandro Siani che verr\u00e0 proiettato il 7 agosto a Selva di Fasano (nella Casina municipale), l\u20198 agosto a Speziale (piazzetta del Campetto), il 9 agosto a Montalbano (piazza della Libert\u00e0), il 10 agosto a Pozzo Faceto (piazza del Santuario), l\u201911 agosto a Savelletri (piazza Costantinopoli).<\/p>\n<p>&nbsp;<\/p>\n<p>Il terzo film sar\u00e0 \u201cLion \u2013 la strada verso casa\u201d di Garth Davis che verr\u00e0 proiettato il 21 agosto a Selva di Fasano (nella Casina municipale), il 22 agosto a Pezze di Greco (in piazza XX Settembre), il 23 agosto a Torre Canne (al Faro), il 24 agosto a Fasano (in piazza Ciaia), il 25 agosto a Speziale (piazzetta del Campetto).<\/p>\n<p>&nbsp;<\/p>\n<p>L\u2019ultimo film in programma sar\u00e0 \u201cFamiglia all\u2019improvviso\u201d di Hugo G\u00e9lin che verr\u00e0 proiettato il 28 agosto a Montalbano (piazza della Libert\u00e0), il 29 agosto a Pezze di Greco (in piazza XX Settembre), il 30 agosto a Torre Canne (al Faro), il 31 agosto a Fasano (in piazza Ciaia), il 1\u00b0 settembre a Savelletri (in piazza Costantinopoli).<\/p>\n<p>&nbsp;<\/p>\n<p>&nbsp;<\/p>\n<p>\u201cLa bella e la bestia\u201d Il film racconta che nel periodo precedente la Rivoluzione Francese, nella prima met\u00e0 del XVIII secolo, nel cuore della Francia, il giovane e orfano principe Adam vive nel lusso e nell&#8217;agiatezza all&#8217;interno del suo castello, dando feste sfarzose e balli grandiosi, sfruttando gli introiti delle tasse che arrivano dalla popolazione dei villaggi vicini della regione. Una sera d&#8217;inverno, pi\u00f9 precisamente la vigilia di Natale, durante un ballo, giunge al castello una vecchia mendicante che offre al principe una rosa in cambio di ospitalit\u00e0, ma viene respinta due volte dal nobile. La vecchia si mostra allora per quello che \u00e8 in realt\u00e0, ossia una fata di aspetto giovane, che getta un incantesimo sul principe, trasformandolo in una bestia.<\/p>\n<p>&nbsp;<\/p>\n<p>\u201cMister Felicit\u00e0\u201d Il film narra di Martino che \u00e8 un giovane napoletano indolente e disilluso, vive in svizzera dalla sorella Caterina. Un imprevisto costringe all\u2019immobilit\u00e0 la giovane sorella che ha bisogno di costose cure. A Martino non resta che lavorare al posto di Caterina come uomo delle pulizie presso il dottor Guglielmo Gioia, un mental coach specializzato nello spronare le persone attraverso il pensiero positivo e l\u2019azione.<\/p>\n<p>&nbsp;<\/p>\n<p>\u201cLion \u2013 la strada verso casa\u201d Il film racconta del piccolo Saroo che vive con la mamma e i due fratelli in un villaggio indiano. La famiglia \u00e8 molto povera, la mamma trasporta pietre per guadagnare qualche soldo e anche Guddu, il fratello maggiore di Saroo e Saroo stesso devono darsi da fare. Proprio per seguire Guddu che ha trovato un lavoro fuori dal villaggio, Saroo finisce per perdersi e per salire su un treno che lo porta a chilometri e chilometri da casa sua. Piccolo, indifeso \u00e8 assolutamente incapace di tornare a casa: non sa nemmeno di preciso dove sia il suo villaggio e quale sia il suo nome.<\/p>\n<p>&nbsp;<\/p>\n<p>\u201cFamiglia all\u2019improvviso\u201d Il film narra di Samuel, un eterno adolescente, uno che vive in vacanza dalle responsabilit\u00e0 della vita, che non riesce a fermare il divertimento nemmeno quando l&#8217;ora si fa tarda. Poi, una mattina, bussa alla sua porta una vecchia fiamma, la ragazza di un&#8217;estate, Kristin, di cui Samuel non serba quasi ricordo e gli mette in braccio un neonato, Gloria: sua figlia. Kristin sale quindi su un taxi e sparisce letteralmente nel nulla. Samuel la rincorre a Londra, convinto che si tratti di un disguido rapidamente risolvibile, ma otto anni dopo lui e Gloria sono ancora insieme, pi\u00f9 legati che mai.<\/p>\n<p>&nbsp;<\/p>\n<p>&nbsp;<\/p>\n<p><strong>Comune di Fasano<\/strong><\/p>\n","protected":false},"excerpt":{"rendered":"<p>Il Comune di Fasano ha messo a punto \u201cCinema Estate\u201d, la rassegna a ingresso libero di film proiettati all\u2019aperto, in spazi pubblici, nell\u2019intero territorio comunale. Si tratta di quattro pellicole di successo della stagione cinematografica 2016-2017 che saranno proiettate alle ore 21. il film verr\u00e0 proiettato a Pezze di Greco (in piazza XX Settembre), mentre il 1\u00b0 agosto sar\u00e0 proiettato a Selva di Fasano sempre nella Casina municipale. La rassegna si aprir\u00e0 luned\u00ec 31 luglio a Pezze di Greco (in piazza XX Settembre) col film \u201cLa bella e la bestia\u201d di Bill Cordon, che, poi, sar\u00e0 proiettato il 1\u00b0 agosto anche a Selva di Fasano (nella Casina municipale), il 2 agosto a Torre Canne (al Faro), il 3 agosto a Fasano (in piazza Ciaia), il 4 agosto a Savelletri (in piazza Costantinopoli). &nbsp; Il secondo film in programma sar\u00e0 \u201cMister Felicit\u00e0\u201d di Alessandro Siani che verr\u00e0 proiettato il 7 agosto a Selva di Fasano (nella Casina municipale), l\u20198 agosto a Speziale (piazzetta del Campetto), il 9 agosto a Montalbano (piazza&#8230;<\/p>\n","protected":false},"author":2,"featured_media":39106,"comment_status":"open","ping_status":"closed","sticky":false,"template":"","format":"standard","meta":{"footnotes":""},"categories":[7],"tags":[4659,244],"class_list":["post-109587","post","type-post","status-publish","format-standard","has-post-thumbnail","hentry","category-news","tag-cinema-estate","tag-fasano"],"_links":{"self":[{"href":"https:\/\/www.brundisium.net\/index.php\/wp-json\/wp\/v2\/posts\/109587","targetHints":{"allow":["GET"]}}],"collection":[{"href":"https:\/\/www.brundisium.net\/index.php\/wp-json\/wp\/v2\/posts"}],"about":[{"href":"https:\/\/www.brundisium.net\/index.php\/wp-json\/wp\/v2\/types\/post"}],"author":[{"embeddable":true,"href":"https:\/\/www.brundisium.net\/index.php\/wp-json\/wp\/v2\/users\/2"}],"replies":[{"embeddable":true,"href":"https:\/\/www.brundisium.net\/index.php\/wp-json\/wp\/v2\/comments?post=109587"}],"version-history":[{"count":3,"href":"https:\/\/www.brundisium.net\/index.php\/wp-json\/wp\/v2\/posts\/109587\/revisions"}],"predecessor-version":[{"id":109784,"href":"https:\/\/www.brundisium.net\/index.php\/wp-json\/wp\/v2\/posts\/109587\/revisions\/109784"}],"wp:featuredmedia":[{"embeddable":true,"href":"https:\/\/www.brundisium.net\/index.php\/wp-json\/wp\/v2\/media\/39106"}],"wp:attachment":[{"href":"https:\/\/www.brundisium.net\/index.php\/wp-json\/wp\/v2\/media?parent=109587"}],"wp:term":[{"taxonomy":"category","embeddable":true,"href":"https:\/\/www.brundisium.net\/index.php\/wp-json\/wp\/v2\/categories?post=109587"},{"taxonomy":"post_tag","embeddable":true,"href":"https:\/\/www.brundisium.net\/index.php\/wp-json\/wp\/v2\/tags?post=109587"}],"curies":[{"name":"wp","href":"https:\/\/api.w.org\/{rel}","templated":true}]}}