{"id":109620,"date":"2017-07-26T13:22:20","date_gmt":"2017-07-26T11:22:20","guid":{"rendered":"http:\/\/www.brundisium.net\/?p=109620"},"modified":"2017-08-05T20:44:39","modified_gmt":"2017-08-05T18:44:39","slug":"ecco-la-nuova-stagione-del-verdi-un-teatro-per-la-citta","status":"publish","type":"post","link":"https:\/\/www.brundisium.net\/index.php\/ecco-la-nuova-stagione-del-verdi-un-teatro-per-la-citta\/","title":{"rendered":"Ecco la nuova stagione del Verdi, &#8220;un teatro per la citt\u00e0&#8221;"},"content":{"rendered":"<p><a href=\"http:\/\/www.brundisium.net\/brun\/wp-content\/uploads\/2017\/07\/Visual-2017-18.jpg\"><img loading=\"lazy\" decoding=\"async\" class=\"alignleft size-medium wp-image-109626\" src=\"http:\/\/www.brundisium.net\/brun\/wp-content\/uploads\/2017\/07\/Visual-2017-18-212x300.jpg\" alt=\"\" width=\"212\" height=\"300\" srcset=\"https:\/\/www.brundisium.net\/brun\/wp-content\/uploads\/2017\/07\/Visual-2017-18-212x300.jpg 212w, https:\/\/www.brundisium.net\/brun\/wp-content\/uploads\/2017\/07\/Visual-2017-18-768x1086.jpg 768w, https:\/\/www.brundisium.net\/brun\/wp-content\/uploads\/2017\/07\/Visual-2017-18-724x1024.jpg 724w, https:\/\/www.brundisium.net\/brun\/wp-content\/uploads\/2017\/07\/Visual-2017-18.jpg 1273w\" sizes=\"auto, (max-width: 212px) 100vw, 212px\" \/><\/a> La Fondazione Nuovo Teatro Verdi ha presentato questa mattina la stagione 2017-18. All\u2019incontro, che si \u00e8 svolto nella sala Giunta di Palazzo di Citt\u00e0, hanno preso parte il commissario straordinario del Comune di Brindisi e presidente della Fondazione, Santi Giuffr\u00e8, il dirigente alla Cultura, Nicola Zizzi, e il direttore artistico del Teatro Verdi, Carmelo Grassi.<\/p>\n<p>&nbsp;<\/p>\n<p>Il parterre di interpreti e registi coinvolti si conferma anche quest\u2019anno di grande spessore: i nomi del migliore cinema italiano fanno il paio con i grandi artisti dello spettacolo dal vivo per spaziare dal teatro classico fino alle scritture contemporanee. \u00abConfermiamo l\u2019investimento nel teatro &#8211; ha detto il presidente Santi Giuffr\u00e8 &#8211; perch\u00e9 la stagione garantisce una proposta culturale di qualit\u00e0. Il teatro deve essere sempre pi\u00f9 un\u2019esperienza collettiva, un\u2019occasione di inclusione, un viaggio nella visione e nell\u2019immaginario. Per questo, in tempo di tagli, abbiamo guardato con priorit\u00e0 al teatro nella convinzione che la comunit\u00e0 sapr\u00e0 viverlo in tutte le sue forme e le sue sfaccettature\u00bb.<\/p>\n<p>&nbsp;<\/p>\n<p>\u00abIl Teatro Verdi &#8211; ha aggiunto Nicola Zizzi &#8211; conferma il suo essere teatro per la citt\u00e0, con la quale ha stretto da tempo un rapporto speciale: il modello \u00e8 quello di incontrare i diversi gusti portando a Brindisi la grande cultura teatrale. \u00c8 la sfida che quest\u2019anno riparte e che oltre a essere un\u2019occasione per la citt\u00e0 deve rendere il teatro uno spazio di accoglienza per la crescita delle nuove generazioni\u00bb.<\/p>\n<p>&nbsp;<\/p>\n<p><a href=\"http:\/\/www.brundisium.net\/brun\/wp-content\/uploads\/2017\/07\/Stagione-NTV-2017-18.jpg\"><img loading=\"lazy\" decoding=\"async\" class=\"size-medium wp-image-109624 alignright\" src=\"http:\/\/www.brundisium.net\/brun\/wp-content\/uploads\/2017\/07\/Stagione-NTV-2017-18-212x300.jpg\" alt=\"\" width=\"212\" height=\"300\" srcset=\"https:\/\/www.brundisium.net\/brun\/wp-content\/uploads\/2017\/07\/Stagione-NTV-2017-18-212x300.jpg 212w, https:\/\/www.brundisium.net\/brun\/wp-content\/uploads\/2017\/07\/Stagione-NTV-2017-18-768x1086.jpg 768w, https:\/\/www.brundisium.net\/brun\/wp-content\/uploads\/2017\/07\/Stagione-NTV-2017-18-724x1024.jpg 724w, https:\/\/www.brundisium.net\/brun\/wp-content\/uploads\/2017\/07\/Stagione-NTV-2017-18.jpg 1273w\" sizes=\"auto, (max-width: 212px) 100vw, 212px\" \/><br \/>\n<\/a>\u00abLa stagione \u00e8 pensata per un pubblico trasversale &#8211; ha concluso Carmelo Grassi &#8211; al quale affidiamo un\u2019ampia scelta tra generi diversi: prosa, musica, musical, teatro contemporaneo, comico d\u2019autore. Al centro della proposta ci sono il cinema e la figura femminile nella sua essenza e unicit\u00e0. Quest\u2019anno proviamo a esplorare il terreno della produzione e per questo abbiamo candidato alla Regione un progetto complesso che prevede un programma di laboratori diretto da Michele Placido. Ora la parola passa agli spettatori, nell\u2019auspicio che il teatro diventi sempre pi\u00f9 un bene da proteggere insieme. Luned\u00ec 28 agosto apriremo la campagna abbonamenti con le tradizionali prelazioni per i vecchi abbonati. I prezzi dei biglietti resteranno invariati cos\u00ec come la quota parte dei singoli abbonamenti\u00bb.<\/p>\n<p>&nbsp;<\/p>\n<p>&nbsp;<\/p>\n<p>\u00abIl Teatro per la Citt\u00e0\u00bb, con questo claim si accendono i riflettori sulla stagione 2017-18 del Nuovo Teatro Verdi, edizione numero undici del politeama brindisino targata Fondazione. Un viaggio nella scena che si apre alla citt\u00e0 con un linguaggio comune, accessibile a tutti, ed esprime unit\u00e0 nella variet\u00e0 delle tante proposte che si alterneranno sul palcoscenico. Non solo, dunque, il teatro della citt\u00e0, ma un teatro per la citt\u00e0, pensato per incuriosire e accendere emozioni, disegnato in orizzontale tra generi di spettacolo e generazioni di pubblico.<\/p>\n<p>&nbsp;<\/p>\n<p>La stagione del Verdi spalanca il sipario su quella \u201crealt\u00e0\u201d discontinua che il pubblico vive ogni giorno, per raccontarla attraverso il teatro e renderla occasione di convivenza e condivisione. Teatro e vita messi l\u2019uno di fronte all\u2019altra per affermare che il mondo \u00e8 una grande scena che sa farsi spazio di incontro nella vita di una comunit\u00e0. Il claim della nuova stagione sottolinea l\u2019idea di una programmazione in cui ognuno possa sentirsi parte di un \u201cluogo\u201d aperto a tutti: una comunit\u00e0 di artisti e pubblico partecipe e curiosa.<\/p>\n\n\t\t<style type=\"text\/css\">\n\t\t\t#gallery-1 {\n\t\t\t\tmargin: auto;\n\t\t\t}\n\t\t\t#gallery-1 .gallery-item {\n\t\t\t\tfloat: left;\n\t\t\t\tmargin-top: 10px;\n\t\t\t\ttext-align: center;\n\t\t\t\twidth: 25%;\n\t\t\t}\n\t\t\t#gallery-1 img {\n\t\t\t\tborder: 2px solid #cfcfcf;\n\t\t\t}\n\t\t\t#gallery-1 .gallery-caption {\n\t\t\t\tmargin-left: 0;\n\t\t\t}\n\t\t\t\/* see gallery_shortcode() in wp-includes\/media.php *\/\n\t\t<\/style>\n\t\t<div id='gallery-1' class='gallery galleryid-109620 gallery-columns-4 gallery-size-thumbnail'><dl class='gallery-item'>\n\t\t\t<dt class='gallery-icon landscape'>\n\t\t\t\t<a href='https:\/\/www.brundisium.net\/index.php\/ecco-la-nuova-stagione-del-verdi-un-teatro-per-la-citta\/monica-guerritore-e-francesca-reggiani-mariti-e-mogli-ph-giovanni-bortolani\/'><img loading=\"lazy\" decoding=\"async\" width=\"150\" height=\"150\" src=\"https:\/\/www.brundisium.net\/brun\/wp-content\/uploads\/2017\/07\/Monica-Guerritore-e-Francesca-Reggiani-Mariti-e-Mogli-ph-Giovanni-Bortolani-150x150.jpg\" class=\"attachment-thumbnail size-thumbnail\" alt=\"\" srcset=\"https:\/\/www.brundisium.net\/brun\/wp-content\/uploads\/2017\/07\/Monica-Guerritore-e-Francesca-Reggiani-Mariti-e-Mogli-ph-Giovanni-Bortolani-150x150.jpg 150w, https:\/\/www.brundisium.net\/brun\/wp-content\/uploads\/2017\/07\/Monica-Guerritore-e-Francesca-Reggiani-Mariti-e-Mogli-ph-Giovanni-Bortolani-600x600.jpg 600w, https:\/\/www.brundisium.net\/brun\/wp-content\/uploads\/2017\/07\/Monica-Guerritore-e-Francesca-Reggiani-Mariti-e-Mogli-ph-Giovanni-Bortolani-60x60.jpg 60w\" sizes=\"auto, (max-width: 150px) 100vw, 150px\" \/><\/a>\n\t\t\t<\/dt><\/dl><dl class='gallery-item'>\n\t\t\t<dt class='gallery-icon landscape'>\n\t\t\t\t<a href='https:\/\/www.brundisium.net\/index.php\/ecco-la-nuova-stagione-del-verdi-un-teatro-per-la-citta\/peppe-barra-don-chisciotte\/'><img loading=\"lazy\" decoding=\"async\" width=\"150\" height=\"150\" src=\"https:\/\/www.brundisium.net\/brun\/wp-content\/uploads\/2017\/07\/Peppe-Barra-Don-Chisciotte-150x150.jpg\" class=\"attachment-thumbnail size-thumbnail\" alt=\"\" srcset=\"https:\/\/www.brundisium.net\/brun\/wp-content\/uploads\/2017\/07\/Peppe-Barra-Don-Chisciotte-150x150.jpg 150w, https:\/\/www.brundisium.net\/brun\/wp-content\/uploads\/2017\/07\/Peppe-Barra-Don-Chisciotte-600x600.jpg 600w, https:\/\/www.brundisium.net\/brun\/wp-content\/uploads\/2017\/07\/Peppe-Barra-Don-Chisciotte-60x60.jpg 60w\" sizes=\"auto, (max-width: 150px) 100vw, 150px\" \/><\/a>\n\t\t\t<\/dt><\/dl><dl class='gallery-item'>\n\t\t\t<dt class='gallery-icon landscape'>\n\t\t\t\t<a href='https:\/\/www.brundisium.net\/index.php\/ecco-la-nuova-stagione-del-verdi-un-teatro-per-la-citta\/sergio-rubini-e-luigi-lo-cascio-delitto-e-castigo\/'><img loading=\"lazy\" decoding=\"async\" width=\"150\" height=\"150\" src=\"https:\/\/www.brundisium.net\/brun\/wp-content\/uploads\/2017\/07\/Sergio-Rubini-e-Luigi-Lo-Cascio-Delitto-e-Castigo-150x150.jpg\" class=\"attachment-thumbnail size-thumbnail\" alt=\"\" srcset=\"https:\/\/www.brundisium.net\/brun\/wp-content\/uploads\/2017\/07\/Sergio-Rubini-e-Luigi-Lo-Cascio-Delitto-e-Castigo-150x150.jpg 150w, https:\/\/www.brundisium.net\/brun\/wp-content\/uploads\/2017\/07\/Sergio-Rubini-e-Luigi-Lo-Cascio-Delitto-e-Castigo-600x600.jpg 600w, https:\/\/www.brundisium.net\/brun\/wp-content\/uploads\/2017\/07\/Sergio-Rubini-e-Luigi-Lo-Cascio-Delitto-e-Castigo-60x60.jpg 60w\" sizes=\"auto, (max-width: 150px) 100vw, 150px\" \/><\/a>\n\t\t\t<\/dt><\/dl><dl class='gallery-item'>\n\t\t\t<dt class='gallery-icon landscape'>\n\t\t\t\t<a href='https:\/\/www.brundisium.net\/index.php\/ecco-la-nuova-stagione-del-verdi-un-teatro-per-la-citta\/un-momento-della-conferenza-di-questa-mattina-3\/'><img loading=\"lazy\" decoding=\"async\" width=\"150\" height=\"150\" src=\"https:\/\/www.brundisium.net\/brun\/wp-content\/uploads\/2017\/07\/Un-momento-della-conferenza-di-questa-mattina-150x150.jpg\" class=\"attachment-thumbnail size-thumbnail\" alt=\"\" srcset=\"https:\/\/www.brundisium.net\/brun\/wp-content\/uploads\/2017\/07\/Un-momento-della-conferenza-di-questa-mattina-150x150.jpg 150w, https:\/\/www.brundisium.net\/brun\/wp-content\/uploads\/2017\/07\/Un-momento-della-conferenza-di-questa-mattina-600x600.jpg 600w, https:\/\/www.brundisium.net\/brun\/wp-content\/uploads\/2017\/07\/Un-momento-della-conferenza-di-questa-mattina-60x60.jpg 60w\" sizes=\"auto, (max-width: 150px) 100vw, 150px\" \/><\/a>\n\t\t\t<\/dt><\/dl><br style=\"clear: both\" \/><dl class='gallery-item'>\n\t\t\t<dt class='gallery-icon landscape'>\n\t\t\t\t<a href='https:\/\/www.brundisium.net\/index.php\/ecco-la-nuova-stagione-del-verdi-un-teatro-per-la-citta\/vittorio-sgarbi-michelangelo\/'><img loading=\"lazy\" decoding=\"async\" width=\"150\" height=\"150\" src=\"https:\/\/www.brundisium.net\/brun\/wp-content\/uploads\/2017\/07\/Vittorio-Sgarbi-Michelangelo-150x150.jpg\" class=\"attachment-thumbnail size-thumbnail\" alt=\"\" srcset=\"https:\/\/www.brundisium.net\/brun\/wp-content\/uploads\/2017\/07\/Vittorio-Sgarbi-Michelangelo-150x150.jpg 150w, https:\/\/www.brundisium.net\/brun\/wp-content\/uploads\/2017\/07\/Vittorio-Sgarbi-Michelangelo-300x300.jpg 300w, https:\/\/www.brundisium.net\/brun\/wp-content\/uploads\/2017\/07\/Vittorio-Sgarbi-Michelangelo-768x768.jpg 768w, https:\/\/www.brundisium.net\/brun\/wp-content\/uploads\/2017\/07\/Vittorio-Sgarbi-Michelangelo-1024x1024.jpg 1024w, https:\/\/www.brundisium.net\/brun\/wp-content\/uploads\/2017\/07\/Vittorio-Sgarbi-Michelangelo-600x600.jpg 600w, https:\/\/www.brundisium.net\/brun\/wp-content\/uploads\/2017\/07\/Vittorio-Sgarbi-Michelangelo-60x60.jpg 60w, https:\/\/www.brundisium.net\/brun\/wp-content\/uploads\/2017\/07\/Vittorio-Sgarbi-Michelangelo.jpg 1300w\" sizes=\"auto, (max-width: 150px) 100vw, 150px\" \/><\/a>\n\t\t\t<\/dt><\/dl><dl class='gallery-item'>\n\t\t\t<dt class='gallery-icon landscape'>\n\t\t\t\t<a href='https:\/\/www.brundisium.net\/index.php\/ecco-la-nuova-stagione-del-verdi-un-teatro-per-la-citta\/angela-finocchiaro-calendar-girls-ph-giovanni-de-sandre\/'><img loading=\"lazy\" decoding=\"async\" width=\"150\" height=\"150\" src=\"https:\/\/www.brundisium.net\/brun\/wp-content\/uploads\/2017\/07\/Angela-Finocchiaro-Calendar-girls-ph-Giovanni-De-Sandre-150x150.jpg\" class=\"attachment-thumbnail size-thumbnail\" alt=\"\" srcset=\"https:\/\/www.brundisium.net\/brun\/wp-content\/uploads\/2017\/07\/Angela-Finocchiaro-Calendar-girls-ph-Giovanni-De-Sandre-150x150.jpg 150w, https:\/\/www.brundisium.net\/brun\/wp-content\/uploads\/2017\/07\/Angela-Finocchiaro-Calendar-girls-ph-Giovanni-De-Sandre-600x600.jpg 600w, https:\/\/www.brundisium.net\/brun\/wp-content\/uploads\/2017\/07\/Angela-Finocchiaro-Calendar-girls-ph-Giovanni-De-Sandre-60x60.jpg 60w\" sizes=\"auto, (max-width: 150px) 100vw, 150px\" \/><\/a>\n\t\t\t<\/dt><\/dl><dl class='gallery-item'>\n\t\t\t<dt class='gallery-icon landscape'>\n\t\t\t\t<a href='https:\/\/www.brundisium.net\/index.php\/ecco-la-nuova-stagione-del-verdi-un-teatro-per-la-citta\/biagio-izzo-di-che-ti-manda-picone\/'><img loading=\"lazy\" decoding=\"async\" width=\"150\" height=\"150\" src=\"https:\/\/www.brundisium.net\/brun\/wp-content\/uploads\/2017\/07\/Biagio-Izzo-Di-che-ti-manda-Picone-150x150.jpg\" class=\"attachment-thumbnail size-thumbnail\" alt=\"\" srcset=\"https:\/\/www.brundisium.net\/brun\/wp-content\/uploads\/2017\/07\/Biagio-Izzo-Di-che-ti-manda-Picone-150x150.jpg 150w, https:\/\/www.brundisium.net\/brun\/wp-content\/uploads\/2017\/07\/Biagio-Izzo-Di-che-ti-manda-Picone-300x300.jpg 300w, https:\/\/www.brundisium.net\/brun\/wp-content\/uploads\/2017\/07\/Biagio-Izzo-Di-che-ti-manda-Picone-768x768.jpg 768w, https:\/\/www.brundisium.net\/brun\/wp-content\/uploads\/2017\/07\/Biagio-Izzo-Di-che-ti-manda-Picone-600x600.jpg 600w, https:\/\/www.brundisium.net\/brun\/wp-content\/uploads\/2017\/07\/Biagio-Izzo-Di-che-ti-manda-Picone-60x60.jpg 60w, https:\/\/www.brundisium.net\/brun\/wp-content\/uploads\/2017\/07\/Biagio-Izzo-Di-che-ti-manda-Picone.jpg 800w\" sizes=\"auto, (max-width: 150px) 100vw, 150px\" \/><\/a>\n\t\t\t<\/dt><\/dl><dl class='gallery-item'>\n\t\t\t<dt class='gallery-icon landscape'>\n\t\t\t\t<a href='https:\/\/www.brundisium.net\/index.php\/ecco-la-nuova-stagione-del-verdi-un-teatro-per-la-citta\/claudio-bisio-father-and-son-ph-bepi-caroli\/'><img loading=\"lazy\" decoding=\"async\" width=\"150\" height=\"150\" src=\"https:\/\/www.brundisium.net\/brun\/wp-content\/uploads\/2017\/07\/Claudio-Bisio-Father-and-Son-ph-Bepi-Caroli-150x150.jpg\" class=\"attachment-thumbnail size-thumbnail\" alt=\"\" srcset=\"https:\/\/www.brundisium.net\/brun\/wp-content\/uploads\/2017\/07\/Claudio-Bisio-Father-and-Son-ph-Bepi-Caroli-150x150.jpg 150w, https:\/\/www.brundisium.net\/brun\/wp-content\/uploads\/2017\/07\/Claudio-Bisio-Father-and-Son-ph-Bepi-Caroli-600x600.jpg 600w, https:\/\/www.brundisium.net\/brun\/wp-content\/uploads\/2017\/07\/Claudio-Bisio-Father-and-Son-ph-Bepi-Caroli-60x60.jpg 60w\" sizes=\"auto, (max-width: 150px) 100vw, 150px\" \/><\/a>\n\t\t\t<\/dt><\/dl><br style=\"clear: both\" \/><dl class='gallery-item'>\n\t\t\t<dt class='gallery-icon landscape'>\n\t\t\t\t<a href='https:\/\/www.brundisium.net\/index.php\/ecco-la-nuova-stagione-del-verdi-un-teatro-per-la-citta\/daniel-pennac-e-florence-cestac-un-amore-esemplare\/'><img loading=\"lazy\" decoding=\"async\" width=\"150\" height=\"150\" src=\"https:\/\/www.brundisium.net\/brun\/wp-content\/uploads\/2017\/07\/Daniel-Pennac-e-Florence-Cestac-Un-amore-esemplare-150x150.jpg\" class=\"attachment-thumbnail size-thumbnail\" alt=\"\" srcset=\"https:\/\/www.brundisium.net\/brun\/wp-content\/uploads\/2017\/07\/Daniel-Pennac-e-Florence-Cestac-Un-amore-esemplare-150x150.jpg 150w, https:\/\/www.brundisium.net\/brun\/wp-content\/uploads\/2017\/07\/Daniel-Pennac-e-Florence-Cestac-Un-amore-esemplare-600x600.jpg 600w, https:\/\/www.brundisium.net\/brun\/wp-content\/uploads\/2017\/07\/Daniel-Pennac-e-Florence-Cestac-Un-amore-esemplare-60x60.jpg 60w\" sizes=\"auto, (max-width: 150px) 100vw, 150px\" \/><\/a>\n\t\t\t<\/dt><\/dl><dl class='gallery-item'>\n\t\t\t<dt class='gallery-icon landscape'>\n\t\t\t\t<a href='https:\/\/www.brundisium.net\/index.php\/ecco-la-nuova-stagione-del-verdi-un-teatro-per-la-citta\/isabella-ferrari-e-iaia-forte-come-stelle-nel-buio\/'><img loading=\"lazy\" decoding=\"async\" width=\"150\" height=\"150\" src=\"https:\/\/www.brundisium.net\/brun\/wp-content\/uploads\/2017\/07\/Isabella-Ferrari-e-Iaia-Forte-Come-stelle-nel-buio-150x150.jpg\" class=\"attachment-thumbnail size-thumbnail\" alt=\"\" srcset=\"https:\/\/www.brundisium.net\/brun\/wp-content\/uploads\/2017\/07\/Isabella-Ferrari-e-Iaia-Forte-Come-stelle-nel-buio-150x150.jpg 150w, https:\/\/www.brundisium.net\/brun\/wp-content\/uploads\/2017\/07\/Isabella-Ferrari-e-Iaia-Forte-Come-stelle-nel-buio-600x600.jpg 600w, https:\/\/www.brundisium.net\/brun\/wp-content\/uploads\/2017\/07\/Isabella-Ferrari-e-Iaia-Forte-Come-stelle-nel-buio-60x60.jpg 60w\" sizes=\"auto, (max-width: 150px) 100vw, 150px\" \/><\/a>\n\t\t\t<\/dt><\/dl><dl class='gallery-item'>\n\t\t\t<dt class='gallery-icon landscape'>\n\t\t\t\t<a href='https:\/\/www.brundisium.net\/index.php\/ecco-la-nuova-stagione-del-verdi-un-teatro-per-la-citta\/la-febbre-del-sabato-sera-ph-roberta-morgana-grandini\/'><img loading=\"lazy\" decoding=\"async\" width=\"150\" height=\"150\" src=\"https:\/\/www.brundisium.net\/brun\/wp-content\/uploads\/2017\/07\/La-febbre-del-sabato-sera-ph-Roberta-Morgana-Grandini-150x150.jpg\" class=\"attachment-thumbnail size-thumbnail\" alt=\"\" srcset=\"https:\/\/www.brundisium.net\/brun\/wp-content\/uploads\/2017\/07\/La-febbre-del-sabato-sera-ph-Roberta-Morgana-Grandini-150x150.jpg 150w, https:\/\/www.brundisium.net\/brun\/wp-content\/uploads\/2017\/07\/La-febbre-del-sabato-sera-ph-Roberta-Morgana-Grandini-600x600.jpg 600w, https:\/\/www.brundisium.net\/brun\/wp-content\/uploads\/2017\/07\/La-febbre-del-sabato-sera-ph-Roberta-Morgana-Grandini-60x60.jpg 60w\" sizes=\"auto, (max-width: 150px) 100vw, 150px\" \/><\/a>\n\t\t\t<\/dt><\/dl><dl class='gallery-item'>\n\t\t\t<dt class='gallery-icon landscape'>\n\t\t\t\t<a href='https:\/\/www.brundisium.net\/index.php\/ecco-la-nuova-stagione-del-verdi-un-teatro-per-la-citta\/lina-sastri-appunti-di-viaggio\/'><img loading=\"lazy\" decoding=\"async\" width=\"150\" height=\"150\" src=\"https:\/\/www.brundisium.net\/brun\/wp-content\/uploads\/2017\/07\/Lina-Sastri-Appunti-di-viaggio-150x150.jpg\" class=\"attachment-thumbnail size-thumbnail\" alt=\"\" srcset=\"https:\/\/www.brundisium.net\/brun\/wp-content\/uploads\/2017\/07\/Lina-Sastri-Appunti-di-viaggio-150x150.jpg 150w, https:\/\/www.brundisium.net\/brun\/wp-content\/uploads\/2017\/07\/Lina-Sastri-Appunti-di-viaggio-600x600.jpg 600w, https:\/\/www.brundisium.net\/brun\/wp-content\/uploads\/2017\/07\/Lina-Sastri-Appunti-di-viaggio-60x60.jpg 60w\" sizes=\"auto, (max-width: 150px) 100vw, 150px\" \/><\/a>\n\t\t\t<\/dt><\/dl><br style=\"clear: both\" \/><dl class='gallery-item'>\n\t\t\t<dt class='gallery-icon portrait'>\n\t\t\t\t<a href='https:\/\/www.brundisium.net\/index.php\/ecco-la-nuova-stagione-del-verdi-un-teatro-per-la-citta\/michele-placido-e-anna-bonaiuto-piccoli-crimini-coniugali\/'><img loading=\"lazy\" decoding=\"async\" width=\"150\" height=\"150\" src=\"https:\/\/www.brundisium.net\/brun\/wp-content\/uploads\/2017\/07\/Michele-Placido-e-Anna-Bonaiuto-Piccoli-crimini-coniugali-150x150.jpg\" class=\"attachment-thumbnail size-thumbnail\" alt=\"\" srcset=\"https:\/\/www.brundisium.net\/brun\/wp-content\/uploads\/2017\/07\/Michele-Placido-e-Anna-Bonaiuto-Piccoli-crimini-coniugali-150x150.jpg 150w, https:\/\/www.brundisium.net\/brun\/wp-content\/uploads\/2017\/07\/Michele-Placido-e-Anna-Bonaiuto-Piccoli-crimini-coniugali-600x600.jpg 600w, https:\/\/www.brundisium.net\/brun\/wp-content\/uploads\/2017\/07\/Michele-Placido-e-Anna-Bonaiuto-Piccoli-crimini-coniugali-60x60.jpg 60w\" sizes=\"auto, (max-width: 150px) 100vw, 150px\" \/><\/a>\n\t\t\t<\/dt><\/dl><dl class='gallery-item'>\n\t\t\t<dt class='gallery-icon landscape'>\n\t\t\t\t<a href='https:\/\/www.brundisium.net\/index.php\/ecco-la-nuova-stagione-del-verdi-un-teatro-per-la-citta\/lorella-cuccarini-e-giampiero-ingrassia\/'><img loading=\"lazy\" decoding=\"async\" width=\"150\" height=\"150\" src=\"https:\/\/www.brundisium.net\/brun\/wp-content\/uploads\/2017\/07\/Lorella-Cuccarini-e-Giampiero-Ingrassia-150x150.jpg\" class=\"attachment-thumbnail size-thumbnail\" alt=\"\" srcset=\"https:\/\/www.brundisium.net\/brun\/wp-content\/uploads\/2017\/07\/Lorella-Cuccarini-e-Giampiero-Ingrassia-150x150.jpg 150w, https:\/\/www.brundisium.net\/brun\/wp-content\/uploads\/2017\/07\/Lorella-Cuccarini-e-Giampiero-Ingrassia-600x600.jpg 600w, https:\/\/www.brundisium.net\/brun\/wp-content\/uploads\/2017\/07\/Lorella-Cuccarini-e-Giampiero-Ingrassia-60x60.jpg 60w\" sizes=\"auto, (max-width: 150px) 100vw, 150px\" \/><\/a>\n\t\t\t<\/dt><\/dl><dl class='gallery-item'>\n\t\t\t<dt class='gallery-icon landscape'>\n\t\t\t\t<a href='https:\/\/www.brundisium.net\/index.php\/ecco-la-nuova-stagione-del-verdi-un-teatro-per-la-citta\/dirty-dancing\/'><img loading=\"lazy\" decoding=\"async\" width=\"150\" height=\"150\" src=\"https:\/\/www.brundisium.net\/brun\/wp-content\/uploads\/2017\/07\/Dirty-Dancing-150x150.jpg\" class=\"attachment-thumbnail size-thumbnail\" alt=\"\" srcset=\"https:\/\/www.brundisium.net\/brun\/wp-content\/uploads\/2017\/07\/Dirty-Dancing-150x150.jpg 150w, https:\/\/www.brundisium.net\/brun\/wp-content\/uploads\/2017\/07\/Dirty-Dancing-600x600.jpg 600w, https:\/\/www.brundisium.net\/brun\/wp-content\/uploads\/2017\/07\/Dirty-Dancing-60x60.jpg 60w\" sizes=\"auto, (max-width: 150px) 100vw, 150px\" \/><\/a>\n\t\t\t<\/dt><\/dl>\n\t\t\t<br style='clear: both' \/>\n\t\t<\/div>\n\n<p>Quattordici titoli da sfogliare per un cartellone lungo sei mesi, cucito su interessi e sensibilit\u00e0, che rinnova attenzione alla drammaturgia del presente spaziando tra il meglio della classicit\u00e0 e le novit\u00e0 contemporanee.<\/p>\n<p>&nbsp;<\/p>\n<p>Si comincia il 24 novembre con \u00abCome stelle nel buio\u00bb, black comedy che racconta la storia di due sorelle che convivono da anni in una villa immersa nel verde della collina di Posillipo. A interpretare le protagoniste due straordinarie attrici italiane, Isabella Ferrari e Iaia Forte.<\/p>\n<p>&nbsp;<\/p>\n<p>Musica e parola, insieme alla danza, saranno protagoniste con\u00a0Lina Sastri\u00a0e il suo \u00abAppunti di viaggio. Biografia in musica\u00bb, in scena il 13 dicembre. La \u201csignora\u201d del teatro napoletano porta sul palcoscenico brindisino un racconto pieno e libero della sua esperienza artistica, in un dialogo sincero con il pubblico che riserver\u00e0 piccole sorprese.\u00a0Sulla scena nuda dominata dalla scultura di Pulcinella, proiezioni e immagini della carriera dell\u2019artista si alterneranno a brani musicali e teatrali eseguiti dal vivo.<\/p>\n<p>&nbsp;<\/p>\n<p>Appuntamento brioso l\u201911 gennaio con \u00abPiccoli crimini coniugali\u00bb di \u00c9ric-Emmanuel Schmitt, che vedr\u00e0 protagonisti Anna Bonaiuto e Michele Placido. Lui, scrittore di gialli. Lei, moglie fedele, molto innamorata e timorosa di perdere il marito. Un incidente domestico, nel quale lui perde la memoria, diventa la causa scatenante di un sottile gioco al massacro.<\/p>\n<p>&nbsp;<\/p>\n<p>\u00c8 gi\u00e0 tempo di musical il 18 gennaio con \u00abLa febbre del sabato sera\u00bb, il kolossal teatrale che porta in scena una delle pellicole pi\u00f9 celebri e importanti della storia del cinema. Uno spettacolare juke box musical in cui rivivono i successi disco in voga negli anni Settanta. Un omaggio alla disco music e al glam dominante dell\u2019epoca.<\/p>\n<p>&nbsp;<\/p>\n<p>Il 26 gennaio arriva \u00abMariti e mogli\u00bb, ovvero l\u2019amore a tempo di jazz. Monica Guerritore mette in scena la scoppiettante commedia di Woody Allen sul gioco delle passioni e le complicate alchimie del matrimonio tra ricordi e rimpianti. Sotto i riflettori, insieme all\u2019attrice romana, l\u2019eclettica Francesca Reggiani e un affiatato cast.<\/p>\n<p>&nbsp;<\/p>\n<p>Il 5 febbraio la stupefacente arte di Michelangelo Buonarroti si far\u00e0 palpabile alle molteplicit\u00e0 sensoriali, attraversate dal racconto del prof. Vittorio Sgarbi. Protagonista l\u2019ambizione di scoprire un Michelangelo inedito: non rester\u00e0 dunque che farci sorprendere.<\/p>\n<p>&nbsp;<\/p>\n<p>Saranno Angela Finocchiaro e Laura Curino, insieme a uno straordinario cast, a dare vita il 14 febbraio alle splendide \u00abCalendar girls\u00bb, un gruppo di donne fra i 50 e i 60 anni che, stanche di fallimentari iniziative di beneficenza, decide di realizzare un calendario senza veli.<\/p>\n<p>&nbsp;<\/p>\n<p>\u00abUna storia indispensabile, tanto \u00e8 bella e tanto regala piacere\u00bb. \u00c8 quella che ci racconter\u00e0 il 20 febbraio Daniel Pennac, per lui un ritorno nella sala brindisina. \u00abUn amore esemplare\u00bb, questo il titolo della pi\u00e8ce tratta dall\u2019omonimo fumetto dell\u2019autore francese e disegnato da Florence Cestac, racconta una storia d\u2019amore, cos\u00ec vera da sembrare inventata, e le avventure del piccolo Daniel Pennac durante le sue vacanze sulla Costa Azzurra.<br \/>\nSpettacolo fuori abbonamento.<\/p>\n<p>&nbsp;<\/p>\n<p>Grandi autori s\u00ec, ma anche storie che parlano dell\u2019oggi: il rapporto padre\/figlio e la difficolt\u00e0 del confronto tra generazioni \u00e8 il tema che Claudio Bisio ha scelto per il suo ritorno in teatro. \u00abFather and son\u00bb, in programma il 22 febbraio, riflette sul nostro tempo rivelando in filigrana una societ\u00e0 spaesata. Scritto da Michele Serra e ispirato ai suoi libri \u00abGli sdraiati\u00bb e \u00abBreviario comico\u00bb.<\/p>\n<p>&nbsp;<\/p>\n<p>Il 2 marzo in scena \u00abDon Chisciotte\u00bb nell\u2019adattamento di Maurizio De Giovanni: nei panni dell\u2019hidalgo il bravissimo\u00a0Nando Paone, mentre sar\u00e0 Peppe Barra a interpretare il ruolo dello scudiero Sancho.<\/p>\n<p>&nbsp;<\/p>\n<p>Straordinario il musical \u00abDirty dancing il musical &#8211; The classic story on stage\u00bb, in stagione al Verdi l\u20198 marzo. Il teatro far\u00e0 da cornice a un vero concentrato di romanticismo, sensualit\u00e0 e musiche travolgenti. Il titolo dei record celebra i primi trenta anni di un film divenuto cult fin dalla sua prima uscita, datata 21 agosto 1987. Si racconta il magico e movimentato incontro tra la giovane Baby Houseman e il fascinoso maestro di ballo Johnny Castle.<\/p>\n<p>&nbsp;<\/p>\n<p>Biagio Izzo arriva a Brindisi il 14 marzo con \u00abDi\u2019 che ti manda Picone\u00bb, nel quale interpreta il figlio di Pasquale Picone del celebre film di Nanni Loy del 1983.<\/p>\n<p>&nbsp;<\/p>\n<p>Sergio Rubini torna al Verdi il 20 aprile con il suo ultimo lavoro, in cui, insieme a Luigi Lo Cascio, un rumorista e una cantante, ci condurr\u00e0 tra i capitoli di \u00abDelitto\/Castigo\u00bb, l\u2019opera pi\u00f9 letta di F\u00ebdor Dostoevskij che racconta il tormento di Rodion Romanovi\u010d Raskol\u2019nikov, un giovane poverissimo e strozzato dai debiti che uccide una vecchia e meschina usuraia.<\/p>\n<p>&nbsp;<\/p>\n<p>L\u2019ultimo sipario arriva il 27 aprile con \u00abNon mi hai pi\u00f9 detto\u2026 ti amo!\u00bb, commedia ironica e intelligente con Lorella Cuccarini e Giampiero Ingrassia che riflette sul tema della famiglia alla luce delle sue trasformazioni sociali. Lo spettacolo, diretto da Gabriele Pignotta, anche autore del testo, sapr\u00e0 regalare momenti di assoluto divertimento e grandissima emozione.<\/p>\n","protected":false},"excerpt":{"rendered":"<p>La Fondazione Nuovo Teatro Verdi ha presentato questa mattina la stagione 2017-18. All\u2019incontro, che si \u00e8 svolto nella sala Giunta di Palazzo di Citt\u00e0, hanno preso parte il commissario straordinario del Comune di Brindisi e presidente della Fondazione, Santi Giuffr\u00e8, il dirigente alla Cultura, Nicola Zizzi, e il direttore artistico del Teatro Verdi, Carmelo Grassi. &nbsp; Il parterre di interpreti e registi coinvolti si conferma anche quest\u2019anno di grande spessore: i nomi del migliore cinema italiano fanno il paio con i grandi artisti dello spettacolo dal vivo per spaziare dal teatro classico fino alle scritture contemporanee. \u00abConfermiamo l\u2019investimento nel teatro &#8211; ha detto il presidente Santi Giuffr\u00e8 &#8211; perch\u00e9 la stagione garantisce una proposta culturale di qualit\u00e0. Il teatro deve essere sempre pi\u00f9 un\u2019esperienza collettiva, un\u2019occasione di inclusione, un viaggio nella visione e nell\u2019immaginario. Per questo, in tempo di tagli, abbiamo guardato con priorit\u00e0 al teatro nella convinzione che la comunit\u00e0 sapr\u00e0 viverlo in tutte le sue forme e le sue sfaccettature\u00bb. &nbsp; \u00abIl Teatro Verdi &#8211; ha aggiunto Nicola&#8230;<\/p>\n","protected":false},"author":2,"featured_media":109638,"comment_status":"open","ping_status":"closed","sticky":false,"template":"","format":"standard","meta":{"footnotes":""},"categories":[7,162,389],"tags":[101],"class_list":["post-109620","post","type-post","status-publish","format-standard","has-post-thumbnail","hentry","category-news","category-teatro","category-territorio","tag-nuovo-teatro-verdi"],"_links":{"self":[{"href":"https:\/\/www.brundisium.net\/index.php\/wp-json\/wp\/v2\/posts\/109620","targetHints":{"allow":["GET"]}}],"collection":[{"href":"https:\/\/www.brundisium.net\/index.php\/wp-json\/wp\/v2\/posts"}],"about":[{"href":"https:\/\/www.brundisium.net\/index.php\/wp-json\/wp\/v2\/types\/post"}],"author":[{"embeddable":true,"href":"https:\/\/www.brundisium.net\/index.php\/wp-json\/wp\/v2\/users\/2"}],"replies":[{"embeddable":true,"href":"https:\/\/www.brundisium.net\/index.php\/wp-json\/wp\/v2\/comments?post=109620"}],"version-history":[{"count":3,"href":"https:\/\/www.brundisium.net\/index.php\/wp-json\/wp\/v2\/posts\/109620\/revisions"}],"predecessor-version":[{"id":109643,"href":"https:\/\/www.brundisium.net\/index.php\/wp-json\/wp\/v2\/posts\/109620\/revisions\/109643"}],"wp:featuredmedia":[{"embeddable":true,"href":"https:\/\/www.brundisium.net\/index.php\/wp-json\/wp\/v2\/media\/109638"}],"wp:attachment":[{"href":"https:\/\/www.brundisium.net\/index.php\/wp-json\/wp\/v2\/media?parent=109620"}],"wp:term":[{"taxonomy":"category","embeddable":true,"href":"https:\/\/www.brundisium.net\/index.php\/wp-json\/wp\/v2\/categories?post=109620"},{"taxonomy":"post_tag","embeddable":true,"href":"https:\/\/www.brundisium.net\/index.php\/wp-json\/wp\/v2\/tags?post=109620"}],"curies":[{"name":"wp","href":"https:\/\/api.w.org\/{rel}","templated":true}]}}