{"id":109767,"date":"2017-07-27T19:12:41","date_gmt":"2017-07-27T17:12:41","guid":{"rendered":"http:\/\/www.brundisium.net\/?p=109767"},"modified":"2017-07-28T09:43:50","modified_gmt":"2017-07-28T07:43:50","slug":"mostra-fasanese-dellartigianato-47-edizione-con-tante-novita","status":"publish","type":"post","link":"https:\/\/www.brundisium.net\/index.php\/mostra-fasanese-dellartigianato-47-edizione-con-tante-novita\/","title":{"rendered":"Mostra Fasanese dell\u2019Artigianato: 47^ edizione con tante novit\u00e0"},"content":{"rendered":"<p>\u00c8 in corso di preparazione la \u201cMostra Fasanese dell\u2019Artigianato\u201d, la classicissima vetrina del settore organizzata dal Comune di Fasano in collaborazione con l\u2019associazione \u201cNuova ArtigianFaso\u201d che, quest\u2019anno, si terr\u00e0 dal 5 al 20 agosto prossimi nel Palazzo dei congressi, a Selva di Fasano.<\/p>\n<p>&nbsp;<\/p>\n<p>Si tratter\u00e0 della 47\u00aa edizione e vedr\u00e0 la direzione artistica degli architetti Claudio Galeota e Fabrizio Frate.<\/p>\n<p>&nbsp;<\/p>\n<p>Tante le sorprese e le novit\u00e0 in cantiere \u00abche far\u00e0 della Mostra un contenitore di proposte e idee innovative, senza tranciare il legame col locale glorioso passato che, anzi, riprendiamo persino nel titolo cui si \u00e8 voluto dare un significato, pur simbolico,dello spirito di questa esposizione improntato ad un chiaro e deciso passo verso il futuro &#8211; afferma Luana Amati, assessora comunale alle Attivit\u00e0 produttive -;intanto, da quest\u2019anno, si chiamer\u00e0 Mostra Fasanese dell\u2019Artigianato e non pi\u00f9 Mostra dell\u2019Artigianato Fasanese, a significare che l\u2019expo ospiter\u00e0 anche manufatti di artigiani non fasanesi: apriamo, cos\u00ec, la nostra classicissima, alla partecipazione di operatori del settore interessati ad avere una propria \u201cvetrina\u201d qui a Fasano\u00bb.<\/p>\n<p>&nbsp;<\/p>\n<p>La Mostra, peraltro,da quest\u2019anno avr\u00e0 un suo particolare marchio, \u201cu\u2019m\u00e8str\u201d, che, se in dialetto fasanese sta ad indicare il \u201cMaestro\u201d nel settore dell\u2019artigianato (cio\u00e8 quello che sa ed insegna ai suoi collaboratori, colui che \u00e8 il punto di riferimento, il \u201ccapo\u201d di un\u2019azienda o bottega artigiana), in questo caso ha rappresentato lo spunto per ideare un acronimo del tutto originale, dove \u201cu\u2019\u201d sta per \u201cunione\u201d, \u201cm\u201d sta per \u201cmani\u201d,\u201c\u00e8\u201d sta per \u201cesperte\u201d, \u201cs\u201d sta per \u201csostiene\u201d, \u201ct\u201d sta per \u201cterritorio\u201d e \u201cr\u201d sta per \u201crisorse\u201d. Insomma, \u201cu\u2019m\u00e8str\u201d sta per \u201cl\u2019unione di mani esperte sostiene il territorio e le risorse\u201d.<\/p>\n<p>&nbsp;<\/p>\n<p>L\u2019altra novit\u00e0 di questa edizione sar\u00e0 rappresentata dal titolo \u201cDai Portici al Portale\u201d e in questo caso \u00absi vuole sottolineare l\u2019evoluzione dell\u2019artigianato, dalle antiche bottegheal web \u2013 spiega Luana Amati \u2013, considerato che oggi le aziende artigiane o i singoli giovani artigiani propongono i loro oggetti frutto di ricerca e inventivaanche attraverso internet, una sorta di \u201cmostra\u201d permanente e interattiva di settore. Da quest\u2019anno, inoltre \u2013 annuncia l\u2019assessora Amati \u2013 la nostra expo avr\u00e0 un momento di \u201cdelocalizzazione\u201d con un\u2019iniziativa importante tenuta in una delle bellissime antiche masserie del nostro territorio. Insomma, stiamo lavorando tutti sodo alla realizzazione di una Mostra al passo coi tempi, pur nel solco della prestigiosa tradizione locale passata\u00bb.<\/p>\n<p>&nbsp;<\/p>\n<p>Nell\u2019ambito della rassegna, inoltre, si terr\u00e0 la quarta edizione del concorso riservato agli artigiani partecipanti per decretare il \u201cMiglior stand espositivo\u201d, nonch\u00e9 la quarta edizione di un laboratorio creativo per bambini dai 5 anni in su, di pittura su magliette. \u201cTradizioni con le maniche\u201d \u00e8 il titolo del laboratorio curato da Vittoria Olive e aperto gratuitamente a chiunque vorr\u00e0 parteciparvi su prenotazione al 331.3824612.<\/p>\n<p>&nbsp;<\/p>\n<p>La Mostra sar\u00e0 visitabile dal 5 al 20 agosto, dal luned\u00ec al venerd\u00ec dalle ore 18 alle 23, il sabato dalle 18 alle 24 e la domenica dalle 10.30 alle 13 e dalle 18 alle 24.<\/p>\n","protected":false},"excerpt":{"rendered":"<p>\u00c8 in corso di preparazione la \u201cMostra Fasanese dell\u2019Artigianato\u201d, la classicissima vetrina del settore organizzata dal Comune di Fasano in collaborazione con l\u2019associazione \u201cNuova ArtigianFaso\u201d che, quest\u2019anno, si terr\u00e0 dal 5 al 20 agosto prossimi nel Palazzo dei congressi, a Selva di Fasano. &nbsp; Si tratter\u00e0 della 47\u00aa edizione e vedr\u00e0 la direzione artistica degli architetti Claudio Galeota e Fabrizio Frate. &nbsp; Tante le sorprese e le novit\u00e0 in cantiere \u00abche far\u00e0 della Mostra un contenitore di proposte e idee innovative, senza tranciare il legame col locale glorioso passato che, anzi, riprendiamo persino nel titolo cui si \u00e8 voluto dare un significato, pur simbolico,dello spirito di questa esposizione improntato ad un chiaro e deciso passo verso il futuro &#8211; afferma Luana Amati, assessora comunale alle Attivit\u00e0 produttive -;intanto, da quest\u2019anno, si chiamer\u00e0 Mostra Fasanese dell\u2019Artigianato e non pi\u00f9 Mostra dell\u2019Artigianato Fasanese, a significare che l\u2019expo ospiter\u00e0 anche manufatti di artigiani non fasanesi: apriamo, cos\u00ec, la nostra classicissima, alla partecipazione di operatori del settore interessati ad avere una propria \u201cvetrina\u201d qui&#8230;<\/p>\n","protected":false},"author":2,"featured_media":109768,"comment_status":"open","ping_status":"closed","sticky":false,"template":"","format":"standard","meta":{"footnotes":""},"categories":[7],"tags":[244,4660],"class_list":["post-109767","post","type-post","status-publish","format-standard","has-post-thumbnail","hentry","category-news","tag-fasano","tag-mostra-fasanese-dellartigianato"],"_links":{"self":[{"href":"https:\/\/www.brundisium.net\/index.php\/wp-json\/wp\/v2\/posts\/109767","targetHints":{"allow":["GET"]}}],"collection":[{"href":"https:\/\/www.brundisium.net\/index.php\/wp-json\/wp\/v2\/posts"}],"about":[{"href":"https:\/\/www.brundisium.net\/index.php\/wp-json\/wp\/v2\/types\/post"}],"author":[{"embeddable":true,"href":"https:\/\/www.brundisium.net\/index.php\/wp-json\/wp\/v2\/users\/2"}],"replies":[{"embeddable":true,"href":"https:\/\/www.brundisium.net\/index.php\/wp-json\/wp\/v2\/comments?post=109767"}],"version-history":[{"count":1,"href":"https:\/\/www.brundisium.net\/index.php\/wp-json\/wp\/v2\/posts\/109767\/revisions"}],"predecessor-version":[{"id":109770,"href":"https:\/\/www.brundisium.net\/index.php\/wp-json\/wp\/v2\/posts\/109767\/revisions\/109770"}],"wp:featuredmedia":[{"embeddable":true,"href":"https:\/\/www.brundisium.net\/index.php\/wp-json\/wp\/v2\/media\/109768"}],"wp:attachment":[{"href":"https:\/\/www.brundisium.net\/index.php\/wp-json\/wp\/v2\/media?parent=109767"}],"wp:term":[{"taxonomy":"category","embeddable":true,"href":"https:\/\/www.brundisium.net\/index.php\/wp-json\/wp\/v2\/categories?post=109767"},{"taxonomy":"post_tag","embeddable":true,"href":"https:\/\/www.brundisium.net\/index.php\/wp-json\/wp\/v2\/tags?post=109767"}],"curies":[{"name":"wp","href":"https:\/\/api.w.org\/{rel}","templated":true}]}}