{"id":109779,"date":"2017-07-28T10:32:37","date_gmt":"2017-07-28T08:32:37","guid":{"rendered":"http:\/\/www.brundisium.net\/?p=109779"},"modified":"2017-07-28T09:41:27","modified_gmt":"2017-07-28T07:41:27","slug":"domenica-30-a-selva-di-fasano-ettore-bassi-e-senay-boynudelik-declameranno-poesie-mistiche-di-rumi","status":"publish","type":"post","link":"https:\/\/www.brundisium.net\/index.php\/domenica-30-a-selva-di-fasano-ettore-bassi-e-senay-boynudelik-declameranno-poesie-mistiche-di-rumi\/","title":{"rendered":"Domenica 30 a Selva di Fasano Ettore Bassi e Senay Boynudelik declameranno poesie mistiche di Rumi,"},"content":{"rendered":"<p>L\u2019attore Ettore Bassi e Senay Boynudelik, gi\u00e0 professoressa di Scienze umanistiche all\u2019Universit\u00e0 di Palermo, terranno un reading di versi del poeta mistico del \u2018200 Mevlana Celaleddin Rumi a Selva di Fasano, nel suggestivo Minareto, domenica 30 luglio alle ore 21.30. La particolare serata ad ingresso libero, intitolata \u201cRumi, un dono d\u2019amore\u201d, rientra in \u201cSelva In Festival. Culture-Arti-Paesaggi\u201d, la rassegna estiva di appuntamenti teatrali, musicali, letterari ed artistici messa a punto dal Comune di Fasano su idea dello scrittore-archeologo Vito Bianchi in collaborazione col Teatro Pubblico Pugliese e, per questo appuntamento, con il regista e produttore teatrale Michele Ido che ha inventato per il festival silvano la sezione \u201cApulia Mare Magnum, musica, danze, incontri, cinema, cultura e gastronomia del Mediterraneo\u201d.<\/p>\n<p>&nbsp;<\/p>\n<p>Durante la serata verranno anche proiettate immagini a tema ma, soprattutto, verranno declamati i versi di Rumi (nato in Afghanistan nel 1207 e morto in Turchia nel 1273), uno dei pi\u00f9 importanti poeti mistici dell\u2019umanit\u00e0 Le sue opere ed i suoi pensieri, oltre ad aver fatto il giro del mondo, hanno conquistato i cuori e le menti di innumerevoli studiosi, mistici e ricercatori, dal suo tempo fino ai nostri giorni. Tema importantissimo nel pensiero di Rumi \u00e8 l\u2019amore; tema che affronta in tanti modi ma che egli stesso ammette essere impossibile da esaurire: l\u2019amore \u00e8 esperienza e non \u00e8 mai teoria, per cui \u00e8 cosa impossibile da descrivere ed \u00e8 inutile tentare di parlarne a chi non l\u2019hai mai provato, poich\u00e9 fiumi di inchiostro sarebbero buttati invano. L\u2019amore esiste per essere provato e realizzato nelle proprie vite, sostiene Rumi nei suoi versi, non per essere oggetto di elucubrazioni; il solo motivo per cui il poeta mistico duecentesco ne parla \u00e8 quello di muovere la curiosit\u00e0 del lettore e di indurlo al desiderio di ricercare il vero amore.<\/p>\n<p>&nbsp;<\/p>\n<p>&nbsp;<\/p>\n","protected":false},"excerpt":{"rendered":"<p>L\u2019attore Ettore Bassi e Senay Boynudelik, gi\u00e0 professoressa di Scienze umanistiche all\u2019Universit\u00e0 di Palermo, terranno un reading di versi del poeta mistico del \u2018200 Mevlana Celaleddin Rumi a Selva di Fasano, nel suggestivo Minareto, domenica 30 luglio alle ore 21.30. La particolare serata ad ingresso libero, intitolata \u201cRumi, un dono d\u2019amore\u201d, rientra in \u201cSelva In Festival. Culture-Arti-Paesaggi\u201d, la rassegna estiva di appuntamenti teatrali, musicali, letterari ed artistici messa a punto dal Comune di Fasano su idea dello scrittore-archeologo Vito Bianchi in collaborazione col Teatro Pubblico Pugliese e, per questo appuntamento, con il regista e produttore teatrale Michele Ido che ha inventato per il festival silvano la sezione \u201cApulia Mare Magnum, musica, danze, incontri, cinema, cultura e gastronomia del Mediterraneo\u201d. &nbsp; Durante la serata verranno anche proiettate immagini a tema ma, soprattutto, verranno declamati i versi di Rumi (nato in Afghanistan nel 1207 e morto in Turchia nel 1273), uno dei pi\u00f9 importanti poeti mistici dell\u2019umanit\u00e0 Le sue opere ed i suoi pensieri, oltre ad aver fatto il giro del mondo,&#8230;<\/p>\n","protected":false},"author":2,"featured_media":59304,"comment_status":"open","ping_status":"closed","sticky":false,"template":"","format":"standard","meta":{"footnotes":""},"categories":[7],"tags":[2386],"class_list":["post-109779","post","type-post","status-publish","format-standard","has-post-thumbnail","hentry","category-news","tag-selva-di-fasano"],"_links":{"self":[{"href":"https:\/\/www.brundisium.net\/index.php\/wp-json\/wp\/v2\/posts\/109779","targetHints":{"allow":["GET"]}}],"collection":[{"href":"https:\/\/www.brundisium.net\/index.php\/wp-json\/wp\/v2\/posts"}],"about":[{"href":"https:\/\/www.brundisium.net\/index.php\/wp-json\/wp\/v2\/types\/post"}],"author":[{"embeddable":true,"href":"https:\/\/www.brundisium.net\/index.php\/wp-json\/wp\/v2\/users\/2"}],"replies":[{"embeddable":true,"href":"https:\/\/www.brundisium.net\/index.php\/wp-json\/wp\/v2\/comments?post=109779"}],"version-history":[{"count":1,"href":"https:\/\/www.brundisium.net\/index.php\/wp-json\/wp\/v2\/posts\/109779\/revisions"}],"predecessor-version":[{"id":109780,"href":"https:\/\/www.brundisium.net\/index.php\/wp-json\/wp\/v2\/posts\/109779\/revisions\/109780"}],"wp:featuredmedia":[{"embeddable":true,"href":"https:\/\/www.brundisium.net\/index.php\/wp-json\/wp\/v2\/media\/59304"}],"wp:attachment":[{"href":"https:\/\/www.brundisium.net\/index.php\/wp-json\/wp\/v2\/media?parent=109779"}],"wp:term":[{"taxonomy":"category","embeddable":true,"href":"https:\/\/www.brundisium.net\/index.php\/wp-json\/wp\/v2\/categories?post=109779"},{"taxonomy":"post_tag","embeddable":true,"href":"https:\/\/www.brundisium.net\/index.php\/wp-json\/wp\/v2\/tags?post=109779"}],"curies":[{"name":"wp","href":"https:\/\/api.w.org\/{rel}","templated":true}]}}