{"id":109789,"date":"2017-07-28T11:06:43","date_gmt":"2017-07-28T09:06:43","guid":{"rendered":"http:\/\/www.brundisium.net\/?p=109789"},"modified":"2017-07-29T14:48:13","modified_gmt":"2017-07-29T12:48:13","slug":"rifiuti-al-quartiere-paradiso-stasera-lassociazione-brindisi-avanti-insieme-incontra-ecotecnica","status":"publish","type":"post","link":"https:\/\/www.brundisium.net\/index.php\/rifiuti-al-quartiere-paradiso-stasera-lassociazione-brindisi-avanti-insieme-incontra-ecotecnica\/","title":{"rendered":"Rifiuti al quartiere Paradiso: stasera l&#8217;associazione Brindisi Avanti Insieme incontra Ecotecnica"},"content":{"rendered":"<p>In riferimento alla raccolta dei rifiuti da parte della Societ\u00e0 ECOTECNICA, comunichiamo che \u00e8 fissato per venerd\u00ec 28\/07\/2017, alle ore 10.30 un giro di perlustrazione nel quartiere paradiso con successiva conferenza stampa alle ore 11:00 in via Giosu\u00e8 Carducci tra l&#8217; ASSOCIAZIONE BRINDISI AVANTI INSIEME e la Societ\u00e0 addetta alla raccolta rifiuti  ECOTECNICA, per  parlare della raccolta rifiuti in terra di Brindisi. Prenderanno parte all&#8217; iniziativa: il Sig. Giovanni De Lorenzi in qualit\u00e0 di Procuratore Speciale, l&#8217; Avv. Massimo Ciullo in qualit\u00e0 dei rapporti legali e il Sig. Piero Gioia in qualit\u00e0 di Responsabile Tecnico.<br \/>\nPartecipano per l&#8217;ASSOCIAZIONE BRINDISI AVANTI INSIEME Il Presidente Alessio Marolo, Danilo Contardi (referente per le politiche sociali) e Noemi Chianura (Ufficio Pubbliche Relazioni).<br \/>\nLa cittadinanza e invitata a partecipare<\/p>\n<p><strong><br \/>\nCOMUNICATO STAMPA BRINDISI AVANTI INSIEME<\/strong><\/p>\n","protected":false},"excerpt":{"rendered":"<p>In riferimento alla raccolta dei rifiuti da parte della Societ\u00e0 ECOTECNICA, comunichiamo che \u00e8 fissato per venerd\u00ec 28\/07\/2017, alle ore 10.30 un giro di perlustrazione nel quartiere paradiso con successiva conferenza stampa alle ore 11:00 in via Giosu\u00e8 Carducci tra l&#8217; ASSOCIAZIONE BRINDISI AVANTI INSIEME e la Societ\u00e0 addetta alla raccolta rifiuti ECOTECNICA, per parlare della raccolta rifiuti in terra di Brindisi. Prenderanno parte all&#8217; iniziativa: il Sig. Giovanni De Lorenzi in qualit\u00e0 di Procuratore Speciale, l&#8217; Avv. Massimo Ciullo in qualit\u00e0 dei rapporti legali e il Sig. Piero Gioia in qualit\u00e0 di Responsabile Tecnico. Partecipano per l&#8217;ASSOCIAZIONE BRINDISI AVANTI INSIEME Il Presidente Alessio Marolo, Danilo Contardi (referente per le politiche sociali) e Noemi Chianura (Ufficio Pubbliche Relazioni). La cittadinanza e invitata a partecipare COMUNICATO STAMPA BRINDISI AVANTI INSIEME<\/p>\n","protected":false},"author":2,"featured_media":109790,"comment_status":"open","ping_status":"closed","sticky":false,"template":"","format":"standard","meta":{"footnotes":""},"categories":[7],"tags":[4681],"class_list":["post-109789","post","type-post","status-publish","format-standard","has-post-thumbnail","hentry","category-news","tag-brindisi-avanti-insieme"],"_links":{"self":[{"href":"https:\/\/www.brundisium.net\/index.php\/wp-json\/wp\/v2\/posts\/109789","targetHints":{"allow":["GET"]}}],"collection":[{"href":"https:\/\/www.brundisium.net\/index.php\/wp-json\/wp\/v2\/posts"}],"about":[{"href":"https:\/\/www.brundisium.net\/index.php\/wp-json\/wp\/v2\/types\/post"}],"author":[{"embeddable":true,"href":"https:\/\/www.brundisium.net\/index.php\/wp-json\/wp\/v2\/users\/2"}],"replies":[{"embeddable":true,"href":"https:\/\/www.brundisium.net\/index.php\/wp-json\/wp\/v2\/comments?post=109789"}],"version-history":[{"count":1,"href":"https:\/\/www.brundisium.net\/index.php\/wp-json\/wp\/v2\/posts\/109789\/revisions"}],"predecessor-version":[{"id":109791,"href":"https:\/\/www.brundisium.net\/index.php\/wp-json\/wp\/v2\/posts\/109789\/revisions\/109791"}],"wp:featuredmedia":[{"embeddable":true,"href":"https:\/\/www.brundisium.net\/index.php\/wp-json\/wp\/v2\/media\/109790"}],"wp:attachment":[{"href":"https:\/\/www.brundisium.net\/index.php\/wp-json\/wp\/v2\/media?parent=109789"}],"wp:term":[{"taxonomy":"category","embeddable":true,"href":"https:\/\/www.brundisium.net\/index.php\/wp-json\/wp\/v2\/categories?post=109789"},{"taxonomy":"post_tag","embeddable":true,"href":"https:\/\/www.brundisium.net\/index.php\/wp-json\/wp\/v2\/tags?post=109789"}],"curies":[{"name":"wp","href":"https:\/\/api.w.org\/{rel}","templated":true}]}}