{"id":109844,"date":"2017-07-28T16:49:17","date_gmt":"2017-07-28T14:49:17","guid":{"rendered":"http:\/\/www.brundisium.net\/?p=109844"},"modified":"2017-07-28T15:50:48","modified_gmt":"2017-07-28T13:50:48","slug":"fasano-assistenza-domiciliare-ad-anziani-e-disabili-garantita-nonostante-lesaurimento-dei-fondi","status":"publish","type":"post","link":"https:\/\/www.brundisium.net\/index.php\/fasano-assistenza-domiciliare-ad-anziani-e-disabili-garantita-nonostante-lesaurimento-dei-fondi\/","title":{"rendered":"Fasano: Assistenza domiciliare ad anziani e disabili garantita, nonostante l\u2019esaurimento dei fondi"},"content":{"rendered":"<p>In relazione alla presa di posizione dei consiglieri comunali dei Circoli Nuova Fasano, secondo cui il Comune avrebbe sospeso o drasticamente ridotto l\u2019assistenza domiciliare ad anziani e disabili a partire dall\u2019inizio di questo luglio, l\u2019assessore alle Politiche sociali Giacomo Maringelli sottolinea che \u00absi \u00e8 voluto strumentalizzare una situazione certamente delicata, rispetto alla quale ci siamo rimboccati subito le maniche, facendo i salti mortali affinch\u00e9 anziani e disabili gravi che usufruivano dell\u2019assistenza domiciliare non ne rimanessero senza, nonostante il dato oggettivo, e inconfutabile, dell\u2019esaurimento al 30 giugno scorso dei Pac, Piani di azione e coesione, ossia dei fondi che il Governo centrale aveva garantito per il triennio 2015-2017 consentendoci di ampliare il servizio di assistenza domiciliare ad altre persone, e che non sono stati pi\u00f9 rinnovati.<\/p>\n<p>&nbsp;<\/p>\n<p>Per questo -spiega l\u2019assessore Maringelli &#8211; siamo ritornati a una situazione pari al 2014, quando gli assististi \u201cSad\u201d (servizio assistenza domiciliare) erano nello stesso numero degli attuali in carico; anzi si sottolinea un incremento delle ore di assistenza settimanali che passano dalle 323 dell\u2019ottobre 2014 alle attuali 440. Ci siamo, quindi, subito messi al lavoro \u2013 sottolinea Maringelli &#8211; grazie alla preziosa collaborazione degli assistenti sociali del Servizio Sociale Professionale e dell\u2019Asl (per gli aspetti di sua competenza).<\/p>\n<p>&nbsp;<\/p>\n<p>C\u2019\u00e8 da dire, ad onor del vero, che sia il sindaco Zaccaria che il direttore del Consorzio dell\u2019Ambito di Fasano (che gestisce i servizi sociali), Ubaldo Pagano, hanno interessato proprio il direttore generale dell\u2019Asl affinch\u00e9 attivasse subito tutte le procedure necessarie, con la commissione ad hoc, per verificare i requisiti di coloro che avevano usufruito fino a quel momento dell\u2019assistenza domiciliare \u201cAdi\u201d. Cos\u00ec che ad oggi gli anziani con gravi patologie e disabili gravi continuano ad usufruire, com\u2019\u00e8 giusto e doveroso che sia, dell\u2019assistenza domiciliare integrata \u2013 spiega Maringelli \u2013 mentre abbiamo invitato gli utenti non pi\u00f9 percettori \u201cAdi\u201d a presentare istanza al Comune \u201ctraghettandoli\u201d verso il \u201cSad\u201d (servizio d\u2019assistenza di competenza comunale), allo scopo di non lasciarli sguarniti di assistenza.<\/p>\n<p>&nbsp;<\/p>\n<p>Ebbene, alcuni di loro non hanno ritenuto di ripresentare la domanda, rinunciando volontariamente all\u2019assistenza; in altri casi \u2013 chiarisce l\u2019assessore Maringelli \u2013 l\u2019utente \u00e8 passato, sempre in servizio \u201cAdi\u201d dell\u2019Asl, assistito da una cooperativa non di nostra competenza comunale. Ma non solo. Abbiamo invitato tutti gli utenti \u201cSad\u201d e \u201cAdi\u201d, anche coloro che sono rimasti in coda all\u2019elenco dei beneficiari, a presentare domanda entro il 31 luglio per l\u2019ottenimento dei Buoni Servizio emessi con bando regionale, in modo da ripristinare l\u2019assistenza domiciliare o a potenziare le ore di prestazione a quegli utenti gi\u00e0 ammessi. E come non bastasse \u2013 spiega Maringelli \u2013 abbiamo deciso di inserire, grazie al bando regionale sul Reddito di dignit\u00e0, alcuni cittadini a \u201clavorare\u201d, affiancando gli addetti all\u2019assistenza domiciliare, che cos\u00ec potenziano il servizio offerto ad anziani con patologie gravi e a disabili gravi, vanificando la diminuzione, l\u00ec dove si \u00e8 resa necessaria, del monte ore di assistenza garantita\u00bb.<\/p>\n<p>&nbsp;<\/p>\n<p><strong>COMUNE DI FASANO<\/strong><\/p>\n","protected":false},"excerpt":{"rendered":"<p>In relazione alla presa di posizione dei consiglieri comunali dei Circoli Nuova Fasano, secondo cui il Comune avrebbe sospeso o drasticamente ridotto l\u2019assistenza domiciliare ad anziani e disabili a partire dall\u2019inizio di questo luglio, l\u2019assessore alle Politiche sociali Giacomo Maringelli sottolinea che \u00absi \u00e8 voluto strumentalizzare una situazione certamente delicata, rispetto alla quale ci siamo rimboccati subito le maniche, facendo i salti mortali affinch\u00e9 anziani e disabili gravi che usufruivano dell\u2019assistenza domiciliare non ne rimanessero senza, nonostante il dato oggettivo, e inconfutabile, dell\u2019esaurimento al 30 giugno scorso dei Pac, Piani di azione e coesione, ossia dei fondi che il Governo centrale aveva garantito per il triennio 2015-2017 consentendoci di ampliare il servizio di assistenza domiciliare ad altre persone, e che non sono stati pi\u00f9 rinnovati. &nbsp; Per questo -spiega l\u2019assessore Maringelli &#8211; siamo ritornati a una situazione pari al 2014, quando gli assististi \u201cSad\u201d (servizio assistenza domiciliare) erano nello stesso numero degli attuali in carico; anzi si sottolinea un incremento delle ore di assistenza settimanali che passano dalle 323 dell\u2019ottobre&#8230;<\/p>\n","protected":false},"author":2,"featured_media":88299,"comment_status":"open","ping_status":"closed","sticky":false,"template":"","format":"standard","meta":{"footnotes":""},"categories":[7],"tags":[244],"class_list":["post-109844","post","type-post","status-publish","format-standard","has-post-thumbnail","hentry","category-news","tag-fasano"],"_links":{"self":[{"href":"https:\/\/www.brundisium.net\/index.php\/wp-json\/wp\/v2\/posts\/109844","targetHints":{"allow":["GET"]}}],"collection":[{"href":"https:\/\/www.brundisium.net\/index.php\/wp-json\/wp\/v2\/posts"}],"about":[{"href":"https:\/\/www.brundisium.net\/index.php\/wp-json\/wp\/v2\/types\/post"}],"author":[{"embeddable":true,"href":"https:\/\/www.brundisium.net\/index.php\/wp-json\/wp\/v2\/users\/2"}],"replies":[{"embeddable":true,"href":"https:\/\/www.brundisium.net\/index.php\/wp-json\/wp\/v2\/comments?post=109844"}],"version-history":[{"count":1,"href":"https:\/\/www.brundisium.net\/index.php\/wp-json\/wp\/v2\/posts\/109844\/revisions"}],"predecessor-version":[{"id":109845,"href":"https:\/\/www.brundisium.net\/index.php\/wp-json\/wp\/v2\/posts\/109844\/revisions\/109845"}],"wp:featuredmedia":[{"embeddable":true,"href":"https:\/\/www.brundisium.net\/index.php\/wp-json\/wp\/v2\/media\/88299"}],"wp:attachment":[{"href":"https:\/\/www.brundisium.net\/index.php\/wp-json\/wp\/v2\/media?parent=109844"}],"wp:term":[{"taxonomy":"category","embeddable":true,"href":"https:\/\/www.brundisium.net\/index.php\/wp-json\/wp\/v2\/categories?post=109844"},{"taxonomy":"post_tag","embeddable":true,"href":"https:\/\/www.brundisium.net\/index.php\/wp-json\/wp\/v2\/tags?post=109844"}],"curies":[{"name":"wp","href":"https:\/\/api.w.org\/{rel}","templated":true}]}}