{"id":109920,"date":"2017-07-29T10:38:04","date_gmt":"2017-07-29T08:38:04","guid":{"rendered":"http:\/\/www.brundisium.net\/?p=109920"},"modified":"2017-07-29T14:44:26","modified_gmt":"2017-07-29T12:44:26","slug":"lartigianato-fasanese-in-mostra-in-polonia","status":"publish","type":"post","link":"https:\/\/www.brundisium.net\/index.php\/lartigianato-fasanese-in-mostra-in-polonia\/","title":{"rendered":"L\u2019artigianato fasanese in mostra in Polonia"},"content":{"rendered":"<p>L\u2019Amministrazione comunale di Fasano ha accolto favorevolmente l\u2019invito della Fondazione Nikolaos di Bari (attiva sul piano della valorizzazione culturale ed economica della Puglia nel mondo) a promuovere ed organizzare la partecipazione degli artigiani fasanesi, per esporre le creazioni della loro attivit\u00e0, a Stettino, in Polonia, in occasione della \u201cSettimana della Lingua Italiana nel Mondo\u201d che si terr\u00e0 nel prossimo mese di ottobre 2017 e che vedr\u00e0 la collaborazione anche del Consolato onorario italiano a Stettino.  <\/p>\n<p>A questo scopo \u00e8 stata messa a punto una riunione aperta agli artigiani per luned\u00ec 31 luglio alle ore 18.30 nella Sala di rappresentanza del Palazzo municipale, alla quale parteciperanno il sindaco Francesco Zaccaria, l\u2019assessora comunale alle Attivit\u00e0 produttive Luana Amati ed il presidente della \u201cFondazione Nikolaos\u201d Vito Giordano Cardone. \u00abCi auguriamo che siano in molti gli artigiani partecipanti all\u2019incontro e che si dimostrino pronti a scommettere su questa nuova opportunit\u00e0 che viene offerta loro \u2013 afferma Luana Amati \u2013; il tutto, grazie all\u2019input dell\u2019avv. Vincenzo Saponaro e del nostro consigliere comunale Pier Francesco Palmariggi, che abbiamo voluto cogliere al volo. Auspico, pertanto, una partecipazione massiccia di artigiani all\u2019incontro di luned\u00ec, poich\u00e9 questa ghiotta occasione \u00e8 da afferrare subito, giacch\u00e9 sar\u00e0 proprio la nostra citt\u00e0 a rappresentare la Puglia dell\u2019artigianato in quel di Stettino. Come si vede \u2013 aggiunge l\u2019assessora Amati \u2013 siamo in prima fila a sostenere il nostro artigianato in tutti i modi, dall\u2019organizzazione della prossima \u201cMostra Fasanese dell\u2019Artigianato\u201d a questa e ad altre iniziative fuori dei confini regionali e nazionali, per \u201cesportare\u201d l\u2019eccellenza del nostro settore e cos\u00ec dargli \u201cvetrine\u201d sempre pi\u00f9 prestigiose e foriere di occasioni di sviluppo. Va da s\u00e9 che l\u2019auspicata partecipazione degli artigiani fasanesi alla Mostra polacca \u2013 sottolinea Luana Amati \u2013 costituisce un importante veicolo di promozione del nostro territorio\u00bb.<\/p>\n<p>La \u201cSettimana della Lingua Italiana nel Mondo\u201d prevede un ricco programma di manifestazioni con l\u2019obiettivo di valorizzare le eccellenze pugliesi e dare ai visitatori la possibilit\u00e0 di lasciarsi trasportare in un percorso suggestivo che legher\u00e0 l\u2019artigianato fasanese e l\u2019enogastronomia del territorio pugliese in un connubio che intende rilanciare e promuovere le tipicit\u00e0 della nostra regione. Su queste premesse la \u201cFondazione Nikolaos\u201d, da anni impegnata nella valorizzazione dell\u2019arte e della cultura della Puglia sul panorama internazionale, ha scelto di proseguire il suo impegno, in collaborazione con enti istituzionali e prestigiosi partner del mondo dell\u2019arte e della cultura, prefissando come obiettivo quello di erigere un \u201cponte\u201d che colleghi idealmente la Puglia alla citt\u00e0 di Stettino, cos\u00ec da renderla un appetibile palcoscenico internazionale dove, attraverso accordi tra imprenditori e istituzioni, possa essere dato impulso ai territori in un contesto sempre pi\u00f9 ampio e diversificato. <\/p>\n<p>La \u201cMostra Mercato dell\u2019Artigianato pugliese d\u2019autore\u201d, di cui quest\u2019anno la citt\u00e0 di Fasano sar\u00e0 assoluta protagonista, proporr\u00e0 prodotti che fanno parte della tradizione ma anche dell\u2019innovazione, per riunire l\u2019eccellenza pugliese in un evento che si candida a diventare una delle manifestazioni pi\u00f9 importanti per la promozione del made  in Puglia all\u2019estero.<\/p>\n<p>Comune di Fasano<\/p>\n","protected":false},"excerpt":{"rendered":"<p>L\u2019Amministrazione comunale di Fasano ha accolto favorevolmente l\u2019invito della Fondazione Nikolaos di Bari (attiva sul piano della valorizzazione culturale ed economica della Puglia nel mondo) a promuovere ed organizzare la partecipazione degli artigiani fasanesi, per esporre le creazioni della loro attivit\u00e0, a Stettino, in Polonia, in occasione della \u201cSettimana della Lingua Italiana nel Mondo\u201d che si terr\u00e0 nel prossimo mese di ottobre 2017 e che vedr\u00e0 la collaborazione anche del Consolato onorario italiano a Stettino. A questo scopo \u00e8 stata messa a punto una riunione aperta agli artigiani per luned\u00ec 31 luglio alle ore 18.30 nella Sala di rappresentanza del Palazzo municipale, alla quale parteciperanno il sindaco Francesco Zaccaria, l\u2019assessora comunale alle Attivit\u00e0 produttive Luana Amati ed il presidente della \u201cFondazione Nikolaos\u201d Vito Giordano Cardone. \u00abCi auguriamo che siano in molti gli artigiani partecipanti all\u2019incontro e che si dimostrino pronti a scommettere su questa nuova opportunit\u00e0 che viene offerta loro \u2013 afferma Luana Amati \u2013; il tutto, grazie all\u2019input dell\u2019avv. Vincenzo Saponaro e del nostro consigliere comunale Pier Francesco Palmariggi,&#8230;<\/p>\n","protected":false},"author":2,"featured_media":77967,"comment_status":"open","ping_status":"closed","sticky":false,"template":"","format":"standard","meta":{"footnotes":""},"categories":[7],"tags":[244,4660],"class_list":["post-109920","post","type-post","status-publish","format-standard","has-post-thumbnail","hentry","category-news","tag-fasano","tag-mostra-fasanese-dellartigianato"],"_links":{"self":[{"href":"https:\/\/www.brundisium.net\/index.php\/wp-json\/wp\/v2\/posts\/109920","targetHints":{"allow":["GET"]}}],"collection":[{"href":"https:\/\/www.brundisium.net\/index.php\/wp-json\/wp\/v2\/posts"}],"about":[{"href":"https:\/\/www.brundisium.net\/index.php\/wp-json\/wp\/v2\/types\/post"}],"author":[{"embeddable":true,"href":"https:\/\/www.brundisium.net\/index.php\/wp-json\/wp\/v2\/users\/2"}],"replies":[{"embeddable":true,"href":"https:\/\/www.brundisium.net\/index.php\/wp-json\/wp\/v2\/comments?post=109920"}],"version-history":[{"count":1,"href":"https:\/\/www.brundisium.net\/index.php\/wp-json\/wp\/v2\/posts\/109920\/revisions"}],"predecessor-version":[{"id":109921,"href":"https:\/\/www.brundisium.net\/index.php\/wp-json\/wp\/v2\/posts\/109920\/revisions\/109921"}],"wp:featuredmedia":[{"embeddable":true,"href":"https:\/\/www.brundisium.net\/index.php\/wp-json\/wp\/v2\/media\/77967"}],"wp:attachment":[{"href":"https:\/\/www.brundisium.net\/index.php\/wp-json\/wp\/v2\/media?parent=109920"}],"wp:term":[{"taxonomy":"category","embeddable":true,"href":"https:\/\/www.brundisium.net\/index.php\/wp-json\/wp\/v2\/categories?post=109920"},{"taxonomy":"post_tag","embeddable":true,"href":"https:\/\/www.brundisium.net\/index.php\/wp-json\/wp\/v2\/tags?post=109920"}],"curies":[{"name":"wp","href":"https:\/\/api.w.org\/{rel}","templated":true}]}}