{"id":110218,"date":"2017-08-02T17:19:03","date_gmt":"2017-08-02T15:19:03","guid":{"rendered":"http:\/\/www.brundisium.net\/?p=110218"},"modified":"2017-08-02T18:00:50","modified_gmt":"2017-08-02T16:00:50","slug":"illustrate-le-linee-guida-della-strategia-di-rigenerazione-urbana","status":"publish","type":"post","link":"https:\/\/www.brundisium.net\/index.php\/illustrate-le-linee-guida-della-strategia-di-rigenerazione-urbana\/","title":{"rendered":"Illustrate le linee guida della strategia di rigenerazione urbana"},"content":{"rendered":"<p>La \u201cStrategia per uno Sviluppo urbano Sostenibile\u201d, ossia l\u2019esame delle criticit\u00e0 presenti sul territorio di Fasano e frazioni e l\u2019individuazione di priorit\u00e0 d\u2019interventi di riqualificazione di immobili o di spazi pubblici \u00e8 da scrivere \u00abassieme a cittadini e tecnici\u00bb, lo ha detto Gianluca Cisternino, assessore comunale a Pianificazione e Gestione del Territorio, nel corso della conferenza stampa tenutasi oggi nella Sala di rappresentanza del Palazzo municipale. \u00abUna scrittura condivisa e partecipata dell\u2019intero progetto \u2013 ha sottolineato Cisternino \u2013 ed \u00e8 per questo che invitiamo i cittadini ed i tecnici ad accogliere il nostro invito a prendere parte agli incontri che abbiamo programmato sul territorio nel fine settimana\u00bb. Infatti, sono gi\u00e0 calendarizzati i primi tre incontri pubblici, venerd\u00ec 4 agosto alle ore 19 nell\u2019Arco del Bal\u00ec (a Fasano), sabato 5 agosto alle ore 17 nell\u2019ex scuola di via Teano (a Montalbano) cui seguir\u00e0 l\u2019incontro alle ore 19 in piazza XX Settembre (a Pezze di Greco). L\u2019assessore Cisternino ha voluto rimarcare che \u00ababbiamo idealmente suddiviso il territorio in tre parti, Fasano con Laureto, Selva e Savelletri; Pezze di Greco con Torre Canne e le altre contrade; Montalbano con Speziale e Pozzo Faceto, riconducendoci alla vecchia divisione circoscrizionale, per consentire la partecipazione a tutti i nostri concittadini agli incontri programmati. Non chiedeteci quali immobili o spazi pubblici inseriremo come priorit\u00e0 nel progetto di Rigenerazione urbana sostenibile \u2013 ha voluto chiarire l\u2019assessore Cisternino \u2013 poich\u00e9 queste priorit\u00e0 saranno decise assieme ai cittadini, dopo averli ascoltati nei vari incontri gi\u00e0 fissati\u00bb.<\/p>\n<p>Anche il sindaco Francesco Zaccaria ha voluto sottolineare che \u00ab\u00e8 nostra intenzione continuare sulla strada avviata negli anni scorsi della Rigenerazione urbana per interessare altre porzioni del nostro variegato territorio; ascolteremo i fasanesi ed assieme individueremo le priorit\u00e0 d\u2019intervento per dare nuova vita a pezzi di territorio oggi in sofferenza. Certamente, va chiarito che potremo attingere a fondi regionali per un budget massimo di 3 milioni e mezzo di euro \u2013 ha sottolineato Zaccaria \u2013 e, quindi, non potremo \u201crivoluzionare\u201d il territorio; per\u00f2 la \u201cStrategia\u201d sar\u00e0 una base di partenza importante per progettare il futuro urbano da rigenerare negli anni e, in questa direzione, fondamentale sar\u00e0 anche interagire col privato che potr\u00e0 investire sue risorse assieme a quelle pubbliche del Comune. Colgo l\u2019occasione \u2013 ha concluso il primo cittadino \u2013 per ringraziare la dirigente comunale Rosa Belfiore del settore Lavori pubblici per il fondamentale supporto che sta dando allo staff di tecnici esterni col quale s\u2019interfaccer\u00e0 nei prossimi giorni per il prosieguo dell\u2019iter per la redazione della Pianificazione della Rigenerazione Urbana\u00bb.<\/p>\n<p>E proprio Maria Giovanna Turturo, uno dei tecnici esterni che seguir\u00e0 la progettazione, ha spiegato che \u00abla \u201cStrategia di Rigenerazione urbana Sostenibile\u201d \u00e8 l\u2019idea che avr\u00e0 il Comune sul piano dello sviluppo urbano del territorio fasanese che, speriamo, con l\u2019accoglimento della progettualit\u00e0 da parte della Regione Puglia, possa essere eletto \u201cAutorit\u00e0 Urbana\u201d dando cos\u00ec la stura a seguire direttamente tutti gli aspetti tecnici per accedere a prossimi bandi regionali per interventi di riqualificazione di immobili e spazi pubblici\u00bb. La collega di Maria Giovanna Turturo, Daniela Mancini, ha aggiunto che sono cinque \u00abgli assi tematici su cui poter presentare progettazioni: il disagio abitativo e l\u2019inclusione sociale, la rigenerazione ecologica degli insediamenti, la difesa del territorio pi\u00f9 esposto al rischio idrogeologico, la difesa del territorio esposto ad erosione costiera, la tutela dell\u2019ambiente con la valorizzazione del patrimonio ambientale e culturale\u00bb.<\/p>\n<p>Il progetto di Rigenerazione urbana sostenibile va candidato al bando della Regione Puglia entro il 29 settembre di quest\u2019anno. Dopodich\u00e9 l\u2019Ente regionale osserver\u00e0 le sue fasi procedurali inizialmente rivolte ad eleggere Fasano (questo \u00e8 l\u2019auspicio dell\u2019Amministrazione comunale) \u201cAutorit\u00e0 Urbana\u201d, cui seguir\u00e0 la fase della presentazione, da parte del Comune, della progettazione definitiva degli interventi individuati e, successivamente, la possibilit\u00e0 di emettere bandi per la realizzazione degli interventi scelti. Tempi? Un anno e mezzo per, poi, partire con i bandi per la realizzazione dei lavori.         <\/p>\n<p><strong>COMUNE DI FASANO<\/strong><\/p>\n","protected":false},"excerpt":{"rendered":"<p>La \u201cStrategia per uno Sviluppo urbano Sostenibile\u201d, ossia l\u2019esame delle criticit\u00e0 presenti sul territorio di Fasano e frazioni e l\u2019individuazione di priorit\u00e0 d\u2019interventi di riqualificazione di immobili o di spazi pubblici \u00e8 da scrivere \u00abassieme a cittadini e tecnici\u00bb, lo ha detto Gianluca Cisternino, assessore comunale a Pianificazione e Gestione del Territorio, nel corso della conferenza stampa tenutasi oggi nella Sala di rappresentanza del Palazzo municipale. \u00abUna scrittura condivisa e partecipata dell\u2019intero progetto \u2013 ha sottolineato Cisternino \u2013 ed \u00e8 per questo che invitiamo i cittadini ed i tecnici ad accogliere il nostro invito a prendere parte agli incontri che abbiamo programmato sul territorio nel fine settimana\u00bb. Infatti, sono gi\u00e0 calendarizzati i primi tre incontri pubblici, venerd\u00ec 4 agosto alle ore 19 nell\u2019Arco del Bal\u00ec (a Fasano), sabato 5 agosto alle ore 17 nell\u2019ex scuola di via Teano (a Montalbano) cui seguir\u00e0 l\u2019incontro alle ore 19 in piazza XX Settembre (a Pezze di Greco). L\u2019assessore Cisternino ha voluto rimarcare che \u00ababbiamo idealmente suddiviso il territorio in tre parti, Fasano con&#8230;<\/p>\n","protected":false},"author":2,"featured_media":110219,"comment_status":"open","ping_status":"closed","sticky":false,"template":"","format":"standard","meta":{"footnotes":""},"categories":[7],"tags":[244],"class_list":["post-110218","post","type-post","status-publish","format-standard","has-post-thumbnail","hentry","category-news","tag-fasano"],"_links":{"self":[{"href":"https:\/\/www.brundisium.net\/index.php\/wp-json\/wp\/v2\/posts\/110218","targetHints":{"allow":["GET"]}}],"collection":[{"href":"https:\/\/www.brundisium.net\/index.php\/wp-json\/wp\/v2\/posts"}],"about":[{"href":"https:\/\/www.brundisium.net\/index.php\/wp-json\/wp\/v2\/types\/post"}],"author":[{"embeddable":true,"href":"https:\/\/www.brundisium.net\/index.php\/wp-json\/wp\/v2\/users\/2"}],"replies":[{"embeddable":true,"href":"https:\/\/www.brundisium.net\/index.php\/wp-json\/wp\/v2\/comments?post=110218"}],"version-history":[{"count":1,"href":"https:\/\/www.brundisium.net\/index.php\/wp-json\/wp\/v2\/posts\/110218\/revisions"}],"predecessor-version":[{"id":110220,"href":"https:\/\/www.brundisium.net\/index.php\/wp-json\/wp\/v2\/posts\/110218\/revisions\/110220"}],"wp:featuredmedia":[{"embeddable":true,"href":"https:\/\/www.brundisium.net\/index.php\/wp-json\/wp\/v2\/media\/110219"}],"wp:attachment":[{"href":"https:\/\/www.brundisium.net\/index.php\/wp-json\/wp\/v2\/media?parent=110218"}],"wp:term":[{"taxonomy":"category","embeddable":true,"href":"https:\/\/www.brundisium.net\/index.php\/wp-json\/wp\/v2\/categories?post=110218"},{"taxonomy":"post_tag","embeddable":true,"href":"https:\/\/www.brundisium.net\/index.php\/wp-json\/wp\/v2\/tags?post=110218"}],"curies":[{"name":"wp","href":"https:\/\/api.w.org\/{rel}","templated":true}]}}