{"id":110263,"date":"2017-08-02T20:12:24","date_gmt":"2017-08-02T18:12:24","guid":{"rendered":"http:\/\/www.brundisium.net\/?p=110263"},"modified":"2017-08-03T09:45:23","modified_gmt":"2017-08-03T07:45:23","slug":"selva-in-festival-weekend-con-reading-poetico-letterario-ed-escursione-alla-piana-olivetana","status":"publish","type":"post","link":"https:\/\/www.brundisium.net\/index.php\/selva-in-festival-weekend-con-reading-poetico-letterario-ed-escursione-alla-piana-olivetana\/","title":{"rendered":"Selva in festival: weekend con reading poetico-letterario ed escursione alla piana olivetana"},"content":{"rendered":"<p><a href=\"http:\/\/www.brundisium.net\/brun\/wp-content\/uploads\/2017\/06\/selva-in-festival.jpg\"><img loading=\"lazy\" decoding=\"async\" class=\"alignleft size-medium wp-image-106389\" src=\"http:\/\/www.brundisium.net\/brun\/wp-content\/uploads\/2017\/06\/selva-in-festival-169x300.jpg\" alt=\"\" width=\"169\" height=\"300\" srcset=\"https:\/\/www.brundisium.net\/brun\/wp-content\/uploads\/2017\/06\/selva-in-festival-169x300.jpg 169w, https:\/\/www.brundisium.net\/brun\/wp-content\/uploads\/2017\/06\/selva-in-festival.jpg 540w\" sizes=\"auto, (max-width: 169px) 100vw, 169px\" \/><\/a>\u201cSguardi e respiri: storie antiche di Puglia\u201d, \u00e8 il recital poetico-letterario ad ingresso libero di Natalizia Pinto, poetessa fasanese, che si terr\u00e0 sabato 5 agosto alle ore 19.30 nella suggestiva location del Minareto a Selva di Fasano (Br). La serata rientra in \u201cSelva In Festival. Culture-Arti-Paesaggi\u201d, la rassegna estiva di appuntamenti teatrali, musicali, letterari ed artistici messa a punto dal Comune di Fasano, da un\u2019idea dello scrittore-archeologo Vito Bianchi, in collaborazione col Teatro Pubblico Pugliese.<\/p>\n<p>&nbsp;<\/p>\n<p>Sul palco, oltre alla stessa Pinto, reciteranno Teresa Cecere e Michele Savoia della scuola di avviamento al musical \u201cGlitter\u201d che, peraltro, cureranno lo spettacolo, e vedr\u00e0 la partecipazione anche di Gaia Cardone, Veronica Calella e Dario Piccoli, mentre la musicista Annalisa Ciaccia suoner\u00e0 l\u2019arpa. Durante la serata verranno letti e recitati sia versi della Pinto che alcuni brani tratti dal suo romanzo inedito \u201cAll\u2019ombra del fragno\u201d dedicati al racconto di tradizioni, costumi, mentalit\u00e0 e amori dei primi anni del \u2018900 pugliese. Un momento dello spettacolo sar\u00e0 dedicato, inoltre, al racconto, in forma di dialogo interpretato dagli stessi Cecere e Savoia, dei ricordi d\u2019infanzia legati alla raccolta e trebbiatura del grano nella Puglia degli anni Sessanta.<\/p>\n<p>&nbsp;<\/p>\n<p>&nbsp;<\/p>\n<p>Altra iniziativa, sempre all\u2019interno della rassegna \u201cSelva In Festival. Culture-Arti-Paesaggi\u201d si terr\u00e0 luned\u00ec 7 agosto per l\u2019escursione gratuita alla Piana olivetata del Parco regionale delle Dune costiere. Obbligatoria, in questo caso, la prenotazione al numero 339.5986755 o all\u2019indirizzo di posta elettronica valeriopalasciano@gmail.com considerato che il numero massimo di posti nel bus-navetta che accompagner\u00e0 i visitatori (con le guide specialistiche) sar\u00e0 di 20. Il bus partir\u00e0 alle ore 9.30 da piazzetta Giannaccari (nei pressi del Palazzo dei congressi) sempre a Selva di Fasano.<\/p>\n","protected":false},"excerpt":{"rendered":"<p>\u201cSguardi e respiri: storie antiche di Puglia\u201d, \u00e8 il recital poetico-letterario ad ingresso libero di Natalizia Pinto, poetessa fasanese, che si terr\u00e0 sabato 5 agosto alle ore 19.30 nella suggestiva location del Minareto a Selva di Fasano (Br). La serata rientra in \u201cSelva In Festival. Culture-Arti-Paesaggi\u201d, la rassegna estiva di appuntamenti teatrali, musicali, letterari ed artistici messa a punto dal Comune di Fasano, da un\u2019idea dello scrittore-archeologo Vito Bianchi, in collaborazione col Teatro Pubblico Pugliese. &nbsp; Sul palco, oltre alla stessa Pinto, reciteranno Teresa Cecere e Michele Savoia della scuola di avviamento al musical \u201cGlitter\u201d che, peraltro, cureranno lo spettacolo, e vedr\u00e0 la partecipazione anche di Gaia Cardone, Veronica Calella e Dario Piccoli, mentre la musicista Annalisa Ciaccia suoner\u00e0 l\u2019arpa. Durante la serata verranno letti e recitati sia versi della Pinto che alcuni brani tratti dal suo romanzo inedito \u201cAll\u2019ombra del fragno\u201d dedicati al racconto di tradizioni, costumi, mentalit\u00e0 e amori dei primi anni del \u2018900 pugliese. Un momento dello spettacolo sar\u00e0 dedicato, inoltre, al racconto, in forma di dialogo&#8230;<\/p>\n","protected":false},"author":2,"featured_media":106388,"comment_status":"open","ping_status":"closed","sticky":false,"template":"","format":"standard","meta":{"footnotes":""},"categories":[7],"tags":[4398],"class_list":["post-110263","post","type-post","status-publish","format-standard","has-post-thumbnail","hentry","category-news","tag-selva-in-festival"],"_links":{"self":[{"href":"https:\/\/www.brundisium.net\/index.php\/wp-json\/wp\/v2\/posts\/110263","targetHints":{"allow":["GET"]}}],"collection":[{"href":"https:\/\/www.brundisium.net\/index.php\/wp-json\/wp\/v2\/posts"}],"about":[{"href":"https:\/\/www.brundisium.net\/index.php\/wp-json\/wp\/v2\/types\/post"}],"author":[{"embeddable":true,"href":"https:\/\/www.brundisium.net\/index.php\/wp-json\/wp\/v2\/users\/2"}],"replies":[{"embeddable":true,"href":"https:\/\/www.brundisium.net\/index.php\/wp-json\/wp\/v2\/comments?post=110263"}],"version-history":[{"count":1,"href":"https:\/\/www.brundisium.net\/index.php\/wp-json\/wp\/v2\/posts\/110263\/revisions"}],"predecessor-version":[{"id":110264,"href":"https:\/\/www.brundisium.net\/index.php\/wp-json\/wp\/v2\/posts\/110263\/revisions\/110264"}],"wp:featuredmedia":[{"embeddable":true,"href":"https:\/\/www.brundisium.net\/index.php\/wp-json\/wp\/v2\/media\/106388"}],"wp:attachment":[{"href":"https:\/\/www.brundisium.net\/index.php\/wp-json\/wp\/v2\/media?parent=110263"}],"wp:term":[{"taxonomy":"category","embeddable":true,"href":"https:\/\/www.brundisium.net\/index.php\/wp-json\/wp\/v2\/categories?post=110263"},{"taxonomy":"post_tag","embeddable":true,"href":"https:\/\/www.brundisium.net\/index.php\/wp-json\/wp\/v2\/tags?post=110263"}],"curies":[{"name":"wp","href":"https:\/\/api.w.org\/{rel}","templated":true}]}}