{"id":110304,"date":"2017-08-03T12:29:23","date_gmt":"2017-08-03T10:29:23","guid":{"rendered":"http:\/\/www.brundisium.net\/?p=110304"},"modified":"2017-08-03T18:20:59","modified_gmt":"2017-08-03T16:20:59","slug":"mobilita-urbana-perrino-art-1-e-ora-che-i-brindisini-siano-partecipi-nella-pianificazione-del-proprio-futuro","status":"publish","type":"post","link":"https:\/\/www.brundisium.net\/index.php\/mobilita-urbana-perrino-art-1-e-ora-che-i-brindisini-siano-partecipi-nella-pianificazione-del-proprio-futuro\/","title":{"rendered":"Mobilit\u00e0 urbana, Perrino (Art.1): &#8220;E\u2019 ora che  i Brindisini siano  partecipi nella pianificazione del proprio futuro&#8221;"},"content":{"rendered":"<p>Leggo dalla stampa che il Comune di Brindisi ha avviato una collaborazione con la societ\u00e0 Stp e il Politecnico di Bari per la redazione di linee guida per un piano di mobilit\u00e0 sostenibile. Il 2 agosto \u00e8 stato siglato un accordo quadro.<\/p>\n<p>Nulla da dire sulle capacit\u00e0 dei soggetti coinvolti che mi sembrano tra i pi\u00f9 qualificati a poter predisporre un documento programmatico di tale importanza.<\/p>\n<p>Nulla da dire nemmeno sulla necessit\u00e0 di provvedere al pi\u00f9 presto alla redazione di piani necessari alla modernizzazione della citt\u00e0 ed al suo sviluppo sostenibile. Un ringraziamento va anche \u00a0al Commissario che dimostra di tentare di fare pi\u00f9 dell\u2019ordinario.<\/p>\n<p>Ogni impegno e azione in tal senso non pu\u00f2 che avere il plauso personale e di Articolo 1 Movimento Democratico e Progressista.<\/p>\n<p>&nbsp;<\/p>\n<p>Vorrei sollevare una allerta sul metodo. Mi viene il dubbio che per l\u2019ennesima volta la citt\u00e0 subir\u00e0 una pianificazione calata dall\u2019alto. Si rischia di non recepire le reali esigenze della popolazione.<\/p>\n<p>Con Art. 1 si \u00e8 iniziato un lavoro di analisi dei disagi avvertiti dalla cittadinanza e una raccolta di informazioni tesa ad individuare i problemi legati alla vivibilit\u00e0 della citt\u00e0.<\/p>\n<p>Abbiamo cominciato dal quartiere Paradiso, ma in breve saremo in tutti gli altri quartieri per ascoltare la gente.<br \/>\nSi \u00e8 deciso di partire dalle aree pi\u00f9 svantaggiate, dove lo stato di degrado sta diventando irreversibile.<\/p>\n<p>Sar\u00e0 preparata dal nostro gruppo di lavoro una relazione con un elenco di osservazioni fatte dalla gente, osservazioni\u00a0di natura tecnica e sociale. Il nostro obiettivo e la nostra speranza \u00e8 \u00a0che \u00a0il tutto possa essere tenuto in considerazione nella pianificazione futura. Anche quella sulla mobilit\u00e0 urbana.<br \/>\nE\u2019 ora che\u00a0 i Brindisini siano\u00a0 partecipi nella pianificazione del proprio futuro.<\/p>\n<p>Questo territorio ha estrema necessit\u00e0 di riacquistare dignit\u00e0 e autodeterminazione.<br \/>\nPer anni, molte delle decisioni pi\u00f9 importanti sono state imposte dall\u2019esterno senza possibilit\u00e0 di replica.<br \/>\nL\u2019accordo quadro siglato in Comune deve essere l\u2019occasione per stimolare la partecipazione di tutti quelli che vivono la citt\u00e0 e i suoi problemi ed hanno idee per risolverli.<\/p>\n<p>&nbsp;<\/p>\n<p>A tal proposito invoglio \u00a0chiunque abbia idee e progetti in merito a contattare la sede del movimento attraverso la mail articolo1brindisi@gmail.com<\/p>\n<p>&nbsp;<\/p>\n<p>Il movimento \u00e8 aperto \u00a0e disponibile a qualsiasi collaborazione positiva che serva a voltare pagina e cambiare in meglio la citt\u00e0.<br \/>\nUna osservazione doverosa invece, riguarda la tempistica dell\u2019accordo quadro siglato. La stampa riferisce che non si \u00e8 dato un termine all\u2019espletamento delle attivit\u00e0.<br \/>\nIn tal senso mi viene da puntualizzare che questo non va per niente bene. Ogni accordo che si rispetti ha due parametri fondamentali. Il tempo ed i costi di realizzazione.<br \/>\nSi tratta di una attivit\u00e0 molto importante per lo sviluppo della citt\u00e0 e forse una maggiore precisione e trasparenza su tali aspetti era necessaria.<\/p>\n<p>&nbsp;<\/p>\n<p>&nbsp;<\/p>\n<p><strong>Paolo Perrino<\/strong><br \/>\n<strong> Componente Comitato Cittadino<\/strong><br \/>\n<strong> Articolo1 MDP Brindisi<\/strong><\/p>\n","protected":false},"excerpt":{"rendered":"<p>Leggo dalla stampa che il Comune di Brindisi ha avviato una collaborazione con la societ\u00e0 Stp e il Politecnico di Bari per la redazione di linee guida per un piano di mobilit\u00e0 sostenibile. Il 2 agosto \u00e8 stato siglato un accordo quadro. Nulla da dire sulle capacit\u00e0 dei soggetti coinvolti che mi sembrano tra i pi\u00f9 qualificati a poter predisporre un documento programmatico di tale importanza. Nulla da dire nemmeno sulla necessit\u00e0 di provvedere al pi\u00f9 presto alla redazione di piani necessari alla modernizzazione della citt\u00e0 ed al suo sviluppo sostenibile. Un ringraziamento va anche \u00a0al Commissario che dimostra di tentare di fare pi\u00f9 dell\u2019ordinario. Ogni impegno e azione in tal senso non pu\u00f2 che avere il plauso personale e di Articolo 1 Movimento Democratico e Progressista. &nbsp; Vorrei sollevare una allerta sul metodo. Mi viene il dubbio che per l\u2019ennesima volta la citt\u00e0 subir\u00e0 una pianificazione calata dall\u2019alto. Si rischia di non recepire le reali esigenze della popolazione. Con Art. 1 si \u00e8 iniziato un lavoro di analisi dei&#8230;<\/p>\n","protected":false},"author":2,"featured_media":98835,"comment_status":"open","ping_status":"closed","sticky":false,"template":"","format":"standard","meta":{"footnotes":""},"categories":[7],"tags":[3512],"class_list":["post-110304","post","type-post","status-publish","format-standard","has-post-thumbnail","hentry","category-news","tag-articolo-1"],"_links":{"self":[{"href":"https:\/\/www.brundisium.net\/index.php\/wp-json\/wp\/v2\/posts\/110304","targetHints":{"allow":["GET"]}}],"collection":[{"href":"https:\/\/www.brundisium.net\/index.php\/wp-json\/wp\/v2\/posts"}],"about":[{"href":"https:\/\/www.brundisium.net\/index.php\/wp-json\/wp\/v2\/types\/post"}],"author":[{"embeddable":true,"href":"https:\/\/www.brundisium.net\/index.php\/wp-json\/wp\/v2\/users\/2"}],"replies":[{"embeddable":true,"href":"https:\/\/www.brundisium.net\/index.php\/wp-json\/wp\/v2\/comments?post=110304"}],"version-history":[{"count":1,"href":"https:\/\/www.brundisium.net\/index.php\/wp-json\/wp\/v2\/posts\/110304\/revisions"}],"predecessor-version":[{"id":110305,"href":"https:\/\/www.brundisium.net\/index.php\/wp-json\/wp\/v2\/posts\/110304\/revisions\/110305"}],"wp:featuredmedia":[{"embeddable":true,"href":"https:\/\/www.brundisium.net\/index.php\/wp-json\/wp\/v2\/media\/98835"}],"wp:attachment":[{"href":"https:\/\/www.brundisium.net\/index.php\/wp-json\/wp\/v2\/media?parent=110304"}],"wp:term":[{"taxonomy":"category","embeddable":true,"href":"https:\/\/www.brundisium.net\/index.php\/wp-json\/wp\/v2\/categories?post=110304"},{"taxonomy":"post_tag","embeddable":true,"href":"https:\/\/www.brundisium.net\/index.php\/wp-json\/wp\/v2\/tags?post=110304"}],"curies":[{"name":"wp","href":"https:\/\/api.w.org\/{rel}","templated":true}]}}