{"id":110308,"date":"2017-08-03T13:43:58","date_gmt":"2017-08-03T11:43:58","guid":{"rendered":"http:\/\/www.brundisium.net\/?p=110308"},"modified":"2017-08-03T13:43:58","modified_gmt":"2017-08-03T11:43:58","slug":"sara-una-cooperativa-barese-a-gestire-lasilo-nido-le-coccinelle","status":"publish","type":"post","link":"https:\/\/www.brundisium.net\/index.php\/sara-una-cooperativa-barese-a-gestire-lasilo-nido-le-coccinelle\/","title":{"rendered":"Sar\u00e0 una cooperativa barese a gestire l&#8217;asilo nido &#8220;Le Coccinelle&#8221;"},"content":{"rendered":"<p>Sar\u00e0 la Societ\u00e0 cooperativa di Valenzando (Bari) \u201cI cuccioli dell\u2019aquilone\u201d il nuovo gestore dell\u2019asilo nido comunale di Francavilla Fontana \u201cLe coccinelle\u201d. La ditta barese si \u00e8 aggiudicata la gara indetta dall\u2019Amministrazione comunale, ottenendo il servizio per il periodo di un anno, prorogabile fino a un massimo di quattro. \u201cOggi pi\u00f9 che mai \u2013 spiega il sindaco Maurizio Bruno \u2013 siamo convinti della nostra scelta. Affidando a un privato la gestione dell\u2019asilo continueremo ad offrire ai nostri bambini un servizio di grande qualit\u00e0, garantendo allo stesso tempo il personale dipendente e risparmiando centinaia di migliaia di euro che potremo reinvestire nei servizi sociali aiutando chi \u00e8 pi\u00f9 in difficolt\u00e0. Sul fronte prettamente occupazionale i responsabili della cooperativa vincitrice, che vanta una consolidata esperienza nella cura della prima infanzia, hanno gi\u00e0 avviato i colloqui per la salvaguardia del personale della precedente gestione. Cos\u00ec come sono state avviate le procedure per la ricollocazione delle quattro dipendenti pubbliche negli uffici comunali\u201d.<br \/>\n\u201cPer i bambini \u2013 prosegue il primo cittadino \u2013 non cambier\u00e0 nulla. Se non in meglio. La qualit\u00e0 del servizio sar\u00e0 garantita, come \u00e8 ovvio che sia, dal rispetto delle disposizioni regionali in materia di standard, funzionamento e accreditamento. Avremo, in aggiunta ai precedenti servizi, anche la musicoterapia e la pet therapy. Le tariffe resteranno inoltre invariate, e anzi ci saranno delle riduzioni rispetto al passato, soprattutto a favore delle fasce pi\u00f9 basse\u201d.<br \/>\nL\u2019avviso per le preiscrizioni \u00e8 in via di pubblicazione.<\/p>\n<p>Comunicato stampa amministrazione comunale di Francavilla Fontana<\/p>\n","protected":false},"excerpt":{"rendered":"<p>Sar\u00e0 la Societ\u00e0 cooperativa di Valenzando (Bari) \u201cI cuccioli dell\u2019aquilone\u201d il nuovo gestore dell\u2019asilo nido comunale di Francavilla Fontana \u201cLe coccinelle\u201d. La ditta barese si \u00e8 aggiudicata la gara indetta dall\u2019Amministrazione comunale, ottenendo il servizio per il periodo di un anno, prorogabile fino a un massimo di quattro. \u201cOggi pi\u00f9 che mai \u2013 spiega il sindaco Maurizio Bruno \u2013 siamo convinti della nostra scelta. Affidando a un privato la gestione dell\u2019asilo continueremo ad offrire ai nostri bambini un servizio di grande qualit\u00e0, garantendo allo stesso tempo il personale dipendente e risparmiando centinaia di migliaia di euro che potremo reinvestire nei servizi sociali aiutando chi \u00e8 pi\u00f9 in difficolt\u00e0. Sul fronte prettamente occupazionale i responsabili della cooperativa vincitrice, che vanta una consolidata esperienza nella cura della prima infanzia, hanno gi\u00e0 avviato i colloqui per la salvaguardia del personale della precedente gestione. Cos\u00ec come sono state avviate le procedure per la ricollocazione delle quattro dipendenti pubbliche negli uffici comunali\u201d. \u201cPer i bambini \u2013 prosegue il primo cittadino \u2013 non cambier\u00e0 nulla. Se&#8230;<\/p>\n","protected":false},"author":2,"featured_media":98102,"comment_status":"open","ping_status":"closed","sticky":false,"template":"","format":"standard","meta":{"footnotes":""},"categories":[7],"tags":[27],"class_list":["post-110308","post","type-post","status-publish","format-standard","has-post-thumbnail","hentry","category-news","tag-francavilla"],"_links":{"self":[{"href":"https:\/\/www.brundisium.net\/index.php\/wp-json\/wp\/v2\/posts\/110308","targetHints":{"allow":["GET"]}}],"collection":[{"href":"https:\/\/www.brundisium.net\/index.php\/wp-json\/wp\/v2\/posts"}],"about":[{"href":"https:\/\/www.brundisium.net\/index.php\/wp-json\/wp\/v2\/types\/post"}],"author":[{"embeddable":true,"href":"https:\/\/www.brundisium.net\/index.php\/wp-json\/wp\/v2\/users\/2"}],"replies":[{"embeddable":true,"href":"https:\/\/www.brundisium.net\/index.php\/wp-json\/wp\/v2\/comments?post=110308"}],"version-history":[{"count":1,"href":"https:\/\/www.brundisium.net\/index.php\/wp-json\/wp\/v2\/posts\/110308\/revisions"}],"predecessor-version":[{"id":110309,"href":"https:\/\/www.brundisium.net\/index.php\/wp-json\/wp\/v2\/posts\/110308\/revisions\/110309"}],"wp:featuredmedia":[{"embeddable":true,"href":"https:\/\/www.brundisium.net\/index.php\/wp-json\/wp\/v2\/media\/98102"}],"wp:attachment":[{"href":"https:\/\/www.brundisium.net\/index.php\/wp-json\/wp\/v2\/media?parent=110308"}],"wp:term":[{"taxonomy":"category","embeddable":true,"href":"https:\/\/www.brundisium.net\/index.php\/wp-json\/wp\/v2\/categories?post=110308"},{"taxonomy":"post_tag","embeddable":true,"href":"https:\/\/www.brundisium.net\/index.php\/wp-json\/wp\/v2\/tags?post=110308"}],"curies":[{"name":"wp","href":"https:\/\/api.w.org\/{rel}","templated":true}]}}