{"id":110355,"date":"2017-08-04T09:28:19","date_gmt":"2017-08-04T07:28:19","guid":{"rendered":"http:\/\/www.brundisium.net\/?p=110355"},"modified":"2017-08-04T09:28:19","modified_gmt":"2017-08-04T07:28:19","slug":"sabato-5-si-inaugura-la-47-mostra-fasanese-dellartigianato","status":"publish","type":"post","link":"https:\/\/www.brundisium.net\/index.php\/sabato-5-si-inaugura-la-47-mostra-fasanese-dellartigianato\/","title":{"rendered":"Sabato 5 si inaugura la 47^ Mostra Fasanese dell\u2019Artigianato"},"content":{"rendered":"<p>Sabato 5 agosto alle ore 19.30 nel Palazzo dei congressi a Selva di Fasano (Br) si terr\u00e0 la cerimonia inaugurale della 47^ \u201cMostra Fasanese dell\u2019Artigianato\u201d organizzata dal Comune di Fasano in collaborazione con l\u2019associazione \u201cNuova ArtigianFaso\u201d. Condotta da Gino Bianco, presidente del locale circolo della stampa \u201cSecondo Adamo Nardelli\u201d, la cerimonia vedr\u00e0 la partecipazione del sindaco Francesco Zaccaria, del presidente della Provincia di Brindisi Maurizio Bruno, dell\u2019assessora comunale alle Attivit\u00e0 produttive Luana Amati, del consigliere regionale Fabiano Amati, del consigliere provinciale Giuseppe Pace, degli architetti-direttori artistici della Mostra Claudio Galeota e Fabrizio Frate.<\/p>\n<p>&nbsp;<\/p>\n<p>La rassegna, ad ingresso libero, rimarr\u00e0 aperta fino a domenica 20 agosto, visitabile dal luned\u00ec al venerd\u00ec dalle ore 18 alle 23, sabato dalle ore 18 alle 24, domenica dalle 10.30 alle ore 13 e dalle 18 alle 24. In esposizione manufatti in vetro, legno, marmo, pietra, creazioni sartoriali, filet, opere pittoriche, oltre ad uno stand extra del Comune di Fasano col materiale informativo sul territorio, dalle bellezze paesaggistiche ed ambientali al patrimonio culturale.<\/p>\n<p>&nbsp;<\/p>\n<p>Stasera nell\u2019ipogeo di \u201cBorgo San Marco\u201d, in agro di Fasano, l\u2019expo \u00e8 stata presentata in conferenza stampa ed il sindaco Zaccaria ha voluto sottolineare \u00abil carattere dell\u2019apertura verso l\u2019esterno che caratterizza la Mostra di quest\u2019anno, in un periodo storico difficile sul piano economico che deve spingere il settore a fare \u201crete\u201d. L\u2019Amministrazione comunale sostiene con forza l\u2019artigianato e ne promuove l\u2019attivit\u00e0 anche in contesti fuori regione e fuori Italia, come la partecipazione auspicata di alcuni nostri artigiani alla prossima esposizione di ottobre in Polonia, nella cittadina di Stettino, che \u00e8 un tentativo di \u201cesportare\u201d l\u2019intera Fasano, come fosse un brand\u00bb. \u00c8 toccato all\u2019assessora alle Attivit\u00e0 produttive Luana Amati lanciare un pensiero \u00abverso Giovanni Laguardia, presidente infaticabile di \u201cArtigianFaso\u201d che, purtroppo, per seri ed improvvisi problemi di salute \u2013 ha raccontato Amati &#8211; non siede qui accanto a noi questa sera, nonostante avesse cominciato a lavorare all\u2019allestimento della Mostra con il suo solito indefesso impegno. In ogni caso, le novit\u00e0 di questa expo partono proprio dall\u2019iniziativa di stasera qui a \u201cBorgo San Marco\u201d che deve essere interpretata come l\u2019inizio di una sorta di delocalizzazione della Mostra\u00bb. Gli architetti-direttori artistici dell\u2019esposizione Galeota e Frate hanno voluto sottolineare le ragioni del nome di questa edizione della Mostra, \u201cDai Portici al Portale\u201d, chiarendo che \u00abil tema dell&#8217;anno vuole innescare una riflessione critica sull&#8217;evoluzione del rapporto tra l&#8217;utilizzatore e il manufatto creato dall&#8217;artigiano: nel corso degli ultimi 60 anni la nostra economia e la nostra societ\u00e0, come preconizzato da Pasolini, si sono trasformate da produttiva a consumista, nel senso che mentre un paio di scarpe prima veniva creato ad hoc per una persona ed era unico e irripetibile, oggi c&#8217;\u00e8 un rapporto completamente stravolto tra l&#8217;oggetto e il consumatore finale. In quest&#8217;ottica \u2013 hanno annunciato Galeota e Frate &#8211; l&#8217;onda blu che si piega (la coreografia della Mostra che sar\u00e0 possibile ammirare da sabato, ndr), si deforma e si adatta allo spazio che ospita la mostra rappresenta il mezzo di comunicazione che accompagna il visitatore in un viaggio spazio-temporale. L&#8217;onda blu rimanda a uno degli elementi archetipici propri della nostra tradizione, il mare. Lo spazio centrale progettato nel salone principale del Palazzo dei congressi \u2013 hanno spiegato &#8211; rimanda allo spazio urbano storicamente deputato all&#8217;incontro e alla socializzazione di Fasano: i Portici. Cos\u00ec come l&#8217;artigianato dovrebbe cominciare a scendere a &#8220;compromessi col diavolo&#8221;, cio\u00e8 col digitale, cos\u00ec i Portici si smaterializzano mostrando, nelle arcate vicine al palco, la sola nuda struttura metallica. Il palco, rivestito di moquette blu, ospiter\u00e0 un gozzo, tipica piccola imbarcazione dei pescatori: questa barca arenata simboleggia metaforicamente come l&#8217;artigianato classico si sia arenato su &#8220;posizioni&#8221;, ahinoi, non al passo coi tempi. All&#8217;interno del gozzo e negli angoli vicini verranno gettati oggetti quotidiani di largo consumo\u00bb. Anche l\u2019architetto Martino Pinto, che col collega Luigi de Palma, ha allestito l\u2019installazione \u201cOmbre\u201d, proprio a \u201cBorgo San Marco\u201d, visitabile sabato 5 e domenica 6 agosto dalle ore 19 alle 21 con prenotazione al 333.4113404, ha sottolineato che \u00abquesta mostra nella \u201cMostra\u201d \u00e8 costituita da opere che sono espressione della sinergia fra l\u2019abilit\u00e0 del \u201cfare\u201d della maestria artigianale e la creativit\u00e0 del pensiero artistico. Ferro, argilla, vetro e resina sono i materiali plasmati per produrre oggetti la cui fruizione \u00e8 emotiva e va oltre l\u2019archetipo della forma\u00bb. E il suggestivo allestimento \u00e8 stato mostrato in anteprima agli organi di informazione.<\/p>\n<p>Incontri ed iniziative associati alla Mostra dell\u2019Artigianato Nell\u2019ambito della \u201cMostra Fasanese dell\u2019Artigianato\u201d, nel Palazzo dei congressi si terranno vari momenti pubblici: intanto, il convegno su \u201cArtigianato, lavoro, sviluppo. Dai vecchi problemi alle nuove opportunit\u00e0\u201d di luned\u00ec 7 agosto alle ore 18.30. Introdurr\u00e0 il consigliere provinciale Giuseppe Pace e moderer\u00e0 Anna Schena gli interventi del consigliere regionale Fabiano Amati, di Alessandra Pannaria, dirigente del settore Politiche attive del lavoro (Provincia di Brindisi), Anna Loparco, responsabile Centri impiego (Provincia di Brindisi), Anna Lobosco, dirigente Dipartimento Sviluppo economico (Regione Puglia), Domenico Laforgia, direttore dello stesso Dipartimento, Giuseppe Riccardi, direttore provinciale della Confederazione nazionale artigianato di Bari. Sono previsti i saluti del sen. Nicola Latorre, del neo-assessore regionale Mazzarano, del presidente della Provincia di Brindisi, Bruno, oltre che del sindaco di Fasano Zaccaria e della stessa assessora Luana Amati. Venerd\u00ec 11 agosto alle ore 18 nella Casina municipale \u00e8 previsto il convegno \u201cDonna e lavoro: quale occupazione possibile?\u201d nella quale sar\u00e0 presentata la mostra \u201cDonna e lavoro tra vecchi mestieri e nuove professioni\u201d ed alla quale interverranno, oltre agli stessi sindaco Zaccaria e assessora Amati, Francesca Bagni Cipriani, consigliera nazionale di parit\u00e0 (del ministero del Lavoro), Dina Nani, consigliera di parit\u00e0 della Provincia di Brindisi, Sonia Rubini, direttora della Cna di Brindisi. Dal 10 al 20 agosto tutti i pomeriggi dalle ore 17 alle 19 e la domenica dalle 11 alle 12 si terr\u00e0 \u201cTradizioni con le maniche\u201d, laboratorio gratuito di pittura su maglietta per bambini dai 5 anni in su. Prenotazioni alla curatrice del laboratorio Vittoria Olive al numero 3313824612. E, poi, un fitto calendario di iniziative organizzato dalla locale \u201cUniversit\u00e0 del tempo libero\u201d (presieduta da Palmina Cannone): intanto, tutti i giorni (escluso festivi), dalle ore 18.30 alle 20, i \u201cLaboratori didattici\u201d di Punto ago, Maglia e uncinetto, Filet, Tombolo, Chiacchierino, Arte e Fantasia, Ricamo, Intrecci e \u201cpanar\u00e8dde\u201d, Taglio e Cucito, Pasta fatta in casa che seguiranno questo calendario, luned\u00ec 7 e 14 agosto \u201cLaboratori di Punto ago\u201d con docente Anna Zantonini; di Maglia e uncinetto, con docente Madia Vinci; di Filet con docente Adriana Messina. Marted\u00ec 8 agosto il \u201cLaboratorio di Tombolo\u201d con docente Pasquina Calandrella. Mercoled\u00ec 9 e 16 agosto \u201cLaboratorio di Arte e Fantasia\u201d con docente Doriana Cardone. Gioved\u00ec 10 e 17 agosto \u201cLaboratori di Orecchiette e dintorni&#8230;pasta fatta in casa\u201d con Pasquina Calandrella e Adriana Messina; e di \u201cChiacchierino\u201d con docente Grazia Maellaro. Venerd\u00ec 11 e 18 agosto \u201cLaboratorio di Intrecci e panar\u00e8dde\u201d col maestro cestaio Mario Cofano.<\/p>\n<p>Oltre ai \u201cLaboratori didattici\u201d, l\u2019Utl proporr\u00e0 incontri pubblici gioved\u00ec 10 agosto alle ore 19 \u201cStorie e segreti dei Portici e delle &#8216;donne monache&#8217; di Fasano\u201d. Relatrice, la stessa presidente del sodalizio Palmina Cannone. Venerd\u00ec 11 agosto alle ore 19 \u201cC&#8217;erano una volta le masserie e la flora oggi dimenticata\u201d. Relatore, l\u2019agronomo Carlo Palmisano. Sabato 12 agosto, sempre alle 19 presentazione del catalogo \u201cI presepi del chiostro. Fantasia &#8211; Creativit\u00e0 &#8211; Artigianato\u201d, a cura della stessa Palmina Cannone, cui seguir\u00e0 alle 20.30 \u201cMusica al chiaro di luna\u201d col gruppo musicale dell&#8217;Utl, Antonio Sasso (fisarmonica), Pasquale Valente e Gino Guarini (chitarra), Mos\u00e8 Schiavone (voce). Sabato 19 agosto alle 19 \u201cE-state in movimento\u201d. Interverranno oltre alla stessa Palmina Cannone, i dottori Domenico De Mattia, Patrizio Cervellini e Silvia Zizzi, cui seguir\u00e0 alle 20.30 un momento musicale con lo stesso gruppo dell\u2019Utl.<\/p>\n<p>Gli espositori Saranno 34 gli espositori della \u201cMostra Fasanese dell\u2019Artigianato\u201d: la locale \u201cUniversit\u00e0 del tempo libero\u201d, \u201cPhoto Team Project \u2013 Fasano Expo\u201d (mostra fotografica), \u201cArte Studio\u201d (dipinti), Giuliana Trapani (bigiotteria), Marisa Bungaro (Filet), Rosa Argento (creazioni all\u2019uncinetto), Leonardo Argento (oggetti in pietra), Tommaso Muolo (sculture in legno d\u2019ulivo), Isa Pezzolla (filet), Genoveffa Ferrara (oggettistica e quadri), \u201cIdroklimatech\u201d (forni a legna e stufe), \u201cFer Project\u201d (sculture in ferro), Tommaso Marraffa (souvenir in pietra), \u201cArtigian Metal\u201d (lavorazioni in ferro), \u201cVetreria Fasanese\u201d (vetrate artistiche), \u201cPro.F.Al.\u201d (cancelli in ferro), \u201cSafs\u201d (infissi), \u201cForma d\u2019arte\u201d (manufatti in pietra ricostruita), \u201cDomo Style\u201d (arredamento in legno), Piero Schiavone (sculture zoomorfe in ferro), \u201cAlba Decor\u201d (decorazioni su manufatti), \u201cI lumi del faso\u201d (lumi artistici), Leonardo Malvoni (caminetti), Irma Cafiero (dipinti e grafica), Adelaide Forcella (vetrate artistiche), \u201cNista\u201d (murales), associazione \u201cPhotografiAmo\u201d (mostra fotografica sugli artigiani), \u201cSerman\u201d (serrande), Filomeno Di Pietro (mobili in legno), \u201cDaf Costruzioni srl\u201d (lavorazioni in resina e malte), Serena Semeraro (dipinti), \u201cProgresso Agricolo Fasano\u201d (olio evo), \u201cCopape Coop. srl\u201d (olio evo), \u201cMonsignore srl\u201d (olio evo e vini).<\/p>\n<p>Dott.ssa Paola Guarini<br \/>\nComune di Fasano<\/p>\n","protected":false},"excerpt":{"rendered":"<p>Sabato 5 agosto alle ore 19.30 nel Palazzo dei congressi a Selva di Fasano (Br) si terr\u00e0 la cerimonia inaugurale della 47^ \u201cMostra Fasanese dell\u2019Artigianato\u201d organizzata dal Comune di Fasano in collaborazione con l\u2019associazione \u201cNuova ArtigianFaso\u201d. Condotta da Gino Bianco, presidente del locale circolo della stampa \u201cSecondo Adamo Nardelli\u201d, la cerimonia vedr\u00e0 la partecipazione del sindaco Francesco Zaccaria, del presidente della Provincia di Brindisi Maurizio Bruno, dell\u2019assessora comunale alle Attivit\u00e0 produttive Luana Amati, del consigliere regionale Fabiano Amati, del consigliere provinciale Giuseppe Pace, degli architetti-direttori artistici della Mostra Claudio Galeota e Fabrizio Frate. &nbsp; La rassegna, ad ingresso libero, rimarr\u00e0 aperta fino a domenica 20 agosto, visitabile dal luned\u00ec al venerd\u00ec dalle ore 18 alle 23, sabato dalle ore 18 alle 24, domenica dalle 10.30 alle ore 13 e dalle 18 alle 24. In esposizione manufatti in vetro, legno, marmo, pietra, creazioni sartoriali, filet, opere pittoriche, oltre ad uno stand extra del Comune di Fasano col materiale informativo sul territorio, dalle bellezze paesaggistiche ed ambientali al patrimonio culturale. &nbsp; Stasera&#8230;<\/p>\n","protected":false},"author":2,"featured_media":109768,"comment_status":"open","ping_status":"closed","sticky":false,"template":"","format":"standard","meta":{"footnotes":""},"categories":[7],"tags":[244,4660],"class_list":["post-110355","post","type-post","status-publish","format-standard","has-post-thumbnail","hentry","category-news","tag-fasano","tag-mostra-fasanese-dellartigianato"],"_links":{"self":[{"href":"https:\/\/www.brundisium.net\/index.php\/wp-json\/wp\/v2\/posts\/110355","targetHints":{"allow":["GET"]}}],"collection":[{"href":"https:\/\/www.brundisium.net\/index.php\/wp-json\/wp\/v2\/posts"}],"about":[{"href":"https:\/\/www.brundisium.net\/index.php\/wp-json\/wp\/v2\/types\/post"}],"author":[{"embeddable":true,"href":"https:\/\/www.brundisium.net\/index.php\/wp-json\/wp\/v2\/users\/2"}],"replies":[{"embeddable":true,"href":"https:\/\/www.brundisium.net\/index.php\/wp-json\/wp\/v2\/comments?post=110355"}],"version-history":[{"count":1,"href":"https:\/\/www.brundisium.net\/index.php\/wp-json\/wp\/v2\/posts\/110355\/revisions"}],"predecessor-version":[{"id":110356,"href":"https:\/\/www.brundisium.net\/index.php\/wp-json\/wp\/v2\/posts\/110355\/revisions\/110356"}],"wp:featuredmedia":[{"embeddable":true,"href":"https:\/\/www.brundisium.net\/index.php\/wp-json\/wp\/v2\/media\/109768"}],"wp:attachment":[{"href":"https:\/\/www.brundisium.net\/index.php\/wp-json\/wp\/v2\/media?parent=110355"}],"wp:term":[{"taxonomy":"category","embeddable":true,"href":"https:\/\/www.brundisium.net\/index.php\/wp-json\/wp\/v2\/categories?post=110355"},{"taxonomy":"post_tag","embeddable":true,"href":"https:\/\/www.brundisium.net\/index.php\/wp-json\/wp\/v2\/tags?post=110355"}],"curies":[{"name":"wp","href":"https:\/\/api.w.org\/{rel}","templated":true}]}}