{"id":110472,"date":"2017-08-05T21:03:02","date_gmt":"2017-08-05T19:03:02","guid":{"rendered":"http:\/\/www.brundisium.net\/?p=110472"},"modified":"2017-08-05T21:03:02","modified_gmt":"2017-08-05T19:03:02","slug":"libia-immigrazione-isis-e-le-colpe-delloccidente-il-sen-latorre-e-fabrizio-maltinti-ne-parleranno-martedi-8-a-selva-di-fasano","status":"publish","type":"post","link":"https:\/\/www.brundisium.net\/index.php\/libia-immigrazione-isis-e-le-colpe-delloccidente-il-sen-latorre-e-fabrizio-maltinti-ne-parleranno-martedi-8-a-selva-di-fasano\/","title":{"rendered":"Libia, Immigrazione, Isis e le colpe dell&#8217;Occidente. Il sen. Latorre e Fabrizio Maltinti ne parleranno marted\u00ec 8 a Selva di Fasano"},"content":{"rendered":"<p><a href=\"http:\/\/www.brundisium.net\/brun\/wp-content\/uploads\/2017\/08\/fabrizio-maltinti.jpg\"><img loading=\"lazy\" decoding=\"async\" class=\"alignleft size-medium wp-image-110474\" src=\"http:\/\/www.brundisium.net\/brun\/wp-content\/uploads\/2017\/08\/fabrizio-maltinti-300x279.jpg\" alt=\"\" width=\"300\" height=\"279\" srcset=\"https:\/\/www.brundisium.net\/brun\/wp-content\/uploads\/2017\/08\/fabrizio-maltinti-300x279.jpg 300w, https:\/\/www.brundisium.net\/brun\/wp-content\/uploads\/2017\/08\/fabrizio-maltinti-768x714.jpg 768w, https:\/\/www.brundisium.net\/brun\/wp-content\/uploads\/2017\/08\/fabrizio-maltinti.jpg 861w\" sizes=\"auto, (max-width: 300px) 100vw, 300px\" \/><\/a>\u201cL\u2019eredit\u00e0 del profeta. Da Maometto all\u2019Isis. Le colpe dell\u2019Occidente\u201d \u00e8 il libro di Fabrizio Maltinti (Hobos Edizioni) che sar\u00e0 presentato marted\u00ec 8 agosto alle ore 19 nella suggestiva, ed appropriata location (dato il tema del volume) del Minareto, a Selva di Fasano (Br). Con Maltinti dialogher\u00e0 il sen. Nicola Latorre, presidente della commissione permanente Difesa, mentre coordiner\u00e0 il dibattito il giornalista Vittorio Bruno Stamerra.<\/p>\n<p>&nbsp;<\/p>\n<p>L\u2019appuntamento rientra nell\u2019ambito di \u201cSelva In Festival. Culture-Arti-Paesaggi\u201d, la rassegna estiva di appuntamenti teatrali, musicali, letterari ed artistici messa a punto dal Comune di Fasano, curata dallo scrittore-archeologo Vito Bianchi, in collaborazione col Teatro Pubblico Pugliese e, per questa iniziativa, con il locale circolo della stampa \u201cSecondo Adamo Nardelli\u201d e con l\u2019associazione \u201cPro Selva\u201d.<\/p>\n<p>&nbsp;<\/p>\n<p>Introdurranno l\u2019incontro (ad ingresso libero) lo stesso Bianchi, oltre a Gino Bianco, presidente del circolo della stampa \u201cSecondo Adamo Nardelli\u201d, ed a Rosanna Petruzzi, presidente della \u201cPro Selva\u201d.<\/p>\n<p>&nbsp;<\/p>\n<p>Maltinti, laureato in Scienze Politiche e delle Relazioni internazionali, e per oltre 40 anni ufficiale della Marina militare (in forza nella Brigata Marina San Marco) \u00e8 esperto di strategia e di relazioni internazionali. A Mons, in Belgio, nel 1999, durante la crisi Kosovara, \u00e8 stato anche portavoce della NATO nel corso di svariate live press-conferences. \u00c8 stato impiegato nei vari Teatri Operativi nei quali il Reparto ha operato (Beirut, Libano 1982-1984; Mogadiscio, Somalia 1992-1994; Sarajevo, Bosnia-Erzegovina 1995-1996; Pristina, Kosovo 1999-2004; Naqura, Libano 2006) e negli Alti Comandi NATO di Napoli (1994-1998). Nel 2004 ha comandato la Riserva Strategica NATO a Pristina, Kosovo durante le elezioni politiche. Dal 2009 al 2012 (anno del suo collocamento a riposo), ha prestato servizio a Tolone (Francia) dove ha svolto l\u2019incarico di Rappresentante della Marina Militare Italiana presso la Marina Militare Francese.<\/p>\n<p>&nbsp;<\/p>\n<p>La sua attenzione verso i conflitti e le dinamiche internazionali continua ancora oggi dove, attraverso un\u2019attenta, obiettiva e documentata analisi, prova a ricercare la verit\u00e0.<\/p>\n<p>&nbsp;<\/p>\n<p>Il libro Il libro \u201cL\u2019eredit\u00e0 del Profeta \u2013 da Maometto all\u2019Isis. Le colpe dell\u2019Occidente\u201d nasce da una ricerca dell\u2019autore dettata dal desiderio di tentare di spiegare l\u2019attuale situazione del Vicino Oriente ed il fenomeno Isis, attraverso un\u2019analisi storico-strategica degli ultimi 1350 anni.<\/p>\n<p>&nbsp;<\/p>\n<p>Ha preso vita, cos\u00ec, questo libro-manuale che prova a spiegare le cause \u201cesogene\u201d della nascita dell\u2019attuale terrorismo di marca jihadista, partendo dal Profeta Maometto e dalla storia del primo Islam, passando attraverso gli avvenimenti principali avvenuti nei Paesi del Maghreb e del Vicino Oriente negli anni del primo e secondo Dopoguerra, negli anni \u201960 e \u201970 con il Nazionalismo sociale arabo, fino ad arrivare ai fatti di attualit\u00e0, senza tralasciare gli avvenimenti accaduti in Afghanistan ed in Iran. Tutto ci\u00f2 evidenziando le responsabilit\u00e0 della politica dell\u2019Occidente in quei territori. Il libro si conclude con un\u2019analisi di come l\u2019Occidente pretenda di combattere il terrorismo e di come, invece &#8211; a parere dell\u2019autore &#8211; dovrebbe combatterlo se volesse veramente sconfiggere questo raccapricciante fenomeno.<\/p>\n<p>&nbsp;<\/p>\n<p><strong> Comune di Fasano<\/strong><\/p>\n","protected":false},"excerpt":{"rendered":"<p>\u201cL\u2019eredit\u00e0 del profeta. Da Maometto all\u2019Isis. Le colpe dell\u2019Occidente\u201d \u00e8 il libro di Fabrizio Maltinti (Hobos Edizioni) che sar\u00e0 presentato marted\u00ec 8 agosto alle ore 19 nella suggestiva, ed appropriata location (dato il tema del volume) del Minareto, a Selva di Fasano (Br). Con Maltinti dialogher\u00e0 il sen. Nicola Latorre, presidente della commissione permanente Difesa, mentre coordiner\u00e0 il dibattito il giornalista Vittorio Bruno Stamerra. &nbsp; L\u2019appuntamento rientra nell\u2019ambito di \u201cSelva In Festival. Culture-Arti-Paesaggi\u201d, la rassegna estiva di appuntamenti teatrali, musicali, letterari ed artistici messa a punto dal Comune di Fasano, curata dallo scrittore-archeologo Vito Bianchi, in collaborazione col Teatro Pubblico Pugliese e, per questa iniziativa, con il locale circolo della stampa \u201cSecondo Adamo Nardelli\u201d e con l\u2019associazione \u201cPro Selva\u201d. &nbsp; Introdurranno l\u2019incontro (ad ingresso libero) lo stesso Bianchi, oltre a Gino Bianco, presidente del circolo della stampa \u201cSecondo Adamo Nardelli\u201d, ed a Rosanna Petruzzi, presidente della \u201cPro Selva\u201d. &nbsp; Maltinti, laureato in Scienze Politiche e delle Relazioni internazionali, e per oltre 40 anni ufficiale della Marina militare (in forza nella&#8230;<\/p>\n","protected":false},"author":2,"featured_media":110473,"comment_status":"open","ping_status":"closed","sticky":false,"template":"","format":"standard","meta":{"footnotes":""},"categories":[224,7],"tags":[244],"class_list":["post-110472","post","type-post","status-publish","format-standard","has-post-thumbnail","hentry","category-libri","category-news","tag-fasano"],"_links":{"self":[{"href":"https:\/\/www.brundisium.net\/index.php\/wp-json\/wp\/v2\/posts\/110472","targetHints":{"allow":["GET"]}}],"collection":[{"href":"https:\/\/www.brundisium.net\/index.php\/wp-json\/wp\/v2\/posts"}],"about":[{"href":"https:\/\/www.brundisium.net\/index.php\/wp-json\/wp\/v2\/types\/post"}],"author":[{"embeddable":true,"href":"https:\/\/www.brundisium.net\/index.php\/wp-json\/wp\/v2\/users\/2"}],"replies":[{"embeddable":true,"href":"https:\/\/www.brundisium.net\/index.php\/wp-json\/wp\/v2\/comments?post=110472"}],"version-history":[{"count":1,"href":"https:\/\/www.brundisium.net\/index.php\/wp-json\/wp\/v2\/posts\/110472\/revisions"}],"predecessor-version":[{"id":110475,"href":"https:\/\/www.brundisium.net\/index.php\/wp-json\/wp\/v2\/posts\/110472\/revisions\/110475"}],"wp:featuredmedia":[{"embeddable":true,"href":"https:\/\/www.brundisium.net\/index.php\/wp-json\/wp\/v2\/media\/110473"}],"wp:attachment":[{"href":"https:\/\/www.brundisium.net\/index.php\/wp-json\/wp\/v2\/media?parent=110472"}],"wp:term":[{"taxonomy":"category","embeddable":true,"href":"https:\/\/www.brundisium.net\/index.php\/wp-json\/wp\/v2\/categories?post=110472"},{"taxonomy":"post_tag","embeddable":true,"href":"https:\/\/www.brundisium.net\/index.php\/wp-json\/wp\/v2\/tags?post=110472"}],"curies":[{"name":"wp","href":"https:\/\/api.w.org\/{rel}","templated":true}]}}