{"id":110491,"date":"2017-08-07T09:42:27","date_gmt":"2017-08-07T07:42:27","guid":{"rendered":"http:\/\/www.brundisium.net\/?p=110491"},"modified":"2017-08-07T09:42:27","modified_gmt":"2017-08-07T07:42:27","slug":"colpo-della-junior-fasano-tesserato-il-terzino-della-nazionale-giulio-venturi","status":"publish","type":"post","link":"https:\/\/www.brundisium.net\/index.php\/colpo-della-junior-fasano-tesserato-il-terzino-della-nazionale-giulio-venturi\/","title":{"rendered":"Colpo della Junior Fasano: tesserato il terzino della nazionale Giulio Venturi"},"content":{"rendered":"<p>Avr\u00e0 inizio nella giornata di oggi, luned\u00ec 7 agosto, la preparazione atletica della Junior Fasano in vista della stagione 2017\/18, che avr\u00e0 inizio il 16 settembre con la prima di campionato tra la formazione allenata da Francesco Ancona ed il Noci.<\/p>\n<p>&nbsp;<\/p>\n<p>A causa degli impegni in EHF Cup del Bolzano, \u00e8 infatti slittata al 21 ottobre la gara valida per la Supercoppa Italiana tra il team alto-atesino e la compagine capitanata da Flavio Messina, inizialmente prevista per il 9 settembre.<\/p>\n<p>&nbsp;<\/p>\n<p>Ad arricchire notevolmente la rosa della Junior Fasano \u00e8 intanto giunto il terzino destro Giulio Venturi, atleta cresciuto nelle giovanili della Pallamano Bologna 85 e poi passato nelle file del Bologna United (con cui ha disputato due finali scudetto nel 2007 e nel 2011, ed una semifinale di Challenge Cup nel 2010), Cassano Magnago, Romagna e Carpi.<\/p>\n<p>Il mancino, classe \u201989, \u00e8 inoltre da diversi anni nel giro della nazionale maggiore, con la quale ha disputato una trentina di gare, oltre alle molteplici presenze con le selezioni giovanili.<\/p>\n<p>&nbsp;<\/p>\n<p>Queste le prime parole di Giulio Venturi dopo aver firmato per il sodalizio presieduto da Francesco Renna: &#8220;Sono contentissimo di aver accettato la chiamata di una societ\u00e0 prestigiosa come la Junior Fasano, che da anni si contende tutti i titoli con il Bolzano e sar\u00e0 molto stimolante fare parte di un gruppo cos\u00ec affermato. Non vedo l&#8217;ora di iniziare, sono molto carico e motivato per lottare insieme ai miei compagni per toglierci tante soddisfazioni e vincere il pi\u00f9 possibile&#8221;.<\/p>\n<p>&nbsp;<\/p>\n<p><strong>UFFICIO STAMPA JUNIOR FASANO<\/strong><\/p>\n","protected":false},"excerpt":{"rendered":"<p>Avr\u00e0 inizio nella giornata di oggi, luned\u00ec 7 agosto, la preparazione atletica della Junior Fasano in vista della stagione 2017\/18, che avr\u00e0 inizio il 16 settembre con la prima di campionato tra la formazione allenata da Francesco Ancona ed il Noci. &nbsp; A causa degli impegni in EHF Cup del Bolzano, \u00e8 infatti slittata al 21 ottobre la gara valida per la Supercoppa Italiana tra il team alto-atesino e la compagine capitanata da Flavio Messina, inizialmente prevista per il 9 settembre. &nbsp; Ad arricchire notevolmente la rosa della Junior Fasano \u00e8 intanto giunto il terzino destro Giulio Venturi, atleta cresciuto nelle giovanili della Pallamano Bologna 85 e poi passato nelle file del Bologna United (con cui ha disputato due finali scudetto nel 2007 e nel 2011, ed una semifinale di Challenge Cup nel 2010), Cassano Magnago, Romagna e Carpi. Il mancino, classe \u201989, \u00e8 inoltre da diversi anni nel giro della nazionale maggiore, con la quale ha disputato una trentina di gare, oltre alle molteplici presenze con le selezioni giovanili&#8230;.<\/p>\n","protected":false},"author":2,"featured_media":110493,"comment_status":"open","ping_status":"closed","sticky":false,"template":"","format":"standard","meta":{"footnotes":""},"categories":[263],"tags":[264],"class_list":["post-110491","post","type-post","status-publish","format-standard","has-post-thumbnail","hentry","category-pallamano","tag-junior-fasano"],"_links":{"self":[{"href":"https:\/\/www.brundisium.net\/index.php\/wp-json\/wp\/v2\/posts\/110491","targetHints":{"allow":["GET"]}}],"collection":[{"href":"https:\/\/www.brundisium.net\/index.php\/wp-json\/wp\/v2\/posts"}],"about":[{"href":"https:\/\/www.brundisium.net\/index.php\/wp-json\/wp\/v2\/types\/post"}],"author":[{"embeddable":true,"href":"https:\/\/www.brundisium.net\/index.php\/wp-json\/wp\/v2\/users\/2"}],"replies":[{"embeddable":true,"href":"https:\/\/www.brundisium.net\/index.php\/wp-json\/wp\/v2\/comments?post=110491"}],"version-history":[{"count":1,"href":"https:\/\/www.brundisium.net\/index.php\/wp-json\/wp\/v2\/posts\/110491\/revisions"}],"predecessor-version":[{"id":110494,"href":"https:\/\/www.brundisium.net\/index.php\/wp-json\/wp\/v2\/posts\/110491\/revisions\/110494"}],"wp:featuredmedia":[{"embeddable":true,"href":"https:\/\/www.brundisium.net\/index.php\/wp-json\/wp\/v2\/media\/110493"}],"wp:attachment":[{"href":"https:\/\/www.brundisium.net\/index.php\/wp-json\/wp\/v2\/media?parent=110491"}],"wp:term":[{"taxonomy":"category","embeddable":true,"href":"https:\/\/www.brundisium.net\/index.php\/wp-json\/wp\/v2\/categories?post=110491"},{"taxonomy":"post_tag","embeddable":true,"href":"https:\/\/www.brundisium.net\/index.php\/wp-json\/wp\/v2\/tags?post=110491"}],"curies":[{"name":"wp","href":"https:\/\/api.w.org\/{rel}","templated":true}]}}