{"id":110774,"date":"2017-08-10T10:02:33","date_gmt":"2017-08-10T08:02:33","guid":{"rendered":"http:\/\/www.brundisium.net\/?p=110774"},"modified":"2017-08-14T10:02:18","modified_gmt":"2017-08-14T08:02:18","slug":"apnea-a-torre-guaceto-uno-spettacolo-naturalistico-unico-al-mondo","status":"publish","type":"post","link":"https:\/\/www.brundisium.net\/index.php\/apnea-a-torre-guaceto-uno-spettacolo-naturalistico-unico-al-mondo\/","title":{"rendered":"Apnea a Torre Guaceto: uno spettacolo naturalistico unico al mondo"},"content":{"rendered":"<p><a href=\"http:\/\/www.brundisium.net\/brun\/wp-content\/uploads\/2017\/08\/apnea-torre-guaceto-1.png\"><img loading=\"lazy\" decoding=\"async\" class=\"alignleft size-medium wp-image-110775\" src=\"http:\/\/www.brundisium.net\/brun\/wp-content\/uploads\/2017\/08\/apnea-torre-guaceto-1-300x169.png\" alt=\"\" width=\"300\" height=\"169\" srcset=\"https:\/\/www.brundisium.net\/brun\/wp-content\/uploads\/2017\/08\/apnea-torre-guaceto-1-300x169.png 300w, https:\/\/www.brundisium.net\/brun\/wp-content\/uploads\/2017\/08\/apnea-torre-guaceto-1-768x432.png 768w, https:\/\/www.brundisium.net\/brun\/wp-content\/uploads\/2017\/08\/apnea-torre-guaceto-1-1024x576.png 1024w, https:\/\/www.brundisium.net\/brun\/wp-content\/uploads\/2017\/08\/apnea-torre-guaceto-1.png 1366w\" sizes=\"auto, (max-width: 300px) 100vw, 300px\" \/><\/a>\u00a0 Negli scorsi giorni, il Consorzio di Gestione di Torre Guaceto ha organizzato con l\u2019associazione \u201cPassione apnea\u201d una giornata dedicata alla scoperta dell\u2019Area Marina Protetta da parte degli sportivi del gruppo.<\/p>\n<p>&nbsp;<\/p>\n<p>La prima parte della giornata si \u00e8 incentrata sulla divulgazione presso gli utenti delle ragioni che hanno fatto di Torre Guaceto un\u2019area protetta da leggi internazionali e di interesse mediterraneo.<\/p>\n<p>&nbsp;<\/p>\n<p><a href=\"http:\/\/www.brundisium.net\/brun\/wp-content\/uploads\/2017\/08\/apnea-torre-guaceto-2.png\"><img loading=\"lazy\" decoding=\"async\" class=\"size-medium wp-image-110777 alignright\" src=\"http:\/\/www.brundisium.net\/brun\/wp-content\/uploads\/2017\/08\/apnea-torre-guaceto-2-300x169.png\" alt=\"\" width=\"300\" height=\"169\" srcset=\"https:\/\/www.brundisium.net\/brun\/wp-content\/uploads\/2017\/08\/apnea-torre-guaceto-2-300x169.png 300w, https:\/\/www.brundisium.net\/brun\/wp-content\/uploads\/2017\/08\/apnea-torre-guaceto-2-768x432.png 768w, https:\/\/www.brundisium.net\/brun\/wp-content\/uploads\/2017\/08\/apnea-torre-guaceto-2-1024x576.png 1024w, https:\/\/www.brundisium.net\/brun\/wp-content\/uploads\/2017\/08\/apnea-torre-guaceto-2.png 1366w\" sizes=\"auto, (max-width: 300px) 100vw, 300px\" \/><br \/>\n<\/a>Gli amici di \u201cPassione apnea\u201d hanno colto e fatto proprio lo spirito ambientalista che dovrebbe animare tutti i visitatori della Riserva, ma non solo. L\u2019ente gestore gli ha riservato due splendide sorprese.<\/p>\n<p>&nbsp;<\/p>\n<p>Il biologo faunista di Torre Guaceto ha spiegato agli apneisti le peculiarit\u00e0 delle tartarughe marine e raccontato loro della necessit\u00e0 che questi animali vengano protetti, cos\u00ec come si fa in Riserva anche attraverso le cure che vengono riservate agli animali in difficolt\u00e0 presso il Centro Recupero Tartarughe Marine \u201cLuigi Cantoro\u201d.<\/p>\n<p>&nbsp;<\/p>\n<p>Dopodich\u00e9 l\u2019inaspettato incontro. Gli sportivi hanno avuto modo di conoscere due delle Caretta caretta recuperate e curate a Torre Guaceto e, riacquistata la perfetta forma fisica, pronte per tornare alla vita vera: quella di animali liberi. E a rimetterle in mare, ci hanno pensato gli stessi amici di \u201cPassione apnea\u201d.<\/p>\n<p>&nbsp;<\/p>\n<p><a href=\"http:\/\/www.brundisium.net\/brun\/wp-content\/uploads\/2017\/08\/apnea-torre-guaceto-4.png\"><img loading=\"lazy\" decoding=\"async\" class=\"alignleft size-medium wp-image-110780\" src=\"http:\/\/www.brundisium.net\/brun\/wp-content\/uploads\/2017\/08\/apnea-torre-guaceto-4-300x169.png\" alt=\"\" width=\"300\" height=\"169\" srcset=\"https:\/\/www.brundisium.net\/brun\/wp-content\/uploads\/2017\/08\/apnea-torre-guaceto-4-300x169.png 300w, https:\/\/www.brundisium.net\/brun\/wp-content\/uploads\/2017\/08\/apnea-torre-guaceto-4-768x432.png 768w, https:\/\/www.brundisium.net\/brun\/wp-content\/uploads\/2017\/08\/apnea-torre-guaceto-4-1024x576.png 1024w, https:\/\/www.brundisium.net\/brun\/wp-content\/uploads\/2017\/08\/apnea-torre-guaceto-4.png 1366w\" sizes=\"auto, (max-width: 300px) 100vw, 300px\" \/><br \/>\n<\/a>Successivamente, gli apneisti si sono cimentati nell\u2019attivit\u00e0 sportiva vera e propria con la discesa sui fondali dell\u2019Area Marina Protetta.<\/p>\n<p>&nbsp;<\/p>\n<p>Successivamente, si \u00e8 passati allo snorkeling in coppia, attivit\u00e0 nel corso della quale gli sportivi hanno svolto un vero e proprio safari marino con tanto di shooting fotografico e video sui fondali.<\/p>\n<p>&nbsp;<\/p>\n<p>A coadiuvare il personale del Consorzio nelle operazioni necessarie affinch\u00e9 le attivit\u00e0 venissero svolte in sicurezza, gli uomini della Capitaneria di Porto di Brindisi.<\/p>\n<p>&nbsp;<\/p>\n<p>&#8220;Noi di \u2018Passione apnea\u2019 \u2013 ha raccontato Teddy Sciurti, presidente dell\u2019associazione \u2013 siamo una realt\u00e0 relativamente giovane certificata dal Coni e finalizzata alla promozione sportiva. Nell\u2019ultimo periodo ho iniziato ad avvertire la necessit\u00e0 di andare oltre il mero sport, di fare del mio meglio per la sensibilizzazione del mio gruppo sul fronte ambiente e affinch\u00e9 ciascuno di noi conosca meglio il nostro stesso territorio. Questo perch\u00e9 abbiamo un\u2019area protetta a due passi da casa che \u00e8 una delle migliori in Italia, ma che la maggior parte di noi conosce poco o non conosce affatto: Torre Guaceto. Il Consorzio ha accolto con entusiasmo la nostra proposta di collaborazione per l\u2019organizzazione di una giornata in AMP. E devo dire che \u00e8 stato fantastico. Siamo rimasti tutti estasiati dalla Riserva marina e dalla sua fauna. Nuotando sui suoi fondali, ci \u00e8 sembrato di aver fatto un salto indietro nel tempo di 50 anni, a quando il mare era pieno di pesci con numerosissimi esemplari per specie e altrettante specie diverse. Tutti i pesci erano tranquilli, tanto da farsi avvicinare senza nuotare via. Siamo rimasti tanto estasiati da questa esperienza che, bench\u00e9 la maggior parte di noi abbia l\u2019hobby della pesca, nessuno ha pensato per un attimo alla caccia. L\u2019apnea \u00e8 un percorso introspettivo che ti porta a vivere in simbiosi con l\u2019ambiente circostante, aver avuto l\u2019opportunit\u00e0 di immergerci nel vero senso della parola a Torre Guaceto ci ha resi davvero felici. Questa esperienza &#8211; ha concluso Sciurti &#8211; ha lasciato il proprio segno, ora vogliamo dedicarci anche all\u2019osservazione sottomarina\u201d.<\/p>\n<p>&nbsp;<\/p>\n<p>Il video<\/p>\n<p><iframe loading=\"lazy\" title=\"&quot;Passione Apnea alla scoperta di Torre Guaceto: qui c&#039;\u00e8 uno spettacolo&quot;\" width=\"500\" height=\"281\" src=\"https:\/\/www.youtube.com\/embed\/u2nhu57eQVc?feature=oembed\" frameborder=\"0\" allow=\"accelerometer; autoplay; clipboard-write; encrypted-media; gyroscope; picture-in-picture; web-share\" referrerpolicy=\"strict-origin-when-cross-origin\" allowfullscreen><\/iframe><\/p>\n<p>&nbsp;<\/p>\n<p><strong>COMUNICAZIONE CONSORZIO DI GESTIONE DI TORRE GUACETO<\/strong><\/p>\n","protected":false},"excerpt":{"rendered":"<p>\u00a0 Negli scorsi giorni, il Consorzio di Gestione di Torre Guaceto ha organizzato con l\u2019associazione \u201cPassione apnea\u201d una giornata dedicata alla scoperta dell\u2019Area Marina Protetta da parte degli sportivi del gruppo. &nbsp; La prima parte della giornata si \u00e8 incentrata sulla divulgazione presso gli utenti delle ragioni che hanno fatto di Torre Guaceto un\u2019area protetta da leggi internazionali e di interesse mediterraneo. &nbsp; Gli amici di \u201cPassione apnea\u201d hanno colto e fatto proprio lo spirito ambientalista che dovrebbe animare tutti i visitatori della Riserva, ma non solo. L\u2019ente gestore gli ha riservato due splendide sorprese. &nbsp; Il biologo faunista di Torre Guaceto ha spiegato agli apneisti le peculiarit\u00e0 delle tartarughe marine e raccontato loro della necessit\u00e0 che questi animali vengano protetti, cos\u00ec come si fa in Riserva anche attraverso le cure che vengono riservate agli animali in difficolt\u00e0 presso il Centro Recupero Tartarughe Marine \u201cLuigi Cantoro\u201d. &nbsp; Dopodich\u00e9 l\u2019inaspettato incontro. Gli sportivi hanno avuto modo di conoscere due delle Caretta caretta recuperate e curate a Torre Guaceto e, riacquistata la&#8230;<\/p>\n","protected":false},"author":2,"featured_media":110778,"comment_status":"open","ping_status":"closed","sticky":false,"template":"","format":"standard","meta":{"footnotes":""},"categories":[7],"tags":[1126],"class_list":["post-110774","post","type-post","status-publish","format-standard","has-post-thumbnail","hentry","category-news","tag-torre-guaceto"],"_links":{"self":[{"href":"https:\/\/www.brundisium.net\/index.php\/wp-json\/wp\/v2\/posts\/110774","targetHints":{"allow":["GET"]}}],"collection":[{"href":"https:\/\/www.brundisium.net\/index.php\/wp-json\/wp\/v2\/posts"}],"about":[{"href":"https:\/\/www.brundisium.net\/index.php\/wp-json\/wp\/v2\/types\/post"}],"author":[{"embeddable":true,"href":"https:\/\/www.brundisium.net\/index.php\/wp-json\/wp\/v2\/users\/2"}],"replies":[{"embeddable":true,"href":"https:\/\/www.brundisium.net\/index.php\/wp-json\/wp\/v2\/comments?post=110774"}],"version-history":[{"count":1,"href":"https:\/\/www.brundisium.net\/index.php\/wp-json\/wp\/v2\/posts\/110774\/revisions"}],"predecessor-version":[{"id":110781,"href":"https:\/\/www.brundisium.net\/index.php\/wp-json\/wp\/v2\/posts\/110774\/revisions\/110781"}],"wp:featuredmedia":[{"embeddable":true,"href":"https:\/\/www.brundisium.net\/index.php\/wp-json\/wp\/v2\/media\/110778"}],"wp:attachment":[{"href":"https:\/\/www.brundisium.net\/index.php\/wp-json\/wp\/v2\/media?parent=110774"}],"wp:term":[{"taxonomy":"category","embeddable":true,"href":"https:\/\/www.brundisium.net\/index.php\/wp-json\/wp\/v2\/categories?post=110774"},{"taxonomy":"post_tag","embeddable":true,"href":"https:\/\/www.brundisium.net\/index.php\/wp-json\/wp\/v2\/tags?post=110774"}],"curies":[{"name":"wp","href":"https:\/\/api.w.org\/{rel}","templated":true}]}}