{"id":110788,"date":"2017-08-10T12:21:29","date_gmt":"2017-08-10T10:21:29","guid":{"rendered":"http:\/\/www.brundisium.net\/?p=110788"},"modified":"2017-08-10T10:42:38","modified_gmt":"2017-08-10T08:42:38","slug":"corteo-storico-citta-di-carovigno-la-citta-della-nzegna-invita-a-corte","status":"publish","type":"post","link":"https:\/\/www.brundisium.net\/index.php\/corteo-storico-citta-di-carovigno-la-citta-della-nzegna-invita-a-corte\/","title":{"rendered":"Corteo Storico Citt\u00e0 di Carovigno: la citt\u00e0 della &#8216;Nzegna invita a Corte"},"content":{"rendered":"<p><a href=\"http:\/\/www.brundisium.net\/brun\/wp-content\/uploads\/2017\/08\/Invito-a-Corte-2017-1.jpg\"><img loading=\"lazy\" decoding=\"async\" class=\"alignleft size-medium wp-image-110795\" src=\"http:\/\/www.brundisium.net\/brun\/wp-content\/uploads\/2017\/08\/Invito-a-Corte-2017-1-214x300.jpg\" alt=\"\" width=\"214\" height=\"300\" srcset=\"https:\/\/www.brundisium.net\/brun\/wp-content\/uploads\/2017\/08\/Invito-a-Corte-2017-1-214x300.jpg 214w, https:\/\/www.brundisium.net\/brun\/wp-content\/uploads\/2017\/08\/Invito-a-Corte-2017-1-768x1075.jpg 768w, https:\/\/www.brundisium.net\/brun\/wp-content\/uploads\/2017\/08\/Invito-a-Corte-2017-1-731x1024.jpg 731w, https:\/\/www.brundisium.net\/brun\/wp-content\/uploads\/2017\/08\/Invito-a-Corte-2017-1.jpg 1000w\" sizes=\"auto, (max-width: 214px) 100vw, 214px\" \/><\/a>La Undicesima edizione de Invito a Corte \u201cCorteo Storico Citt\u00e0 di Carovigno\u201d 2016, come \u00e8 ormai consuetudine, si svolger\u00e0 il dodici e tredici Agosto nella Citt\u00e0 addobbata con i vessilli e le insegne del tempo.<\/p>\n<p>La rievocazione storica mette in scena l\u2019anno domini 1386 con tutto quell\u2019universo umano che ruotava intorno alle poderosa mura del Castello.<\/p>\n<p>&nbsp;<\/p>\n<p>L\u2019arrivo nelle terre di Carbinia, dei regnanti, Raimondo Del Balzo Orsini e Maria D\u2019Enghien il saluto delle contrade e la festa in loro onore. I residenti delle terre vicine, dame, cavalieri, spadaccini, giullari, armigeri e popolani renderanno omaggio portando in dono il frutto del loro lavoro e si cimenteranno in vari numeri di attrazione.<\/p>\n<p>&nbsp;<\/p>\n<p>A scandire i momenti salienti l\u2019araldo dell\u2019Universit\u00e0 di Carbinia con \u201cL\u2019INVITO A CORTE\u201d: \u201cIl giorno 13 dell\u2019ottavo mese dell\u2019anno del signore 1386 li nobili regnanti nostri: Raimondo Del Balzo Orsini e la nobilissima Maria D\u2019Enghien Contessa di Lecce e Taranto fanno visita alle terre di Carbinia. Sbandieratori, Musici, Giullari, Omini d\u2019arme e popolo tutto fate festa in loro onore. Si Canti, si balli e si rinunzi agli affanni in questa notte di stelle\u201d<\/p>\n<p>&nbsp;<\/p>\n<p>&nbsp;<\/p>\n<p>Il dodici Agosto<br \/>\n<a href=\"http:\/\/www.brundisium.net\/brun\/wp-content\/uploads\/2017\/08\/Invito-a-Corte-2017-2.jpg\"><img loading=\"lazy\" decoding=\"async\" class=\"size-medium wp-image-110792 alignright\" src=\"http:\/\/www.brundisium.net\/brun\/wp-content\/uploads\/2017\/08\/Invito-a-Corte-2017-2-300x188.jpg\" alt=\"\" width=\"300\" height=\"188\" srcset=\"https:\/\/www.brundisium.net\/brun\/wp-content\/uploads\/2017\/08\/Invito-a-Corte-2017-2-300x188.jpg 300w, https:\/\/www.brundisium.net\/brun\/wp-content\/uploads\/2017\/08\/Invito-a-Corte-2017-2-768x480.jpg 768w, https:\/\/www.brundisium.net\/brun\/wp-content\/uploads\/2017\/08\/Invito-a-Corte-2017-2-112x70.jpg 112w, https:\/\/www.brundisium.net\/brun\/wp-content\/uploads\/2017\/08\/Invito-a-Corte-2017-2.jpg 960w\" sizes=\"auto, (max-width: 300px) 100vw, 300px\" \/><br \/>\n<\/a>Con Inizio alle Ore 19:30 con la lettura del \u201cBando di invito a corte\u201d nel Castello, nel borgo antico ed in piazza poi, si d\u00e0 il via ai festeggiamenti con la cena dei regnanti che si collega alla cena medioevale aperta al pubblico nell\u2019atrio del Castello. Un men\u00f9 suggestivo e ricco che prevede: Focaccia Bianca del conte, assaggi di formaggi, salumi e ricotta con marmellata di fichi e noci, olive e cipolla gratinata. Minestra di legumi, Fave e Cicoria, ricco arrosto di capocollo di cinghiale con Verdure Grigliate ed i Dolci di Paste di Mandorle. Vino, Acqua e liquore tipico. Per i commensali spettacoli di giocolieri, portatori di serpenti, mangiafuoco e sbandieratori.<\/p>\n<p>&nbsp;<\/p>\n<p>Il tredici Agosto<br \/>\n<a href=\"http:\/\/www.brundisium.net\/brun\/wp-content\/uploads\/2017\/08\/Invito-a-Corte-2017-4.jpg\"><img loading=\"lazy\" decoding=\"async\" class=\"alignleft size-medium wp-image-110794\" src=\"http:\/\/www.brundisium.net\/brun\/wp-content\/uploads\/2017\/08\/Invito-a-Corte-2017-4-221x300.jpg\" alt=\"\" width=\"221\" height=\"300\" srcset=\"https:\/\/www.brundisium.net\/brun\/wp-content\/uploads\/2017\/08\/Invito-a-Corte-2017-4-221x300.jpg 221w, https:\/\/www.brundisium.net\/brun\/wp-content\/uploads\/2017\/08\/Invito-a-Corte-2017-4.jpg 707w\" sizes=\"auto, (max-width: 221px) 100vw, 221px\" \/><br \/>\n<\/a>Alle Ore 19:30 Accampamenti e postazioni medievali in piazza con la lettura del bando d\u2019invito a corte e la perlustrazione degli armigeri prima dell\u2019arrivo dei regnanti. Alle 21:00 dal Castello partir\u00e0 il grande corteo storico che percorrer\u00e0 le vie del centro storico per giungere in piazza Nzegna con la cerimonia della consegna dei doni, il saluto delle contrade e la festa del borgo antico con Sbandieratori, artisti di strada, spadaccini, balli medievali e popolani in festa. La rievocazione storica vedr\u00e0 oltre 200 figuranti in costume storico mettere in risalto tutto quell\u2019universo umano che ruotava ai piedi del nostro poderoso Castello ed i festeggiamenti in auge intorno al 1586. I gruppi che partecipano a questa nona edizione sono: Gruppo Sbandieratori Rione Castello e Compagnia Sbandieratori e Musici \u201cI Carvinati\u201d di Carovigno, gli Artisti di Strada del Gruppo Ntartien di Carovigno, il Gruppo Storico Archibugieri \u201cBrancaleone\u201d di Barletta, i Cavalieri del Bal\u00ec di Putignano, i cavalieri della Spada Spezzata di Bitetto, il Gruppo Storico e armigeri della Scamiciata di Fasano(Br), il Gruppo Storico \u201cSanto Francesco\u201d della citt\u00e0 di Triggiano ed il gruppo storico della citt\u00e0 di Conversano.<\/p>\n<p>In piazza vi sar\u00e0 lo stand dell\u2019oste per la degustazione di carne alla brace ed un mercato medioevale con i mestieri e gli usi del tempo.<\/p>\n<p>&nbsp;<\/p>\n<p>L\u2019evento organizzato dall\u2019Ente Culturale Puglia con la collaborazione della Aver\u2019S Management \u00e8 patrocinato dal Comune di Carovigno e Regione Puglia rientra nel progetto \u201cTutto lo Spettacolo dal Vivo\u201d di Bollenti spiriti in collaborazione con il Teatro Italia di Carovigno. Ringraziamento v\u00e0 a quanti hanno collaborato, agli sponsor, al Sindaco di Carovigno e all\u2019assessore alla cultura e spettacolo, Piero LAGHEZZA, ed alla nostra storica Tonia BARILLA\u2019 ed al consulente Artistico e decano del folklore e delle tradizioni pugliesi, PEPPINO PALASCIANO per la disponibilit\u00e0 ed attenzione alle iniziative di promozione sociale e culturale.<\/p>\n<p>&nbsp;<\/p>\n<p>La partecipazione all\u2019evento dei tanti residenti e turisti che in quel periodo soggiornano nelle nostre localit\u00e0 ci onora e ci inorgoglisce perch\u00e9 inserita negli appuntamenti storici di grande prestigio della nostra regione.<\/p>\n","protected":false},"excerpt":{"rendered":"<p>La Undicesima edizione de Invito a Corte \u201cCorteo Storico Citt\u00e0 di Carovigno\u201d 2016, come \u00e8 ormai consuetudine, si svolger\u00e0 il dodici e tredici Agosto nella Citt\u00e0 addobbata con i vessilli e le insegne del tempo. La rievocazione storica mette in scena l\u2019anno domini 1386 con tutto quell\u2019universo umano che ruotava intorno alle poderosa mura del Castello. &nbsp; L\u2019arrivo nelle terre di Carbinia, dei regnanti, Raimondo Del Balzo Orsini e Maria D\u2019Enghien il saluto delle contrade e la festa in loro onore. I residenti delle terre vicine, dame, cavalieri, spadaccini, giullari, armigeri e popolani renderanno omaggio portando in dono il frutto del loro lavoro e si cimenteranno in vari numeri di attrazione. &nbsp; A scandire i momenti salienti l\u2019araldo dell\u2019Universit\u00e0 di Carbinia con \u201cL\u2019INVITO A CORTE\u201d: \u201cIl giorno 13 dell\u2019ottavo mese dell\u2019anno del signore 1386 li nobili regnanti nostri: Raimondo Del Balzo Orsini e la nobilissima Maria D\u2019Enghien Contessa di Lecce e Taranto fanno visita alle terre di Carbinia. Sbandieratori, Musici, Giullari, Omini d\u2019arme e popolo tutto fate festa in loro&#8230;<\/p>\n","protected":false},"author":2,"featured_media":110793,"comment_status":"open","ping_status":"closed","sticky":false,"template":"","format":"standard","meta":{"footnotes":""},"categories":[7],"tags":[299],"class_list":["post-110788","post","type-post","status-publish","format-standard","has-post-thumbnail","hentry","category-news","tag-carovigno"],"_links":{"self":[{"href":"https:\/\/www.brundisium.net\/index.php\/wp-json\/wp\/v2\/posts\/110788","targetHints":{"allow":["GET"]}}],"collection":[{"href":"https:\/\/www.brundisium.net\/index.php\/wp-json\/wp\/v2\/posts"}],"about":[{"href":"https:\/\/www.brundisium.net\/index.php\/wp-json\/wp\/v2\/types\/post"}],"author":[{"embeddable":true,"href":"https:\/\/www.brundisium.net\/index.php\/wp-json\/wp\/v2\/users\/2"}],"replies":[{"embeddable":true,"href":"https:\/\/www.brundisium.net\/index.php\/wp-json\/wp\/v2\/comments?post=110788"}],"version-history":[{"count":1,"href":"https:\/\/www.brundisium.net\/index.php\/wp-json\/wp\/v2\/posts\/110788\/revisions"}],"predecessor-version":[{"id":110796,"href":"https:\/\/www.brundisium.net\/index.php\/wp-json\/wp\/v2\/posts\/110788\/revisions\/110796"}],"wp:featuredmedia":[{"embeddable":true,"href":"https:\/\/www.brundisium.net\/index.php\/wp-json\/wp\/v2\/media\/110793"}],"wp:attachment":[{"href":"https:\/\/www.brundisium.net\/index.php\/wp-json\/wp\/v2\/media?parent=110788"}],"wp:term":[{"taxonomy":"category","embeddable":true,"href":"https:\/\/www.brundisium.net\/index.php\/wp-json\/wp\/v2\/categories?post=110788"},{"taxonomy":"post_tag","embeddable":true,"href":"https:\/\/www.brundisium.net\/index.php\/wp-json\/wp\/v2\/tags?post=110788"}],"curies":[{"name":"wp","href":"https:\/\/api.w.org\/{rel}","templated":true}]}}