{"id":111246,"date":"2017-08-17T11:50:52","date_gmt":"2017-08-17T09:50:52","guid":{"rendered":"http:\/\/www.brundisium.net\/?p=111246"},"modified":"2017-08-17T11:50:52","modified_gmt":"2017-08-17T09:50:52","slug":"fasano-progetta-la-biblioteca-di-comunita","status":"publish","type":"post","link":"https:\/\/www.brundisium.net\/index.php\/fasano-progetta-la-biblioteca-di-comunita\/","title":{"rendered":"Fasano progetta la &#8220;Biblioteca di Comunit\u00e0&#8221;"},"content":{"rendered":"<p>L\u2019Amministrazione comunale di Fasano ha presentato un apposito progetto nell\u2019ambito della cosiddetta \u201cBiblioteca di comunit\u00e0\u201d al fine di accedere a specifici finanziamenti previsti dalla Regione Puglia.<\/p>\n<p>&nbsp;<\/p>\n<p>\u00abLo scorso 27 luglio avevo annunciato che avevamo individuato un allettante bando della Regione Puglia. In palio c\u2019\u00e8 la possibilit\u00e0 di ricevere un cospicuo finanziamento, che, in caso positivo, abbiamo deciso di destinare alla completa ristrutturazione di un\u2019ala dell\u2019ex-convento delle Teresiane, adiacente la sede dell\u2019Universit\u00e0 del Tempo libero, e attualmente inutilizzata \u2013 spiega il sindaco Francesco Zaccaria -. L\u2019obiettivo \u00e8 quello di farne la nuova sede della biblioteca comunale \u201cIgnazio Ciaia\u201d, ma non pi\u00f9 secondo criteri tradizionali e ormai limitativi delle potenzialit\u00e0 di questa istituzione; vogliamo, infatti \u2013 aggiunge Zaccaria &#8211; che la biblioteca sia, oltre che un luogo dove si riceve cultura, anche uno spazio dove si produca cultura e di conseguenza, a cascata, anche benessere per bambini, adolescenti e adulti, oltre che un motivo in pi\u00f9 per valorizzare e rivitalizzare il centro storico\u00bb.<\/p>\n<p>&nbsp;<\/p>\n<p>Il processo che condurr\u00e0 alla realizzazione della nuova Biblioteca comunale, qualora il progetto dovesse essere accolto dalla Regione, \u00e8 di tipo inclusivo, nel senso che anche i cittadini di tutte le et\u00e0 sono chiamati ad esprimere la propria opinione, gi\u00e0 da ora; baster\u00e0 collegarsi al sito internet www.comune.fasano.br.it o al <a href=\"https:\/\/docs.google.com\/forms\/d\/e\/1FAIpQLScipEJLy6_uj4EN-SBMJuo4HuebN3TpWXErqtH51pDoSe7EdA\/viewform\">sito<\/a>\u00a0 e compilare un apposito questionario. \u00abSaranno proprio i nostri concittadini a decidere nel dettaglio cosa fare nella nuova Biblioteca \u2013 sottolinea il sindaco Zaccaria -, il modulo da compilare \u00e8 sostanzialmente un breve sondaggio nel quale si potr\u00e0 esprimere la propria preferenza sulle attivit\u00e0 innovative da affiancare a quella consueta di consultazione e prestito dei libri. \u00c8 un invito a dire la propria su come si vorrebbe che fosse la nuova Biblioteca. Questo progetto, assieme a tutti gli altri che abbiamo proposto e su cui abbiamo lavorato nel corso di questo primo anno di mandato sindacale nel campo della cultura \u2013 afferma il primo cittadino \u2013 costituisce la nostra idea-cardine che a Fasano con la cultura si mangia, si vive e si fa socializzazione ed integrazione\u00bb.<\/p>\n<p>L\u2019obiettivo della nuova Biblioteca comunale, dunque, \u00e8 volto all\u2019arricchimento non solo quantitativo ma, soprattutto, qualitativo, attraverso un processo condiviso di progettazione e realizzazione dell\u2019implementazione dei servizi bibliotecari e culturali in generale sul territorio fasanese.<\/p>\n<p>&nbsp;<\/p>\n<p>\u00abVogliamo progettare una Biblioteca che sia un luogo di libert\u00e0 e uguaglianza, una Biblioteca inclusiva dove la cultura e lo svago coincidano ma che, allo stesso tempo, sia un luogo di incontro, di confronto intellettuale e di costruzione di nuovi ideali \u2013 sottolinea Annarita Angelini, assessora alla Cultura -; vogliamo progettare un luogo che sia espressione della comunit\u00e0 locale e del senso di appartenenza e, allo stesso tempo, un luogo aperto, dove dare spazio all\u2019integrazione e alla libert\u00e0 creativa, oltre che rispondere alle esigenze di tutti. Pertanto \u2013 afferma l\u2019assessora Angelini -rispondendo al questionario, chiunque potr\u00e0 condividere le proprie idee, per progettare, insieme, la nuova Biblioteca di comunit\u00e0\u00bb.<\/p>\n<p>&nbsp;<\/p>\n<p><strong>COMUNE DI FASANO<\/strong><\/p>\n","protected":false},"excerpt":{"rendered":"<p>L\u2019Amministrazione comunale di Fasano ha presentato un apposito progetto nell\u2019ambito della cosiddetta \u201cBiblioteca di comunit\u00e0\u201d al fine di accedere a specifici finanziamenti previsti dalla Regione Puglia. &nbsp; \u00abLo scorso 27 luglio avevo annunciato che avevamo individuato un allettante bando della Regione Puglia. In palio c\u2019\u00e8 la possibilit\u00e0 di ricevere un cospicuo finanziamento, che, in caso positivo, abbiamo deciso di destinare alla completa ristrutturazione di un\u2019ala dell\u2019ex-convento delle Teresiane, adiacente la sede dell\u2019Universit\u00e0 del Tempo libero, e attualmente inutilizzata \u2013 spiega il sindaco Francesco Zaccaria -. L\u2019obiettivo \u00e8 quello di farne la nuova sede della biblioteca comunale \u201cIgnazio Ciaia\u201d, ma non pi\u00f9 secondo criteri tradizionali e ormai limitativi delle potenzialit\u00e0 di questa istituzione; vogliamo, infatti \u2013 aggiunge Zaccaria &#8211; che la biblioteca sia, oltre che un luogo dove si riceve cultura, anche uno spazio dove si produca cultura e di conseguenza, a cascata, anche benessere per bambini, adolescenti e adulti, oltre che un motivo in pi\u00f9 per valorizzare e rivitalizzare il centro storico\u00bb. &nbsp; Il processo che condurr\u00e0 alla realizzazione della&#8230;<\/p>\n","protected":false},"author":2,"featured_media":52385,"comment_status":"open","ping_status":"closed","sticky":false,"template":"","format":"standard","meta":{"footnotes":""},"categories":[7],"tags":[244],"class_list":["post-111246","post","type-post","status-publish","format-standard","has-post-thumbnail","hentry","category-news","tag-fasano"],"_links":{"self":[{"href":"https:\/\/www.brundisium.net\/index.php\/wp-json\/wp\/v2\/posts\/111246","targetHints":{"allow":["GET"]}}],"collection":[{"href":"https:\/\/www.brundisium.net\/index.php\/wp-json\/wp\/v2\/posts"}],"about":[{"href":"https:\/\/www.brundisium.net\/index.php\/wp-json\/wp\/v2\/types\/post"}],"author":[{"embeddable":true,"href":"https:\/\/www.brundisium.net\/index.php\/wp-json\/wp\/v2\/users\/2"}],"replies":[{"embeddable":true,"href":"https:\/\/www.brundisium.net\/index.php\/wp-json\/wp\/v2\/comments?post=111246"}],"version-history":[{"count":1,"href":"https:\/\/www.brundisium.net\/index.php\/wp-json\/wp\/v2\/posts\/111246\/revisions"}],"predecessor-version":[{"id":111247,"href":"https:\/\/www.brundisium.net\/index.php\/wp-json\/wp\/v2\/posts\/111246\/revisions\/111247"}],"wp:featuredmedia":[{"embeddable":true,"href":"https:\/\/www.brundisium.net\/index.php\/wp-json\/wp\/v2\/media\/52385"}],"wp:attachment":[{"href":"https:\/\/www.brundisium.net\/index.php\/wp-json\/wp\/v2\/media?parent=111246"}],"wp:term":[{"taxonomy":"category","embeddable":true,"href":"https:\/\/www.brundisium.net\/index.php\/wp-json\/wp\/v2\/categories?post=111246"},{"taxonomy":"post_tag","embeddable":true,"href":"https:\/\/www.brundisium.net\/index.php\/wp-json\/wp\/v2\/tags?post=111246"}],"curies":[{"name":"wp","href":"https:\/\/api.w.org\/{rel}","templated":true}]}}