{"id":111509,"date":"2017-08-21T21:50:16","date_gmt":"2017-08-21T19:50:16","guid":{"rendered":"http:\/\/www.brundisium.net\/?p=111509"},"modified":"2017-08-21T19:53:32","modified_gmt":"2017-08-21T17:53:32","slug":"domani-il-canzoniere-grecanico-salentino-in-piazza-leo-a-san-vito-dei-normanni","status":"publish","type":"post","link":"https:\/\/www.brundisium.net\/index.php\/domani-il-canzoniere-grecanico-salentino-in-piazza-leo-a-san-vito-dei-normanni\/","title":{"rendered":"Domani il Canzoniere Grecanico Salentino in Piazza Leo a San Vito dei Normanni"},"content":{"rendered":"<p><a href=\"http:\/\/www.brundisium.net\/brun\/wp-content\/uploads\/2017\/08\/Coreutica-2017-ph-Marco-De-Luca.jpg\"><img loading=\"lazy\" decoding=\"async\" class=\"alignright size-medium wp-image-111510\" src=\"http:\/\/www.brundisium.net\/brun\/wp-content\/uploads\/2017\/08\/Coreutica-2017-ph-Marco-De-Luca-300x200.jpg\" alt=\"\" width=\"300\" height=\"200\" srcset=\"https:\/\/www.brundisium.net\/brun\/wp-content\/uploads\/2017\/08\/Coreutica-2017-ph-Marco-De-Luca-300x200.jpg 300w, https:\/\/www.brundisium.net\/brun\/wp-content\/uploads\/2017\/08\/Coreutica-2017-ph-Marco-De-Luca-768x512.jpg 768w, https:\/\/www.brundisium.net\/brun\/wp-content\/uploads\/2017\/08\/Coreutica-2017-ph-Marco-De-Luca-1024x683.jpg 1024w\" sizes=\"auto, (max-width: 300px) 100vw, 300px\" \/><\/a>Coreutica, la residenza artistica sulle tarantelle nel Mediterraneo, svoltasi a San Vito dei Normanni dal 7 al 12 agosto, ha vinto, anzi stravinto la scommessa che si era posta, ovvero quella di proporre nuove declinazioni possibili della tradizione coreutico-musicale sanvitese, aprendosi ai linguaggi contemporanei e cercando contaminazioni non banali su altre sponde del Mediterraneo. Una scommessa. Eppure proprio questo coraggio innovativo \u00e8 stato premiato: gli iscritti a questa terza edizione sono raddoppiati e hanno raggiunto quasi il centinaio; la partecipazione a questi esperimenti, talvolta dirompenti, \u00e8 stata entusiastica; le sinergie tra ospiti e comunit\u00e0 ospitante si son rivelate ancora pi\u00f9 ricche, intense e reciprocamente stimolanti. Doveva coronare quest\u2019esperienza il concerto conclusivo del Canzoniere Grecanico Salentino con l\u2019innesto di musicisti e danzatori della World Music Academy e della Scuola di Pizzica di San Vito previsto la sera del 12 agosto, ma il maltempo, malandrino, l\u2019ha impedito.<\/p>\n<p>Il mancato appuntamento era, per\u00f2, troppo significativo per poter rinunciarci.<\/p>\n<p>&nbsp;<\/p>\n<p>Cos\u00ec, grazie alla protervia degli organizzatori, al sostegno del Comune di San Vito e alla generosa disponibilit\u00e0 degli ospiti &#8211; tutti ben consapevoli dell\u2019importanza di quest\u2019incontro che ha un valore storico, il concerto del Canzoniere Grecanico Salentino si svolger\u00e0 il 22 agosto alle ore 21.30 nella Piazza Leonardo Leo di San Vito dei Normanni. Ospiti (ospitanti) Vincenzo Gagliani, Fabrizio Piepoli e Giuliana Gagliani della World Music Academy e Franco Gagliani, Fabrizio Nigro, Andrea De Siena della Scuola di Pizzica di San Vito.<br \/>\nE\u2019 un concerto speciale che ha, si diceva, un valore storico, ma, al tempo stesso, un valore prospettivo, poich\u00e9 denota una distinta volont\u00e0 di proporre nuovi sbocchi e nuovi orizzonti alle danze e alle musiche tradizionali e popolari salentine.<\/p>\n<p>&nbsp;<\/p>\n<p>Un valore storico: tanto il Canzoniere, quanto Taricata, il gruppo che a San Vito incarna la riscoperta e la ri-trasmissione consapevole del proprio patrimonio coreutico-musicale e dalla cui costola sono nate le nuove esperienze della WMA e della Scuola di Pizzica di San Vito, hanno appena compiuto quarant\u2019anni d\u2019attivit\u00e0. Si tratta delle esperienze pi\u00f9 longeve nel panorama della musica popolare salentina, esperienze fortemente consapevoli, in cui elemento centrale e determinante \u00e8 stata la raccolta rigorosa delle fonti e la ricerca assennata e meticolosa nel cuore e nella memoria del patrimonio immateriale del Salento. I loro repertori, cos\u00ec solidamente radicati nel vivo delle terre che hanno cantato, costituiscono ancora oggi il canone per quella miriade di gruppi e gruppetti che hanno animato e animano le piazze e le sale non solo in Puglia, ma ormai di tutt\u2019Italia (e non solo). Val la pena rilevare, poi, che entrambe le esperienze, quella sanvitese e quella del Canzoniere, sono radicate in solide catene di trasmissione familiare (music runs in family, verrebbe da dire), senza tuttavia che ci\u00f2 costituisca un freno conservativo, di semplice e pedissequa riproposta di un patrimonio acquisito, congelato e preservato in un immobile passato riportato al presente.<br \/>\nInfatti \u2013 e questo \u00e8 il valore prospettivo del concerto del 22 agosto &#8211; il Canzoniere Grecanico Salentino, con la leadership di Mauro Durante \u2013 figlio d\u2019arte &#8211; \u00e8 indubbiamente il gruppo musicale oggi riconosciuto per coniugare con maggior efficacia e incisivit\u00e0 il rispetto del canone tradizionale con la scrittura musicale d\u2019innovazione. Similmente, da quanto ormai emerge con chiarezza dalle operazioni culturali a cui si assiste a San Vito nel corso di questi anni e soprattutto con quest\u2019ultima prorompente edizione di Coreutica, la vocazione sperimentale e di ricerca della Word Music Academy, guidata da Vincenzo Gagliani \u2013 anch\u2019egli figlio d\u2019arte &#8211; e della Scuola di Pizzica di San Vito, \u00e8 stata alacremente seguita e i frutti si colgono proprio ora, al quarantesimo dell\u2019esperienza Taricata. Attraverso le generazioni si dipana quindi il filo teso tra tradizione e innovazione. Il concerto del 22 agosto \u00e8 l\u2019occasione per constatarlo, per capire come si pu\u00f2 oggi pensare di andare anche oltre la pizzica, forti dei saperi antichi e di una consapevolezza radicata nel presente.<\/p>\n<p>L&#8217;evento \u00e8 patrocinato dal Comune di San Vito dei Normanni, con il sostegno di Exfadda, Spazio Folk e Blogfoolk.<\/p>\n<p>&nbsp;<\/p>\n<p>&nbsp;<\/p>\n<p><strong>Andrea Carlino e Vincenzo Gagliani<\/strong><\/p>\n","protected":false},"excerpt":{"rendered":"<p>Coreutica, la residenza artistica sulle tarantelle nel Mediterraneo, svoltasi a San Vito dei Normanni dal 7 al 12 agosto, ha vinto, anzi stravinto la scommessa che si era posta, ovvero quella di proporre nuove declinazioni possibili della tradizione coreutico-musicale sanvitese, aprendosi ai linguaggi contemporanei e cercando contaminazioni non banali su altre sponde del Mediterraneo. Una scommessa. Eppure proprio questo coraggio innovativo \u00e8 stato premiato: gli iscritti a questa terza edizione sono raddoppiati e hanno raggiunto quasi il centinaio; la partecipazione a questi esperimenti, talvolta dirompenti, \u00e8 stata entusiastica; le sinergie tra ospiti e comunit\u00e0 ospitante si son rivelate ancora pi\u00f9 ricche, intense e reciprocamente stimolanti. Doveva coronare quest\u2019esperienza il concerto conclusivo del Canzoniere Grecanico Salentino con l\u2019innesto di musicisti e danzatori della World Music Academy e della Scuola di Pizzica di San Vito previsto la sera del 12 agosto, ma il maltempo, malandrino, l\u2019ha impedito. Il mancato appuntamento era, per\u00f2, troppo significativo per poter rinunciarci. &nbsp; Cos\u00ec, grazie alla protervia degli organizzatori, al sostegno del Comune di San Vito e&#8230;<\/p>\n","protected":false},"author":2,"featured_media":111511,"comment_status":"open","ping_status":"closed","sticky":false,"template":"","format":"standard","meta":{"footnotes":""},"categories":[7],"tags":[4761,222],"class_list":["post-111509","post","type-post","status-publish","format-standard","has-post-thumbnail","hentry","category-news","tag-canzoniere-grecanico-salentino","tag-san-vito"],"_links":{"self":[{"href":"https:\/\/www.brundisium.net\/index.php\/wp-json\/wp\/v2\/posts\/111509","targetHints":{"allow":["GET"]}}],"collection":[{"href":"https:\/\/www.brundisium.net\/index.php\/wp-json\/wp\/v2\/posts"}],"about":[{"href":"https:\/\/www.brundisium.net\/index.php\/wp-json\/wp\/v2\/types\/post"}],"author":[{"embeddable":true,"href":"https:\/\/www.brundisium.net\/index.php\/wp-json\/wp\/v2\/users\/2"}],"replies":[{"embeddable":true,"href":"https:\/\/www.brundisium.net\/index.php\/wp-json\/wp\/v2\/comments?post=111509"}],"version-history":[{"count":1,"href":"https:\/\/www.brundisium.net\/index.php\/wp-json\/wp\/v2\/posts\/111509\/revisions"}],"predecessor-version":[{"id":111512,"href":"https:\/\/www.brundisium.net\/index.php\/wp-json\/wp\/v2\/posts\/111509\/revisions\/111512"}],"wp:featuredmedia":[{"embeddable":true,"href":"https:\/\/www.brundisium.net\/index.php\/wp-json\/wp\/v2\/media\/111511"}],"wp:attachment":[{"href":"https:\/\/www.brundisium.net\/index.php\/wp-json\/wp\/v2\/media?parent=111509"}],"wp:term":[{"taxonomy":"category","embeddable":true,"href":"https:\/\/www.brundisium.net\/index.php\/wp-json\/wp\/v2\/categories?post=111509"},{"taxonomy":"post_tag","embeddable":true,"href":"https:\/\/www.brundisium.net\/index.php\/wp-json\/wp\/v2\/tags?post=111509"}],"curies":[{"name":"wp","href":"https:\/\/api.w.org\/{rel}","templated":true}]}}