{"id":111568,"date":"2017-08-23T11:10:28","date_gmt":"2017-08-23T09:10:28","guid":{"rendered":"http:\/\/www.brundisium.net\/?p=111568"},"modified":"2017-08-23T11:10:28","modified_gmt":"2017-08-23T09:10:28","slug":"venerdi-25-gabriele-poso-in-concerto-al-barcollo-di-torre-santa-susanna","status":"publish","type":"post","link":"https:\/\/www.brundisium.net\/index.php\/venerdi-25-gabriele-poso-in-concerto-al-barcollo-di-torre-santa-susanna\/","title":{"rendered":"Venerd\u00ec 25 Gabriele Poso in concerto al Barcollo di Torre Santa Susanna"},"content":{"rendered":"<p><a href=\"http:\/\/www.brundisium.net\/brun\/wp-content\/uploads\/2017\/08\/GABRIELE-POSO.jpg\"><img loading=\"lazy\" decoding=\"async\" class=\"alignright size-medium wp-image-111571\" src=\"http:\/\/www.brundisium.net\/brun\/wp-content\/uploads\/2017\/08\/GABRIELE-POSO-225x300.jpg\" alt=\"\" width=\"225\" height=\"300\" srcset=\"https:\/\/www.brundisium.net\/brun\/wp-content\/uploads\/2017\/08\/GABRIELE-POSO-225x300.jpg 225w, https:\/\/www.brundisium.net\/brun\/wp-content\/uploads\/2017\/08\/GABRIELE-POSO.jpg 767w, https:\/\/www.brundisium.net\/brun\/wp-content\/uploads\/2017\/08\/GABRIELE-POSO-300x400.jpg 300w\" sizes=\"auto, (max-width: 225px) 100vw, 225px\" \/><\/a>Venerd\u00ec 25 agosto il Barcollo di Torre Santa Susanna (Br) ospiter\u00e0 il concerto di Gabriele Poso. Si tratta dell&#8217;ultimo appuntamento della rassegna estiva &#8220;Il Giallo Barcollo&#8221;, che in queste settimane di agosto ha ospitato artisti del calibro di Camillas, Duo Bucolico, P.o.p.p.o. , Campos e la Banda del Pozzo.<\/p>\n<p>&nbsp;<\/p>\n<p>Gabriele Poso nasce il 22 ottobre del 1978 in Sardegna nel cuore del mediterraneo ma \u00e8 cresciuto a Lecce, nel sud dell&#8217;Italia.<\/p>\n<p>Sin da bambino ha stabilito un profondo legame con la musica, nato quando, in tenera et\u00e0, spulciava tra i dischi del padre il miglior jazz, soul e afro-latino. Col passare del tempo si \u00e8 avvicinato allo studio di vari strumenti, dando particolare attenzione alla chitarra con la quale dar&#8217; vita alle sue migliori composizioni per poi approdare nell&#8217;affascinante mondo delle percussioni che presto sono diventate, per lui, una vera e propria ragione di vita.<br \/>\nCos\u00ec nel 1998 inizia a studiare ritmi afro-cubani presso l&#8217;istituto &#8220;Timba&#8221; di Roma, sotto la guida del massimo esponente della cultura e della percussione afro-cubana in Italia Roberto &#8220;Mamey&#8221; Evangelista. Successivamente approfondisce le sue conoscenze musicali presso la Escuela Nacional de arte dell&#8217;Havana Cuba, e l&#8217;Universitad Interamericana de Puertu Rico a S.juan Puerto Rico.<\/p>\n<p>Dopo aver terminato gli studi inizia a suonare in Europa e nel mondo al fianco di artisti del calibro di Ounlade (Yoruba records), Nicola Conte (Blue Note) e Tanya Michelle per citarne solo alcuni.<br \/>\n\u201cFrom The Genuine world\u201d \u00e8 un lungo viaggio che vi condurr\u00e0 dal caldo salento, passando dalla madre Africa che con i suoi ritmi conpulsivi vi rapir\u00e0 il cuore rendendovi suoi schiavi, per poi sprofondare nelle radici pi\u00f9 profonde del soul.<br \/>\n\u201cFrom the Genuine World\u201d vuole essere un urlo violento contro l&#8217;autodistruzione verso cui l&#8217;intera umanit\u00e0 si sta lentamente muovendo From the Genuine World rappresenta il bisogno di ritornare ad evidenziare i reali valori umani cercando di attribuirli il giusto peso e la giusta considerazione.<br \/>\n\u201cFrom the Genuine World\u201d \u00e8 la necessit\u00e0 di salvaguardare noi stessi e le nostre risorse prima che esse possano irrimediabilmente ritorcerci contro.<\/p>\n<p>&nbsp;<\/p>\n<p>Il Barcollo \u00e8 a Torre Santa Susanna in via Galaso 64 (nei pressi del Teatro Comunale).<\/p>\n<p>Per maggiori informazioni:<\/p>\n<p>Facebook: Barcollo Live<br \/>\nTel: 327 0118072<\/p>\n","protected":false},"excerpt":{"rendered":"<p>Venerd\u00ec 25 agosto il Barcollo di Torre Santa Susanna (Br) ospiter\u00e0 il concerto di Gabriele Poso. Si tratta dell&#8217;ultimo appuntamento della rassegna estiva &#8220;Il Giallo Barcollo&#8221;, che in queste settimane di agosto ha ospitato artisti del calibro di Camillas, Duo Bucolico, P.o.p.p.o. , Campos e la Banda del Pozzo. &nbsp; Gabriele Poso nasce il 22 ottobre del 1978 in Sardegna nel cuore del mediterraneo ma \u00e8 cresciuto a Lecce, nel sud dell&#8217;Italia. Sin da bambino ha stabilito un profondo legame con la musica, nato quando, in tenera et\u00e0, spulciava tra i dischi del padre il miglior jazz, soul e afro-latino. Col passare del tempo si \u00e8 avvicinato allo studio di vari strumenti, dando particolare attenzione alla chitarra con la quale dar&#8217; vita alle sue migliori composizioni per poi approdare nell&#8217;affascinante mondo delle percussioni che presto sono diventate, per lui, una vera e propria ragione di vita. Cos\u00ec nel 1998 inizia a studiare ritmi afro-cubani presso l&#8217;istituto &#8220;Timba&#8221; di Roma, sotto la guida del massimo esponente della cultura e della percussione&#8230;<\/p>\n","protected":false},"author":2,"featured_media":111570,"comment_status":"open","ping_status":"closed","sticky":false,"template":"","format":"standard","meta":{"footnotes":""},"categories":[7],"tags":[4284],"class_list":["post-111568","post","type-post","status-publish","format-standard","has-post-thumbnail","hentry","category-news","tag-barcollo"],"_links":{"self":[{"href":"https:\/\/www.brundisium.net\/index.php\/wp-json\/wp\/v2\/posts\/111568","targetHints":{"allow":["GET"]}}],"collection":[{"href":"https:\/\/www.brundisium.net\/index.php\/wp-json\/wp\/v2\/posts"}],"about":[{"href":"https:\/\/www.brundisium.net\/index.php\/wp-json\/wp\/v2\/types\/post"}],"author":[{"embeddable":true,"href":"https:\/\/www.brundisium.net\/index.php\/wp-json\/wp\/v2\/users\/2"}],"replies":[{"embeddable":true,"href":"https:\/\/www.brundisium.net\/index.php\/wp-json\/wp\/v2\/comments?post=111568"}],"version-history":[{"count":1,"href":"https:\/\/www.brundisium.net\/index.php\/wp-json\/wp\/v2\/posts\/111568\/revisions"}],"predecessor-version":[{"id":111572,"href":"https:\/\/www.brundisium.net\/index.php\/wp-json\/wp\/v2\/posts\/111568\/revisions\/111572"}],"wp:featuredmedia":[{"embeddable":true,"href":"https:\/\/www.brundisium.net\/index.php\/wp-json\/wp\/v2\/media\/111570"}],"wp:attachment":[{"href":"https:\/\/www.brundisium.net\/index.php\/wp-json\/wp\/v2\/media?parent=111568"}],"wp:term":[{"taxonomy":"category","embeddable":true,"href":"https:\/\/www.brundisium.net\/index.php\/wp-json\/wp\/v2\/categories?post=111568"},{"taxonomy":"post_tag","embeddable":true,"href":"https:\/\/www.brundisium.net\/index.php\/wp-json\/wp\/v2\/tags?post=111568"}],"curies":[{"name":"wp","href":"https:\/\/api.w.org\/{rel}","templated":true}]}}