{"id":111645,"date":"2017-08-24T13:30:03","date_gmt":"2017-08-24T11:30:03","guid":{"rendered":"http:\/\/www.brundisium.net\/?p=111645"},"modified":"2017-08-24T17:11:15","modified_gmt":"2017-08-24T15:11:15","slug":"spazio-aperto-sul-pums-lunedi-28-incontro-al-faro-di-torre-canne","status":"publish","type":"post","link":"https:\/\/www.brundisium.net\/index.php\/spazio-aperto-sul-pums-lunedi-28-incontro-al-faro-di-torre-canne\/","title":{"rendered":"Spazio aperto sul PUMS: luned\u00ec 28 incontro al Faro di Torre Canne"},"content":{"rendered":"<p> Uno \u201cspazio aperto\u201d itinerante \u00e8 la modalit\u00e0 prescelta dall\u2019Amministrazione comunale di Fasano e dalla societ\u00e0 consulente per la redazione del \u201cPums\u201d (\u201cPiano Urbano di Mobilit\u00e0 Sostenibile\u201d), \u201cElaborazioni.org Srl\u201d, per costruire assieme ad associazioni e cittadini una visione di sviluppo della \u201cmobilit\u00e0 sostenibile\u201d (cio\u00e8 delle modalit\u00e0 di spostamento) nel territorio fasanese: dal centro della citt\u00e0 verso le frazioni e viceversa; dalle zone collinari a quelle delle marine; dalla mobilit\u00e0 quotidiana a quella caratteristica, e pi\u00f9 complessa, dei periodi turistici.<\/p>\n<p>Al fine di costruire una visione di sviluppo di una mobilit\u00e0 urbana sostenibile in linea con i canoni europei, che mettono al centro \u201cle persone\u201d con le loro modalit\u00e0 di spostamento sostenibile (i piedi, la bici ed il trasporto in bus), \u00e8 stato organizzato l\u2019incontro pubblico luned\u00ec 28 agosto 2017 dalle ore 18.30 al Faro di Torre Canne. Interverranno il sindaco Francesco Zaccaria, l\u2019assessora comunale alla Mobilit\u00e0 Annarita Angelini ed i tecnici di \u201cElaborazioni.org Srl\u201d che faciliteranno la comprensione dell\u2019argomento al fine di consentire la partecipazione concreta dei cittadini che potranno proporre idee ed osservazioni. <\/p>\n<p>\u00abTrattandosi di \u201cspazio aperto\u201d, non sar\u00e0 necessario che tutti gli interessati, cittadini, commercianti e turisti, siano presenti sin dall\u2019inizio all\u2019incontro \u2013 afferma l\u2019assessora Angelini \u2013 considerato che si potr\u00e0 intervenire fino alle ore 20.30. Comunque, sar\u00e0 molto importante l\u2019apporto, ai fini della redazione del \u201cPums\u201d, che verr\u00e0 dato dai cittadini residenti e no, da commercianti, turisti e da chiunque vorr\u00e0 partecipare, per la connotazione spiccatamente turistica, estiva e di movida serale legata proprio a Torre Canne\u00bb.<\/p>\n<p>Si tratta del quarto appuntamento pubblico, dopo i primi 3 incontri svoltisi il 4 luglio scorso a Fasano citt\u00e0 ed il 21 ed il 28 luglio successivi nelle frazioni di Montalbano e Pezze di Greco. Si potr\u00e0 consultare anche il sito dedicato www.pumsfasano.it e la pagina facebook \u201cpumsfasano\u201d, oltre che scrivere all\u2019indirizzo di posta elettronica partecipa@pumsfasano.it <\/p>\n","protected":false},"excerpt":{"rendered":"<p>Uno \u201cspazio aperto\u201d itinerante \u00e8 la modalit\u00e0 prescelta dall\u2019Amministrazione comunale di Fasano e dalla societ\u00e0 consulente per la redazione del \u201cPums\u201d (\u201cPiano Urbano di Mobilit\u00e0 Sostenibile\u201d), \u201cElaborazioni.org Srl\u201d, per costruire assieme ad associazioni e cittadini una visione di sviluppo della \u201cmobilit\u00e0 sostenibile\u201d (cio\u00e8 delle modalit\u00e0 di spostamento) nel territorio fasanese: dal centro della citt\u00e0 verso le frazioni e viceversa; dalle zone collinari a quelle delle marine; dalla mobilit\u00e0 quotidiana a quella caratteristica, e pi\u00f9 complessa, dei periodi turistici. Al fine di costruire una visione di sviluppo di una mobilit\u00e0 urbana sostenibile in linea con i canoni europei, che mettono al centro \u201cle persone\u201d con le loro modalit\u00e0 di spostamento sostenibile (i piedi, la bici ed il trasporto in bus), \u00e8 stato organizzato l\u2019incontro pubblico luned\u00ec 28 agosto 2017 dalle ore 18.30 al Faro di Torre Canne. Interverranno il sindaco Francesco Zaccaria, l\u2019assessora comunale alla Mobilit\u00e0 Annarita Angelini ed i tecnici di \u201cElaborazioni.org Srl\u201d che faciliteranno la comprensione dell\u2019argomento al fine di consentire la partecipazione concreta dei cittadini che potranno proporre&#8230;<\/p>\n","protected":false},"author":2,"featured_media":111646,"comment_status":"open","ping_status":"closed","sticky":false,"template":"","format":"standard","meta":{"footnotes":""},"categories":[7],"tags":[244],"class_list":["post-111645","post","type-post","status-publish","format-standard","has-post-thumbnail","hentry","category-news","tag-fasano"],"_links":{"self":[{"href":"https:\/\/www.brundisium.net\/index.php\/wp-json\/wp\/v2\/posts\/111645","targetHints":{"allow":["GET"]}}],"collection":[{"href":"https:\/\/www.brundisium.net\/index.php\/wp-json\/wp\/v2\/posts"}],"about":[{"href":"https:\/\/www.brundisium.net\/index.php\/wp-json\/wp\/v2\/types\/post"}],"author":[{"embeddable":true,"href":"https:\/\/www.brundisium.net\/index.php\/wp-json\/wp\/v2\/users\/2"}],"replies":[{"embeddable":true,"href":"https:\/\/www.brundisium.net\/index.php\/wp-json\/wp\/v2\/comments?post=111645"}],"version-history":[{"count":1,"href":"https:\/\/www.brundisium.net\/index.php\/wp-json\/wp\/v2\/posts\/111645\/revisions"}],"predecessor-version":[{"id":111647,"href":"https:\/\/www.brundisium.net\/index.php\/wp-json\/wp\/v2\/posts\/111645\/revisions\/111647"}],"wp:featuredmedia":[{"embeddable":true,"href":"https:\/\/www.brundisium.net\/index.php\/wp-json\/wp\/v2\/media\/111646"}],"wp:attachment":[{"href":"https:\/\/www.brundisium.net\/index.php\/wp-json\/wp\/v2\/media?parent=111645"}],"wp:term":[{"taxonomy":"category","embeddable":true,"href":"https:\/\/www.brundisium.net\/index.php\/wp-json\/wp\/v2\/categories?post=111645"},{"taxonomy":"post_tag","embeddable":true,"href":"https:\/\/www.brundisium.net\/index.php\/wp-json\/wp\/v2\/tags?post=111645"}],"curies":[{"name":"wp","href":"https:\/\/api.w.org\/{rel}","templated":true}]}}